{"id":14221,"date":"2021-01-22T17:10:12","date_gmt":"2021-01-22T16:10:12","guid":{"rendered":"https:\/\/factureestage.wpengine.com\/?p=14221"},"modified":"2025-05-15T17:38:26","modified_gmt":"2025-05-15T15:38:26","slug":"dia-de-las-ninas-2021","status":"publish","type":"post","link":"https:\/\/www.facturee.de\/es\/girls-day-2021\/","title":{"rendered":"Girls\u2019 Day D\u00eda del Futuro de las Ni\u00f1as 2021"},"content":{"rendered":"<div data-elementor-type=\"wp-post\" data-elementor-id=\"14221\" class=\"elementor elementor-14221\" data-elementor-post-type=\"post\">\n\t\t\t\t\t\t<section class=\"elementor-section elementor-top-section elementor-element elementor-element-160dae0 elementor-section-boxed elementor-section-height-default elementor-section-height-default\" data-id=\"160dae0\" data-element_type=\"section\" data-e-type=\"section\">\n\t\t\t\t\t\t<div class=\"elementor-container elementor-column-gap-default\">\n\t\t\t\t\t<div class=\"elementor-column elementor-col-100 elementor-top-column elementor-element elementor-element-0f69bf5\" data-id=\"0f69bf5\" data-element_type=\"column\" data-e-type=\"column\">\n\t\t\t<div class=\"elementor-widget-wrap elementor-element-populated\">\n\t\t\t\t\t\t<div class=\"elementor-element elementor-element-232bf67 elementor-widget elementor-widget-text-editor\" data-id=\"232bf67\" data-element_type=\"widget\" data-e-type=\"widget\" data-widget_type=\"text-editor.default\">\n\t\t\t\t<div class=\"elementor-widget-container\">\n\t\t\t\t\t\t\t\t\t<p>FACTUREE \u2013 El Fabricante Online participa de nuevo este a\u00f1o en el Girls' Day y ofrece a las j\u00f3venes interesadas una visi\u00f3n de las siguientes \u00e1reas de nuestro trabajo:<\/p><ul><li>Programaci\u00f3n (Frontend-Development)<\/li><li>Marketing Online<\/li><li>Log\u00edstica<\/li><li>Compras t\u00e9cnicas<\/li><\/ul><p>El Girls' Day tendr\u00e1 lugar este a\u00f1o el 22.04.2021 y se siguen aceptando solicitudes por correo o en la plataforma online del Girls' Day.<\/p><p>En funci\u00f3n de la evoluci\u00f3n de las cifras de contagio, el Girls' Day se celebrar\u00e1 este a\u00f1o de forma puramente digital o in situ con un concepto de higiene.<\/p>\t\t\t\t\t\t\t\t<\/div>\n\t\t\t\t<\/div>\n\t\t\t\t\t<\/div>\n\t\t<\/div>\n\t\t\t\t\t<\/div>\n\t\t<\/section>\n\t\t\t\t<\/div>","protected":false},"excerpt":{"rendered":"<p>FACTUREE - El Fabricante Online vuelve a participar este a\u00f1o en el D\u00eda del Futuro de las Ni\u00f1as (Girls\u2018 Day M\u00e4dchen-Zukunftstag)<\/p>","protected":false},"author":3,"featured_media":9193,"comment_status":"closed","ping_status":"closed","sticky":false,"template":"","format":"standard","meta":{"footnotes":""},"categories":[18],"tags":[],"class_list":["post-14221","post","type-post","status-publish","format-standard","has-post-thumbnail","hentry","category-csr"],"yoast_head":"<!-- This site is optimized with the Yoast SEO Premium plugin v26.1 (Yoast SEO v27.3) - https:\/\/yoast.com\/product\/yoast-seo-premium-wordpress\/ -->\n<title>Girls\u2019 Day M\u00e4dchen-Zukunftstag 2021 | FACTUREE \u2013 Der Online-Fertiger<\/title>\n<meta name=\"robots\" content=\"index, follow, max-snippet:-1, max-image-preview:large, max-video-preview:-1\" \/>\n<link rel=\"canonical\" href=\"https:\/\/www.facturee.de\/es\/dia-de-las-ninas-2021\/\" \/>\n<meta property=\"og:locale\" content=\"es_ES\" \/>\n<meta property=\"og:type\" content=\"article\" \/>\n<meta property=\"og:title\" content=\"Girls\u2019 Day M\u00e4dchen-Zukunftstag 2021\" \/>\n<meta property=\"og:description\" content=\"FACTUREE \u2013 Der Online-Fertiger nimmt auch dieses Jahr wieder am Girls\u2018 Day M\u00e4dchen-Zukunftstag teil\" \/>\n<meta property=\"og:url\" content=\"https:\/\/www.facturee.de\/es\/dia-de-las-ninas-2021\/\" \/>\n<meta property=\"og:site_name\" content=\"FACTUREE\" \/>\n<meta property=\"article:publisher\" content=\"https:\/\/www.facebook.com\/FACTUREE\/\" \/>\n<meta property=\"article:published_time\" content=\"2021-01-22T16:10:12+00:00\" \/>\n<meta property=\"article:modified_time\" content=\"2025-05-15T15:38:26+00:00\" \/>\n<meta property=\"og:image\" content=\"https:\/\/www.facturee.de\/wp-content\/uploads\/Kompetenzz_22159_siegel_gd_wir-machen-mit_domain.webp\" \/>\n\t<meta property=\"og:image:width\" content=\"1004\" \/>\n\t<meta property=\"og:image:height\" content=\"591\" \/>\n\t<meta property=\"og:image:type\" content=\"image\/jpeg\" \/>\n<meta name=\"author\" content=\"Benjamin Schwab\" \/>\n<meta name=\"twitter:card\" content=\"summary_large_image\" \/>\n<meta name=\"twitter:creator\" content=\"@FACTUREE_de\" \/>\n<meta name=\"twitter:site\" content=\"@FACTUREE_de\" \/>\n<script type=\"application\/ld+json\" class=\"yoast-schema-graph\">{\"@context\":\"https:\\\/\\\/schema.org\",\"@graph\":[{\"@type\":\"Article\",\"@id\":\"https:\\\/\\\/www.facturee.de\\\/girls-day-2021\\\/#article\",\"isPartOf\":{\"@id\":\"https:\\\/\\\/www.facturee.de\\\/girls-day-2021\\\/\"},\"author\":{\"name\":\"Benjamin Schwab\",\"@id\":\"https:\\\/\\\/www.facturee.de\\\/#\\\/schema\\\/person\\\/0bbb3d9ad0b5f2f81199c7c636b85a80\"},\"headline\":\"Girls\u2019 Day M\u00e4dchen-Zukunftstag 2021\",\"datePublished\":\"2021-01-22T16:10:12+00:00\",\"dateModified\":\"2025-05-15T15:38:26+00:00\",\"mainEntityOfPage\":{\"@id\":\"https:\\\/\\\/www.facturee.de\\\/girls-day-2021\\\/\"},\"wordCount\":84,\"publisher\":{\"@id\":\"https:\\\/\\\/www.facturee.de\\\/#organization\"},\"image\":{\"@id\":\"https:\\\/\\\/www.facturee.de\\\/girls-day-2021\\\/#primaryimage\"},\"thumbnailUrl\":\"https:\\\/\\\/www.facturee.de\\\/wp-content\\\/uploads\\\/Kompetenzz_22159_siegel_gd_wir-machen-mit_domain.webp\",\"articleSection\":[\"Engagement\"],\"inLanguage\":\"es\"},{\"@type\":\"WebPage\",\"@id\":\"https:\\\/\\\/www.facturee.de\\\/girls-day-2021\\\/\",\"url\":\"https:\\\/\\\/www.facturee.de\\\/girls-day-2021\\\/\",\"name\":\"Girls\u2019 Day M\u00e4dchen-Zukunftstag 2021 | FACTUREE \u2013 Der Online-Fertiger\",\"isPartOf\":{\"@id\":\"https:\\\/\\\/www.facturee.de\\\/#website\"},\"primaryImageOfPage\":{\"@id\":\"https:\\\/\\\/www.facturee.de\\\/girls-day-2021\\\/#primaryimage\"},\"image\":{\"@id\":\"https:\\\/\\\/www.facturee.de\\\/girls-day-2021\\\/#primaryimage\"},\"thumbnailUrl\":\"https:\\\/\\\/www.facturee.de\\\/wp-content\\\/uploads\\\/Kompetenzz_22159_siegel_gd_wir-machen-mit_domain.webp\",\"datePublished\":\"2021-01-22T16:10:12+00:00\",\"dateModified\":\"2025-05-15T15:38:26+00:00\",\"breadcrumb\":{\"@id\":\"https:\\\/\\\/www.facturee.de\\\/girls-day-2021\\\/#breadcrumb\"},\"inLanguage\":\"es\",\"potentialAction\":[{\"@type\":\"ReadAction\",\"target\":[\"https:\\\/\\\/www.facturee.de\\\/girls-day-2021\\\/\"]}]},{\"@type\":\"ImageObject\",\"inLanguage\":\"es\",\"@id\":\"https:\\\/\\\/www.facturee.de\\\/girls-day-2021\\\/#primaryimage\",\"url\":\"https:\\\/\\\/www.facturee.de\\\/wp-content\\\/uploads\\\/Kompetenzz_22159_siegel_gd_wir-machen-mit_domain.webp\",\"contentUrl\":\"https:\\\/\\\/www.facturee.de\\\/wp-content\\\/uploads\\\/Kompetenzz_22159_siegel_gd_wir-machen-mit_domain.webp\",\"width\":1004,\"height\":591,\"caption\":\"\u00a9 Kompetenzzentrum Technik-Diversity-Chancengleichheit e. V.\"},{\"@type\":\"BreadcrumbList\",\"@id\":\"https:\\\/\\\/www.facturee.de\\\/girls-day-2021\\\/#breadcrumb\",\"itemListElement\":[{\"@type\":\"ListItem\",\"position\":1,\"name\":\"Startseite\",\"item\":\"https:\\\/\\\/www.facturee.de\\\/\"},{\"@type\":\"ListItem\",\"position\":2,\"name\":\"Girls\u2019 Day M\u00e4dchen-Zukunftstag 2021\"}]},{\"@type\":\"WebSite\",\"@id\":\"https:\\\/\\\/www.facturee.de\\\/#website\",\"url\":\"https:\\\/\\\/www.facturee.de\\\/\",\"name\":\"FACTUREE\",\"description\":\"Der Online-Fertiger\",\"publisher\":{\"@id\":\"https:\\\/\\\/www.facturee.de\\\/#organization\"},\"potentialAction\":[{\"@type\":\"SearchAction\",\"target\":{\"@type\":\"EntryPoint\",\"urlTemplate\":\"https:\\\/\\\/www.facturee.de\\\/?s={search_term_string}\"},\"query-input\":{\"@type\":\"PropertyValueSpecification\",\"valueRequired\":true,\"valueName\":\"search_term_string\"}}],\"inLanguage\":\"es\"},{\"@type\":\"Organization\",\"@id\":\"https:\\\/\\\/www.facturee.de\\\/#organization\",\"name\":\"FACTUREE - Der Online Fertiger\",\"alternateName\":\"FACTUREE - der Online-Fertiger\",\"url\":\"https:\\\/\\\/www.facturee.de\\\/\",\"logo\":{\"@type\":\"ImageObject\",\"inLanguage\":\"es\",\"@id\":\"https:\\\/\\\/www.facturee.de\\\/#\\\/schema\\\/logo\\\/image\\\/\",\"url\":\"https:\\\/\\\/www.facturee.de\\\/wp-content\\\/uploads\\\/facturee-2000px.webp\",\"contentUrl\":\"https:\\\/\\\/www.facturee.de\\\/wp-content\\\/uploads\\\/facturee-2000px.webp\",\"width\":2000,\"height\":470,\"caption\":\"FACTUREE - Der Online Fertiger\"},\"image\":{\"@id\":\"https:\\\/\\\/www.facturee.de\\\/#\\\/schema\\\/logo\\\/image\\\/\"},\"sameAs\":[\"https:\\\/\\\/www.facebook.com\\\/FACTUREE\\\/\",\"https:\\\/\\\/x.com\\\/FACTUREE_de\",\"https:\\\/\\\/www.linkedin.com\\\/company\\\/12655397\\\/admin\\\/feed\\\/posts\\\/\",\"https:\\\/\\\/www.xing.com\\\/pages\\\/facturee-deronline-fertiger\"],\"email\":\"info@facturee.de\",\"telephone\":\"03062939390\",\"numberOfEmployees\":{\"@type\":\"QuantitativeValue\",\"minValue\":\"51\",\"maxValue\":\"200\"}},{\"@type\":\"Person\",\"@id\":\"https:\\\/\\\/www.facturee.de\\\/#\\\/schema\\\/person\\\/0bbb3d9ad0b5f2f81199c7c636b85a80\",\"name\":\"Benjamin Schwab\",\"image\":{\"@type\":\"ImageObject\",\"inLanguage\":\"es\",\"@id\":\"https:\\\/\\\/secure.gravatar.com\\\/avatar\\\/a7b423e9625fc02bd0ed9cc8d15896c6856aec670a97914e85289177328cd384?s=96&d=mm&r=g\",\"url\":\"https:\\\/\\\/secure.gravatar.com\\\/avatar\\\/a7b423e9625fc02bd0ed9cc8d15896c6856aec670a97914e85289177328cd384?s=96&d=mm&r=g\",\"contentUrl\":\"https:\\\/\\\/secure.gravatar.com\\\/avatar\\\/a7b423e9625fc02bd0ed9cc8d15896c6856aec670a97914e85289177328cd384?s=96&d=mm&r=g\",\"caption\":\"Benjamin Schwab\"}}]}<\/script>\n<!-- \/ Yoast SEO Premium plugin. -->","yoast_head_json":{"title":"Girls\u2019 Day D\u00eda del Futuro de las Ni\u00f1as 2021 | FACTUREE \u2013 El Fabricante Online","robots":{"index":"index","follow":"follow","max-snippet":"max-snippet:-1","max-image-preview":"max-image-preview:large","max-video-preview":"max-video-preview:-1"},"canonical":"https:\/\/www.facturee.de\/es\/dia-de-las-ninas-2021\/","og_locale":"es_ES","og_type":"article","og_title":"Girls\u2019 Day M\u00e4dchen-Zukunftstag 2021","og_description":"FACTUREE \u2013 Der Online-Fertiger nimmt auch dieses Jahr wieder am Girls\u2018 Day M\u00e4dchen-Zukunftstag teil","og_url":"https:\/\/www.facturee.de\/es\/dia-de-las-ninas-2021\/","og_site_name":"FACTUREE","article_publisher":"https:\/\/www.facebook.com\/FACTUREE\/","article_published_time":"2021-01-22T16:10:12+00:00","article_modified_time":"2025-05-15T15:38:26+00:00","og_image":[{"width":1004,"height":591,"url":"https:\/\/www.facturee.de\/wp-content\/uploads\/Kompetenzz_22159_siegel_gd_wir-machen-mit_domain.webp","type":"image\/jpeg"}],"author":"Benjamin Schwab","twitter_card":"summary_large_image","twitter_creator":"@FACTUREE_de","twitter_site":"@FACTUREE_de","schema":{"@context":"https:\/\/schema.org","@graph":[{"@type":"Article","@id":"https:\/\/www.facturee.de\/girls-day-2021\/#article","isPartOf":{"@id":"https:\/\/www.facturee.de\/girls-day-2021\/"},"author":{"name":"Benjamin Schwab","@id":"https:\/\/www.facturee.de\/#\/schema\/person\/0bbb3d9ad0b5f2f81199c7c636b85a80"},"headline":"Girls\u2019 Day M\u00e4dchen-Zukunftstag 2021","datePublished":"2021-01-22T16:10:12+00:00","dateModified":"2025-05-15T15:38:26+00:00","mainEntityOfPage":{"@id":"https:\/\/www.facturee.de\/girls-day-2021\/"},"wordCount":84,"publisher":{"@id":"https:\/\/www.facturee.de\/#organization"},"image":{"@id":"https:\/\/www.facturee.de\/girls-day-2021\/#primaryimage"},"thumbnailUrl":"https:\/\/www.facturee.de\/wp-content\/uploads\/Kompetenzz_22159_siegel_gd_wir-machen-mit_domain.webp","articleSection":["Engagement"],"inLanguage":"es"},{"@type":"WebPage","@id":"https:\/\/www.facturee.de\/girls-day-2021\/","url":"https:\/\/www.facturee.de\/girls-day-2021\/","name":"Girls\u2019 Day D\u00eda del Futuro de las Ni\u00f1as 2021 | FACTUREE \u2013 El Fabricante Online","isPartOf":{"@id":"https:\/\/www.facturee.de\/#website"},"primaryImageOfPage":{"@id":"https:\/\/www.facturee.de\/girls-day-2021\/#primaryimage"},"image":{"@id":"https:\/\/www.facturee.de\/girls-day-2021\/#primaryimage"},"thumbnailUrl":"https:\/\/www.facturee.de\/wp-content\/uploads\/Kompetenzz_22159_siegel_gd_wir-machen-mit_domain.webp","datePublished":"2021-01-22T16:10:12+00:00","dateModified":"2025-05-15T15:38:26+00:00","breadcrumb":{"@id":"https:\/\/www.facturee.de\/girls-day-2021\/#breadcrumb"},"inLanguage":"es","potentialAction":[{"@type":"ReadAction","target":["https:\/\/www.facturee.de\/girls-day-2021\/"]}]},{"@type":"ImageObject","inLanguage":"es","@id":"https:\/\/www.facturee.de\/girls-day-2021\/#primaryimage","url":"https:\/\/www.facturee.de\/wp-content\/uploads\/Kompetenzz_22159_siegel_gd_wir-machen-mit_domain.webp","contentUrl":"https:\/\/www.facturee.de\/wp-content\/uploads\/Kompetenzz_22159_siegel_gd_wir-machen-mit_domain.webp","width":1004,"height":591,"caption":"\u00a9 Kompetenzzentrum Technik-Diversity-Chancengleichheit e. V."},{"@type":"BreadcrumbList","@id":"https:\/\/www.facturee.de\/girls-day-2021\/#breadcrumb","itemListElement":[{"@type":"ListItem","position":1,"name":"Startseite","item":"https:\/\/www.facturee.de\/"},{"@type":"ListItem","position":2,"name":"Girls\u2019 Day M\u00e4dchen-Zukunftstag 2021"}]},{"@type":"WebSite","@id":"https:\/\/www.facturee.de\/#website","url":"https:\/\/www.facturee.de\/","name":"FACTUREE","description":"El Fabricante Online","publisher":{"@id":"https:\/\/www.facturee.de\/#organization"},"potentialAction":[{"@type":"SearchAction","target":{"@type":"EntryPoint","urlTemplate":"https:\/\/www.facturee.de\/?s={search_term_string}"},"query-input":{"@type":"PropertyValueSpecification","valueRequired":true,"valueName":"search_term_string"}}],"inLanguage":"es"},{"@type":"Organization","@id":"https:\/\/www.facturee.de\/#organization","name":"FACTUREE - La pavimentadora en l\u00ednea","alternateName":"FACTUREE - der Online-Fertiger","url":"https:\/\/www.facturee.de\/","logo":{"@type":"ImageObject","inLanguage":"es","@id":"https:\/\/www.facturee.de\/#\/schema\/logo\/image\/","url":"https:\/\/www.facturee.de\/wp-content\/uploads\/facturee-2000px.webp","contentUrl":"https:\/\/www.facturee.de\/wp-content\/uploads\/facturee-2000px.webp","width":2000,"height":470,"caption":"FACTUREE - Der Online Fertiger"},"image":{"@id":"https:\/\/www.facturee.de\/#\/schema\/logo\/image\/"},"sameAs":["https:\/\/www.facebook.com\/FACTUREE\/","https:\/\/x.com\/FACTUREE_de","https:\/\/www.linkedin.com\/company\/12655397\/admin\/feed\/posts\/","https:\/\/www.xing.com\/pages\/facturee-deronline-fertiger"],"email":"info@facturee.de","telephone":"03062939390","numberOfEmployees":{"@type":"QuantitativeValue","minValue":"51","maxValue":"200"}},{"@type":"Person","@id":"https:\/\/www.facturee.de\/#\/schema\/person\/0bbb3d9ad0b5f2f81199c7c636b85a80","name":"Benjamin Schwab","image":{"@type":"ImageObject","inLanguage":"es","@id":"https:\/\/secure.gravatar.com\/avatar\/a7b423e9625fc02bd0ed9cc8d15896c6856aec670a97914e85289177328cd384?s=96&d=mm&r=g","url":"https:\/\/secure.gravatar.com\/avatar\/a7b423e9625fc02bd0ed9cc8d15896c6856aec670a97914e85289177328cd384?s=96&d=mm&r=g","contentUrl":"https:\/\/secure.gravatar.com\/avatar\/a7b423e9625fc02bd0ed9cc8d15896c6856aec670a97914e85289177328cd384?s=96&d=mm&r=g","caption":"Benjamin Schwab"}}]}},"_links":{"self":[{"href":"https:\/\/www.facturee.de\/es\/wp-json\/wp\/v2\/posts\/14221","targetHints":{"allow":["GET"]}}],"collection":[{"href":"https:\/\/www.facturee.de\/es\/wp-json\/wp\/v2\/posts"}],"about":[{"href":"https:\/\/www.facturee.de\/es\/wp-json\/wp\/v2\/types\/post"}],"author":[{"embeddable":true,"href":"https:\/\/www.facturee.de\/es\/wp-json\/wp\/v2\/users\/3"}],"replies":[{"embeddable":true,"href":"https:\/\/www.facturee.de\/es\/wp-json\/wp\/v2\/comments?post=14221"}],"version-history":[{"count":0,"href":"https:\/\/www.facturee.de\/es\/wp-json\/wp\/v2\/posts\/14221\/revisions"}],"wp:featuredmedia":[{"embeddable":true,"href":"https:\/\/www.facturee.de\/es\/wp-json\/wp\/v2\/media\/9193"}],"wp:attachment":[{"href":"https:\/\/www.facturee.de\/es\/wp-json\/wp\/v2\/media?parent=14221"}],"wp:term":[{"taxonomy":"category","embeddable":true,"href":"https:\/\/www.facturee.de\/es\/wp-json\/wp\/v2\/categories?post=14221"},{"taxonomy":"post_tag","embeddable":true,"href":"https:\/\/www.facturee.de\/es\/wp-json\/wp\/v2\/tags?post=14221"}],"curies":[{"name":"wp","href":"https:\/\/api.w.org\/{rel}","templated":true}]}}