{"id":25432,"date":"2023-08-21T11:36:48","date_gmt":"2023-08-21T09:36:48","guid":{"rendered":"https:\/\/factureestage.wpengine.com\/?p=25432"},"modified":"2025-05-15T17:52:24","modified_gmt":"2025-05-15T15:52:24","slug":"entrevista-de-berlin-partner-con-moritz-koenig","status":"publish","type":"post","link":"https:\/\/www.facturee.de\/es\/interview-von-berlin-partner-mit-moritz-koenig\/","title":{"rendered":"Entrevista de Berlin Partner con Moritz K\u00f6nig, Director General de FACTUREE"},"content":{"rendered":"<div data-elementor-type=\"wp-post\" data-elementor-id=\"25432\" class=\"elementor elementor-25432\" data-elementor-post-type=\"post\">\n\t\t\t\t\t\t<section class=\"elementor-section elementor-top-section elementor-element elementor-element-6bf1b04 elementor-section-boxed elementor-section-height-default elementor-section-height-default\" data-id=\"6bf1b04\" data-element_type=\"section\" data-e-type=\"section\">\n\t\t\t\t\t\t<div class=\"elementor-container elementor-column-gap-default\">\n\t\t\t\t\t<div class=\"elementor-column elementor-col-100 elementor-top-column elementor-element elementor-element-187f512\" data-id=\"187f512\" data-element_type=\"column\" data-e-type=\"column\">\n\t\t\t<div class=\"elementor-widget-wrap elementor-element-populated\">\n\t\t\t\t\t\t<div class=\"elementor-element elementor-element-e40d891 elementor-widget elementor-widget-text-editor\" data-id=\"e40d891\" data-element_type=\"widget\" data-e-type=\"widget\" data-widget_type=\"text-editor.default\">\n\t\t\t\t<div class=\"elementor-widget-container\">\n\t\t\t\t\t\t\t\t\t<p class=\"translation-block\"><strong>Como asociaci\u00f3n p\u00fablico-privada para la promoci\u00f3n empresarial y tecnol\u00f3gica en el estado de Berl\u00edn, <a href=\"https:\/\/www.berlin-partner.de\/en\" target=\"_blank\" rel=\"noopener\">Berlin Partner<\/a> tambi\u00e9n ha apoyado fuertemente a FACTUREE.  En la siguiente entrevista de Berlin Partner, Moritz K\u00f6nig, director general de FACTUREE, da una idea de la cooperaci\u00f3n y presenta al Fabricante Online.<\/strong><\/p>\t\t\t\t\t\t\t\t<\/div>\n\t\t\t\t<\/div>\n\t\t\t\t\t<\/div>\n\t\t<\/div>\n\t\t\t\t\t<\/div>\n\t\t<\/section>\n\t\t\t\t<section class=\"elementor-section elementor-top-section elementor-element elementor-element-48b7c9b elementor-section-boxed elementor-section-height-default elementor-section-height-default\" data-id=\"48b7c9b\" data-element_type=\"section\" data-e-type=\"section\">\n\t\t\t\t\t\t<div class=\"elementor-container elementor-column-gap-default\">\n\t\t\t\t\t<div class=\"elementor-column elementor-col-100 elementor-top-column elementor-element elementor-element-7f4c473\" data-id=\"7f4c473\" data-element_type=\"column\" data-e-type=\"column\">\n\t\t\t<div class=\"elementor-widget-wrap elementor-element-populated\">\n\t\t\t\t\t\t<div class=\"elementor-element elementor-element-b84b251 elementor-widget elementor-widget-text-editor\" data-id=\"b84b251\" data-element_type=\"widget\" data-e-type=\"widget\" data-widget_type=\"text-editor.default\">\n\t\t\t\t<div class=\"elementor-widget-container\">\n\t\t\t\t\t\t\t\t\t<p><strong>Para quienes no conozcan su empresa, \u00bfen qu\u00e9 consiste?<\/strong><\/p><p>Nuestro nombre completo es FACTUREE - El Fabricante Online. En 2017, nos preguntamos c\u00f3mo hacer que la adquisici\u00f3n de componentes  fuera m\u00e1s f\u00e1cil, r\u00e1pida y preparada para el futuro. Nuestra respuesta es la fabricaci\u00f3n online. Nuestro concepto se basa en la digitalizaci\u00f3n, la automatizaci\u00f3n y la conexi\u00f3n en red. Esto significa que contamos con una red de producci\u00f3n de unos 2.000 socios de casi todos los sectores, incluidos el mecanizado CNC, la elaboraci\u00f3n de chapas met\u00e1licas, la impresi\u00f3n 3D, los procesos de fundici\u00f3n, tratamientos de superficies y el montaje de componentes. Alrededor de 15.000 m\u00e1quinas est\u00e1n constantemente disponibles para proyectos. Esto significa que ofrecemos el espectro de fabricaci\u00f3n m\u00e1s amplio del mercado y capacidades casi ilimitadas. Con FACTUREE se pueden realizar producciones en serie peque\u00f1as y grandes, pero tambi\u00e9n proyectos de prototipos.<\/p><p>Para cada proyecto, utilizamos la IA para seleccionar el fabricante m\u00e1s adecuado en t\u00e9rminos de calidad, precio y plazo de entrega. El proceso de solicitud est\u00e1 parcialmente automatizado. Con nuestra nueva herramienta de solicitud, por ejemplo, se pueden pedir noventa y nueve posiciones en menos de un minuto. Una vez que FACTUREE ha recibido la solicitud, se prepara el presupuesto en poco tiempo.<\/p><p>Nuestros clientes reciben todo de una \u00fanica fuente. S\u00f3lo nos tienen a nosotros como interfaz y \u00fanico socio contractual. No tienen que buscar proveedores, cualificarlos e incorporarlos. Los responsables de compras se ven as\u00ed aliviados al m\u00e1ximo y pueden centrarse en otras tareas. Adem\u00e1s, pueden estar seguros de que siempre estamos en condiciones de suministrar gracias a nuestra amplia red. Como l\u00edderes en precios, tambi\u00e9n ofrecemos las mejores condiciones: en una \u00e9poca en la que los compradores son cada vez m\u00e1s sensibles a los precios, esto es una ventaja decisiva.<\/p><p><strong>\u00bfC\u00f3mo apoy\u00f3 Berlin Partner su viaje?<\/strong><\/p><p>Berlin Partner nos ha apoyado de muchas maneras. Destaca especialmente su valioso asesoramiento a la hora de solicitar financiaci\u00f3n, que asciende a m\u00e1s de cuatro millones. Esto nos ha permitido seguir adelante con nuestros proyectos y desarrollar nuevos potenciales de negocio.<\/p><p class=\"translation-block\">Tambi\u00e9n contamos con Berlin Partner para la contrataci\u00f3n de profesionales internacionales. Entre otras cosas, a trav\u00e9s del <a href=\"https:\/\/www.businesslocationcenter.de\/en\/our-services\/bis-business-immigration-service\" target=\"_blank\" rel=\"noopener\">Servicio de Inmigraci\u00f3n Empresarial<\/a> y la provisi\u00f3n de valiosos contactos, por ejemplo en eventos como Viva Tech y London Tech, donde formamos parte de la delegaci\u00f3n alemana - con la mediaci\u00f3n de Berlin Partner.<\/p><p>Estamos muy agradecidos por el apoyo de Berlin Partner y apreciamos su gran compromiso, que contribuye a hacer realidad nuestros objetivos de crecimiento -tanto econ\u00f3mico como de personal- y a reforzar nuestro poder innovador.<\/p><p><strong>\u00bfCu\u00e1l es la visi\u00f3n de su empresa?<\/strong><\/p><p>Nuestro objetivo es convertirnos en EL Fabricante Online de todo el mundo y, por tanto, en la primera direcci\u00f3n para componentes de todo tipo. Queremos que todo comprador que necesite piezas y desee una forma sencilla de adquisici\u00f3n piense ante todo en FACTUREE. Este es sin duda un objetivo ambicioso, pero estamos convencidos de que es factible. Hasta ahora, hemos construido FACTUREE por nuestra cuenta, es decir, con nuestros propios medios. Empezamos con \u00e9xito hace unos 6 a\u00f1os sin inversores y hoy facturamos millones de dos d\u00edgitos, con tasas de crecimiento actuales de alrededor del 100% anual.<\/p><p>La estrategia de autosuficiencia nos ha planteado sin duda retos \u00fanicos, pero tambi\u00e9n nos ha hecho trabajar de forma eficiente y centrada. Al depender de nuestros propios recursos y aspirar a la independencia financiera, somos m\u00e1s \u00e1giles y capaces de responder m\u00e1s r\u00e1pidamente a los cambios. Este enfoque nos ha permitido desarrollar nuestra propia identidad y cultura corporativa, y nos ha permitido aumentar nuestra tasa de crecimiento y nuestros beneficios a un ritmo sostenible. Al mismo tiempo, hemos aprendido valiosas lecciones de eficiencia y prioridades que nos beneficiar\u00e1n a largo plazo.<\/p><p>Por supuesto, queremos seguir creciendo y expandi\u00e9ndonos org\u00e1nicamente. Esto incluye ampliar nuestro equipo para proporcionar los conocimientos t\u00e9cnicos y la capacidad necesarios para hacer frente a la creciente demanda y ampliar nuestra base de clientes.<\/p><p><strong>\u00bfQu\u00e9 hace que Berl\u00edn sea tan especial para usted como fundador?<\/strong><\/p><p>Berl\u00edn cuenta con una rica cantera de talentos locales. Esto representa una enorme ventaja de localizaci\u00f3n para nosotros. Esto nos permite reunir un equipo extremadamente competente que contribuye significativamente al \u00e9xito de nuestra empresa. Aunque el panorama de las startups y los inversores desempe\u00f1a sin duda un papel importante en el entorno empresarial, debemos subrayar que, como empresa autofinanciada, adoptamos un enfoque diferente. Para nosotros, la atenci\u00f3n se centra en desarrollar nuestros recursos internamente y construir sobre nuestra propia fuerza. Esto no significa que ignoremos la importancia de los inversores y las start-ups, sino que nos centramos en nuestra capacidad empresarial y en la v\u00eda del crecimiento org\u00e1nico.<\/p><p><b>\u00bfC\u00f3mo encontr\u00f3 nuevos colaboradores para su equipo?<\/b><\/p><p><span style=\"font-size: 1rem;\">Estamos orgullosos de presentarnos como un empleador extremadamente atractivo, incluso en medio de la escasez de personal cualificado. En general, estamos convencidos de que nuestras inversiones en el bienestar de nuestros empleados desempe\u00f1an un papel crucial para garantizar que no tengamos graves problemas para encontrar empleados cualificados a pesar de la escasez de personal cualificado. Como empleadores, comprendemos las necesidades de nuestros empleados y creamos un entorno en el que puedan desarrollar su talento y sentirse bien a largo plazo.<\/span><\/p><p>Una de las principales razones de ello es nuestra constante atenci\u00f3n a la satisfacci\u00f3n de nuestros empleados. Concedemos gran importancia a una retribuci\u00f3n justa. Adem\u00e1s, ofrecemos una serie de prestaciones que van mucho m\u00e1s all\u00e1 de lo habitual. Por ejemplo, tenemos un chef que nos trae deliciosos platos a la mesa cada mediod\u00eda, y eso, por cierto, completamente a cuenta de la empresa.<\/p><p>El trabajo no debe ser s\u00f3lo una tarea, sino tambi\u00e9n aportar alegr\u00eda y realizaci\u00f3n. Nuestra gesti\u00f3n de la felicidad garantiza la creaci\u00f3n de un entorno de trabajo motivador y positivo que fomenta el desarrollo personal y profesional.<\/p><p><b>\u00bfPor qu\u00e9 su empresa es tambi\u00e9n interesante para otras empresas berlinesas?<\/b><\/p><p>Nuestra empresa FACTUREE es muy interesante para las empresas manufactureras de Berl\u00edn, especialmente para las start-ups de hardware. Ofrecemos la soluci\u00f3n ideal para aliviar a las empresas j\u00f3venes que necesitan utilizar sus recursos de manera eficiente y permitirles concentrarse plenamente en su actividad principal.<\/p><p>Como Fabricante Online, entendemos los retos a los que se enfrentan las start-ups de hardware y nuestros servicios est\u00e1n dise\u00f1ados para quitarles la carga administrativa de encima. Desde el aprovisionamiento de materiales hasta la producci\u00f3n y la log\u00edstica, nos encargamos de todo el proceso de fabricaci\u00f3n para que las startups puedan dedicar su valioso tiempo y energ\u00eda a impulsar sus ideas innovadoras y desarrollar a\u00fan m\u00e1s sus modelos de negocio.<\/p><p>Nuestros conocimientos y experiencia nos permiten trabajar de forma eficaz y rentable, lo que resulta muy valioso sobre todo para empresas j\u00f3venes con presupuestos limitados.\u00a0<\/p><p>Como empresa con sede en Berl\u00edn, tambi\u00e9n entendemos la cultura empresarial local y la din\u00e1mica de la escena de las start-ups, lo que nos da una clara ventaja competitiva. Adem\u00e1s, la proximidad geogr\u00e1fica nos permite trabajar juntos sin problemas y prestar apoyo personal a nuestros clientes.<\/p>\t\t\t\t\t\t\t\t<\/div>\n\t\t\t\t<\/div>\n\t\t\t\t\t<\/div>\n\t\t<\/div>\n\t\t\t\t\t<\/div>\n\t\t<\/section>\n\t\t\t\t<\/div>","protected":false},"excerpt":{"rendered":"<p>Como asociaci\u00f3n p\u00fablico-privada para la promoci\u00f3n empresarial y tecnol\u00f3gica en el estado de Berl\u00edn, Berlin Partner tambi\u00e9n ha apoyado fuertemente a FACTUREE. En la siguiente entrevista de Berlin Partner, Moritz K\u00f6nig, director general de FACTUREE, da una idea de la cooperaci\u00f3n y presenta al Fabricante Online.<\/p>","protected":false},"author":3,"featured_media":25433,"comment_status":"closed","ping_status":"closed","sticky":false,"template":"","format":"standard","meta":{"footnotes":""},"categories":[7],"tags":[],"class_list":["post-25432","post","type-post","status-publish","format-standard","has-post-thumbnail","hentry","category-news"],"yoast_head":"<!-- This site is optimized with the Yoast SEO Premium plugin v26.1 (Yoast SEO v27.3) - https:\/\/yoast.com\/product\/yoast-seo-premium-wordpress\/ -->\n<title>Interview von Berlin Partner mit Moritz K\u00f6nig, CEO bei FACTUREE | FACTUREE \u2013 Der Online-Fertiger<\/title>\n<meta name=\"description\" content=\"Als \u00f6ffentlich-private Partnerschaft zur Wirtschafts- und Technologief\u00f6rderung im Land Berlin hat Berlin Partner auch FACTUREE stark unterst\u00fctzt.\" \/>\n<meta name=\"robots\" content=\"index, follow, max-snippet:-1, max-image-preview:large, max-video-preview:-1\" \/>\n<link rel=\"canonical\" href=\"https:\/\/www.facturee.de\/es\/entrevista-de-berlin-partner-con-moritz-koenig\/\" \/>\n<meta property=\"og:locale\" content=\"es_ES\" \/>\n<meta property=\"og:type\" content=\"article\" \/>\n<meta property=\"og:title\" content=\"Interview von Berlin Partner mit Moritz K\u00f6nig, CEO bei FACTUREE\" \/>\n<meta property=\"og:description\" content=\"Als \u00f6ffentlich-private Partnerschaft zur Wirtschafts- und Technologief\u00f6rderung im Land Berlin hat Berlin Partner auch FACTUREE stark unterst\u00fctzt.\" \/>\n<meta property=\"og:url\" content=\"https:\/\/www.facturee.de\/es\/entrevista-de-berlin-partner-con-moritz-koenig\/\" \/>\n<meta property=\"og:site_name\" content=\"FACTUREE\" \/>\n<meta property=\"article:publisher\" content=\"https:\/\/www.facebook.com\/FACTUREE\/\" \/>\n<meta property=\"article:published_time\" content=\"2023-08-21T09:36:48+00:00\" \/>\n<meta property=\"article:modified_time\" content=\"2025-05-15T15:52:24+00:00\" \/>\n<meta property=\"og:image\" content=\"https:\/\/www.facturee.de\/wp-content\/uploads\/Moritz-Koenig-CEO-FACTUREE-.webp\" \/>\n\t<meta property=\"og:image:width\" content=\"1200\" \/>\n\t<meta property=\"og:image:height\" content=\"800\" \/>\n\t<meta property=\"og:image:type\" content=\"image\/jpeg\" \/>\n<meta name=\"author\" content=\"Benjamin Schwab\" \/>\n<meta name=\"twitter:card\" content=\"summary_large_image\" \/>\n<meta name=\"twitter:creator\" content=\"@FACTUREE_de\" \/>\n<meta name=\"twitter:site\" content=\"@FACTUREE_de\" \/>\n<script type=\"application\/ld+json\" class=\"yoast-schema-graph\">{\"@context\":\"https:\\\/\\\/schema.org\",\"@graph\":[{\"@type\":\"Article\",\"@id\":\"https:\\\/\\\/www.facturee.de\\\/interview-von-berlin-partner-mit-moritz-koenig\\\/#article\",\"isPartOf\":{\"@id\":\"https:\\\/\\\/www.facturee.de\\\/interview-von-berlin-partner-mit-moritz-koenig\\\/\"},\"author\":{\"name\":\"Benjamin Schwab\",\"@id\":\"https:\\\/\\\/www.facturee.de\\\/#\\\/schema\\\/person\\\/0bbb3d9ad0b5f2f81199c7c636b85a80\"},\"headline\":\"Interview von Berlin Partner mit Moritz K\u00f6nig, CEO bei FACTUREE\",\"datePublished\":\"2023-08-21T09:36:48+00:00\",\"dateModified\":\"2025-05-15T15:52:24+00:00\",\"mainEntityOfPage\":{\"@id\":\"https:\\\/\\\/www.facturee.de\\\/interview-von-berlin-partner-mit-moritz-koenig\\\/\"},\"wordCount\":1168,\"publisher\":{\"@id\":\"https:\\\/\\\/www.facturee.de\\\/#organization\"},\"image\":{\"@id\":\"https:\\\/\\\/www.facturee.de\\\/interview-von-berlin-partner-mit-moritz-koenig\\\/#primaryimage\"},\"thumbnailUrl\":\"https:\\\/\\\/www.facturee.de\\\/wp-content\\\/uploads\\\/Moritz-Koenig-CEO-FACTUREE-.webp\",\"articleSection\":[\"Neuigkeiten\"],\"inLanguage\":\"es\"},{\"@type\":\"WebPage\",\"@id\":\"https:\\\/\\\/www.facturee.de\\\/interview-von-berlin-partner-mit-moritz-koenig\\\/\",\"url\":\"https:\\\/\\\/www.facturee.de\\\/interview-von-berlin-partner-mit-moritz-koenig\\\/\",\"name\":\"Interview von Berlin Partner mit Moritz K\u00f6nig, CEO bei FACTUREE | FACTUREE \u2013 Der Online-Fertiger\",\"isPartOf\":{\"@id\":\"https:\\\/\\\/www.facturee.de\\\/#website\"},\"primaryImageOfPage\":{\"@id\":\"https:\\\/\\\/www.facturee.de\\\/interview-von-berlin-partner-mit-moritz-koenig\\\/#primaryimage\"},\"image\":{\"@id\":\"https:\\\/\\\/www.facturee.de\\\/interview-von-berlin-partner-mit-moritz-koenig\\\/#primaryimage\"},\"thumbnailUrl\":\"https:\\\/\\\/www.facturee.de\\\/wp-content\\\/uploads\\\/Moritz-Koenig-CEO-FACTUREE-.webp\",\"datePublished\":\"2023-08-21T09:36:48+00:00\",\"dateModified\":\"2025-05-15T15:52:24+00:00\",\"description\":\"Als \u00f6ffentlich-private Partnerschaft zur Wirtschafts- und Technologief\u00f6rderung im Land Berlin hat Berlin Partner auch FACTUREE stark unterst\u00fctzt.\",\"breadcrumb\":{\"@id\":\"https:\\\/\\\/www.facturee.de\\\/interview-von-berlin-partner-mit-moritz-koenig\\\/#breadcrumb\"},\"inLanguage\":\"es\",\"potentialAction\":[{\"@type\":\"ReadAction\",\"target\":[\"https:\\\/\\\/www.facturee.de\\\/interview-von-berlin-partner-mit-moritz-koenig\\\/\"]}]},{\"@type\":\"ImageObject\",\"inLanguage\":\"es\",\"@id\":\"https:\\\/\\\/www.facturee.de\\\/interview-von-berlin-partner-mit-moritz-koenig\\\/#primaryimage\",\"url\":\"https:\\\/\\\/www.facturee.de\\\/wp-content\\\/uploads\\\/Moritz-Koenig-CEO-FACTUREE-.webp\",\"contentUrl\":\"https:\\\/\\\/www.facturee.de\\\/wp-content\\\/uploads\\\/Moritz-Koenig-CEO-FACTUREE-.webp\",\"width\":1200,\"height\":800,\"caption\":\"Moritz K\u00f6nig, CEO bei FACTUREE\"},{\"@type\":\"BreadcrumbList\",\"@id\":\"https:\\\/\\\/www.facturee.de\\\/interview-von-berlin-partner-mit-moritz-koenig\\\/#breadcrumb\",\"itemListElement\":[{\"@type\":\"ListItem\",\"position\":1,\"name\":\"Startseite\",\"item\":\"https:\\\/\\\/www.facturee.de\\\/\"},{\"@type\":\"ListItem\",\"position\":2,\"name\":\"Interview von Berlin Partner mit Moritz K\u00f6nig, CEO bei FACTUREE\"}]},{\"@type\":\"WebSite\",\"@id\":\"https:\\\/\\\/www.facturee.de\\\/#website\",\"url\":\"https:\\\/\\\/www.facturee.de\\\/\",\"name\":\"FACTUREE\",\"description\":\"Der Online-Fertiger\",\"publisher\":{\"@id\":\"https:\\\/\\\/www.facturee.de\\\/#organization\"},\"potentialAction\":[{\"@type\":\"SearchAction\",\"target\":{\"@type\":\"EntryPoint\",\"urlTemplate\":\"https:\\\/\\\/www.facturee.de\\\/?s={search_term_string}\"},\"query-input\":{\"@type\":\"PropertyValueSpecification\",\"valueRequired\":true,\"valueName\":\"search_term_string\"}}],\"inLanguage\":\"es\"},{\"@type\":\"Organization\",\"@id\":\"https:\\\/\\\/www.facturee.de\\\/#organization\",\"name\":\"FACTUREE - Der Online Fertiger\",\"alternateName\":\"FACTUREE - der Online-Fertiger\",\"url\":\"https:\\\/\\\/www.facturee.de\\\/\",\"logo\":{\"@type\":\"ImageObject\",\"inLanguage\":\"es\",\"@id\":\"https:\\\/\\\/www.facturee.de\\\/#\\\/schema\\\/logo\\\/image\\\/\",\"url\":\"https:\\\/\\\/www.facturee.de\\\/wp-content\\\/uploads\\\/facturee-2000px.webp\",\"contentUrl\":\"https:\\\/\\\/www.facturee.de\\\/wp-content\\\/uploads\\\/facturee-2000px.webp\",\"width\":2000,\"height\":470,\"caption\":\"FACTUREE - Der Online Fertiger\"},\"image\":{\"@id\":\"https:\\\/\\\/www.facturee.de\\\/#\\\/schema\\\/logo\\\/image\\\/\"},\"sameAs\":[\"https:\\\/\\\/www.facebook.com\\\/FACTUREE\\\/\",\"https:\\\/\\\/x.com\\\/FACTUREE_de\",\"https:\\\/\\\/www.linkedin.com\\\/company\\\/12655397\\\/admin\\\/feed\\\/posts\\\/\",\"https:\\\/\\\/www.xing.com\\\/pages\\\/facturee-deronline-fertiger\"],\"email\":\"info@facturee.de\",\"telephone\":\"03062939390\",\"numberOfEmployees\":{\"@type\":\"QuantitativeValue\",\"minValue\":\"51\",\"maxValue\":\"200\"}},{\"@type\":\"Person\",\"@id\":\"https:\\\/\\\/www.facturee.de\\\/#\\\/schema\\\/person\\\/0bbb3d9ad0b5f2f81199c7c636b85a80\",\"name\":\"Benjamin Schwab\",\"image\":{\"@type\":\"ImageObject\",\"inLanguage\":\"es\",\"@id\":\"https:\\\/\\\/secure.gravatar.com\\\/avatar\\\/a7b423e9625fc02bd0ed9cc8d15896c6856aec670a97914e85289177328cd384?s=96&d=mm&r=g\",\"url\":\"https:\\\/\\\/secure.gravatar.com\\\/avatar\\\/a7b423e9625fc02bd0ed9cc8d15896c6856aec670a97914e85289177328cd384?s=96&d=mm&r=g\",\"contentUrl\":\"https:\\\/\\\/secure.gravatar.com\\\/avatar\\\/a7b423e9625fc02bd0ed9cc8d15896c6856aec670a97914e85289177328cd384?s=96&d=mm&r=g\",\"caption\":\"Benjamin Schwab\"}}]}<\/script>\n<!-- \/ Yoast SEO Premium plugin. -->","yoast_head_json":{"title":"Entrevista de Berlin Partner con Moritz K\u00f6nig, Director General de FACTUREE l FACTUREE - El Fabricante Online","description":"Como asociaci\u00f3n p\u00fablico-privada para la promoci\u00f3n empresarial y tecnol\u00f3gica en el estado de Berl\u00edn, Berlin Partner tambi\u00e9n ha apoyado fuertemente a FACTUREE.","robots":{"index":"index","follow":"follow","max-snippet":"max-snippet:-1","max-image-preview":"max-image-preview:large","max-video-preview":"max-video-preview:-1"},"canonical":"https:\/\/www.facturee.de\/es\/entrevista-de-berlin-partner-con-moritz-koenig\/","og_locale":"es_ES","og_type":"article","og_title":"Interview von Berlin Partner mit Moritz K\u00f6nig, CEO bei FACTUREE","og_description":"Als \u00f6ffentlich-private Partnerschaft zur Wirtschafts- und Technologief\u00f6rderung im Land Berlin hat Berlin Partner auch FACTUREE stark unterst\u00fctzt.","og_url":"https:\/\/www.facturee.de\/es\/entrevista-de-berlin-partner-con-moritz-koenig\/","og_site_name":"FACTUREE","article_publisher":"https:\/\/www.facebook.com\/FACTUREE\/","article_published_time":"2023-08-21T09:36:48+00:00","article_modified_time":"2025-05-15T15:52:24+00:00","og_image":[{"width":1200,"height":800,"url":"https:\/\/www.facturee.de\/wp-content\/uploads\/Moritz-Koenig-CEO-FACTUREE-.webp","type":"image\/jpeg"}],"author":"Benjamin Schwab","twitter_card":"summary_large_image","twitter_creator":"@FACTUREE_de","twitter_site":"@FACTUREE_de","schema":{"@context":"https:\/\/schema.org","@graph":[{"@type":"Article","@id":"https:\/\/www.facturee.de\/interview-von-berlin-partner-mit-moritz-koenig\/#article","isPartOf":{"@id":"https:\/\/www.facturee.de\/interview-von-berlin-partner-mit-moritz-koenig\/"},"author":{"name":"Benjamin Schwab","@id":"https:\/\/www.facturee.de\/#\/schema\/person\/0bbb3d9ad0b5f2f81199c7c636b85a80"},"headline":"Interview von Berlin Partner mit Moritz K\u00f6nig, CEO bei FACTUREE","datePublished":"2023-08-21T09:36:48+00:00","dateModified":"2025-05-15T15:52:24+00:00","mainEntityOfPage":{"@id":"https:\/\/www.facturee.de\/interview-von-berlin-partner-mit-moritz-koenig\/"},"wordCount":1168,"publisher":{"@id":"https:\/\/www.facturee.de\/#organization"},"image":{"@id":"https:\/\/www.facturee.de\/interview-von-berlin-partner-mit-moritz-koenig\/#primaryimage"},"thumbnailUrl":"https:\/\/www.facturee.de\/wp-content\/uploads\/Moritz-Koenig-CEO-FACTUREE-.webp","articleSection":["Neuigkeiten"],"inLanguage":"es"},{"@type":"WebPage","@id":"https:\/\/www.facturee.de\/interview-von-berlin-partner-mit-moritz-koenig\/","url":"https:\/\/www.facturee.de\/interview-von-berlin-partner-mit-moritz-koenig\/","name":"Entrevista de Berlin Partner con Moritz K\u00f6nig, Director General de FACTUREE l FACTUREE - El Fabricante Online","isPartOf":{"@id":"https:\/\/www.facturee.de\/#website"},"primaryImageOfPage":{"@id":"https:\/\/www.facturee.de\/interview-von-berlin-partner-mit-moritz-koenig\/#primaryimage"},"image":{"@id":"https:\/\/www.facturee.de\/interview-von-berlin-partner-mit-moritz-koenig\/#primaryimage"},"thumbnailUrl":"https:\/\/www.facturee.de\/wp-content\/uploads\/Moritz-Koenig-CEO-FACTUREE-.webp","datePublished":"2023-08-21T09:36:48+00:00","dateModified":"2025-05-15T15:52:24+00:00","description":"Como asociaci\u00f3n p\u00fablico-privada para la promoci\u00f3n empresarial y tecnol\u00f3gica en el estado de Berl\u00edn, Berlin Partner tambi\u00e9n ha apoyado fuertemente a FACTUREE.","breadcrumb":{"@id":"https:\/\/www.facturee.de\/interview-von-berlin-partner-mit-moritz-koenig\/#breadcrumb"},"inLanguage":"es","potentialAction":[{"@type":"ReadAction","target":["https:\/\/www.facturee.de\/interview-von-berlin-partner-mit-moritz-koenig\/"]}]},{"@type":"ImageObject","inLanguage":"es","@id":"https:\/\/www.facturee.de\/interview-von-berlin-partner-mit-moritz-koenig\/#primaryimage","url":"https:\/\/www.facturee.de\/wp-content\/uploads\/Moritz-Koenig-CEO-FACTUREE-.webp","contentUrl":"https:\/\/www.facturee.de\/wp-content\/uploads\/Moritz-Koenig-CEO-FACTUREE-.webp","width":1200,"height":800,"caption":"Moritz K\u00f6nig, CEO bei FACTUREE"},{"@type":"BreadcrumbList","@id":"https:\/\/www.facturee.de\/interview-von-berlin-partner-mit-moritz-koenig\/#breadcrumb","itemListElement":[{"@type":"ListItem","position":1,"name":"Startseite","item":"https:\/\/www.facturee.de\/"},{"@type":"ListItem","position":2,"name":"Interview von Berlin Partner mit Moritz K\u00f6nig, CEO bei FACTUREE"}]},{"@type":"WebSite","@id":"https:\/\/www.facturee.de\/#website","url":"https:\/\/www.facturee.de\/","name":"FACTUREE","description":"El Fabricante Online","publisher":{"@id":"https:\/\/www.facturee.de\/#organization"},"potentialAction":[{"@type":"SearchAction","target":{"@type":"EntryPoint","urlTemplate":"https:\/\/www.facturee.de\/?s={search_term_string}"},"query-input":{"@type":"PropertyValueSpecification","valueRequired":true,"valueName":"search_term_string"}}],"inLanguage":"es"},{"@type":"Organization","@id":"https:\/\/www.facturee.de\/#organization","name":"FACTUREE - La pavimentadora en l\u00ednea","alternateName":"FACTUREE - der Online-Fertiger","url":"https:\/\/www.facturee.de\/","logo":{"@type":"ImageObject","inLanguage":"es","@id":"https:\/\/www.facturee.de\/#\/schema\/logo\/image\/","url":"https:\/\/www.facturee.de\/wp-content\/uploads\/facturee-2000px.webp","contentUrl":"https:\/\/www.facturee.de\/wp-content\/uploads\/facturee-2000px.webp","width":2000,"height":470,"caption":"FACTUREE - Der Online Fertiger"},"image":{"@id":"https:\/\/www.facturee.de\/#\/schema\/logo\/image\/"},"sameAs":["https:\/\/www.facebook.com\/FACTUREE\/","https:\/\/x.com\/FACTUREE_de","https:\/\/www.linkedin.com\/company\/12655397\/admin\/feed\/posts\/","https:\/\/www.xing.com\/pages\/facturee-deronline-fertiger"],"email":"info@facturee.de","telephone":"03062939390","numberOfEmployees":{"@type":"QuantitativeValue","minValue":"51","maxValue":"200"}},{"@type":"Person","@id":"https:\/\/www.facturee.de\/#\/schema\/person\/0bbb3d9ad0b5f2f81199c7c636b85a80","name":"Benjamin Schwab","image":{"@type":"ImageObject","inLanguage":"es","@id":"https:\/\/secure.gravatar.com\/avatar\/a7b423e9625fc02bd0ed9cc8d15896c6856aec670a97914e85289177328cd384?s=96&d=mm&r=g","url":"https:\/\/secure.gravatar.com\/avatar\/a7b423e9625fc02bd0ed9cc8d15896c6856aec670a97914e85289177328cd384?s=96&d=mm&r=g","contentUrl":"https:\/\/secure.gravatar.com\/avatar\/a7b423e9625fc02bd0ed9cc8d15896c6856aec670a97914e85289177328cd384?s=96&d=mm&r=g","caption":"Benjamin Schwab"}}]}},"_links":{"self":[{"href":"https:\/\/www.facturee.de\/es\/wp-json\/wp\/v2\/posts\/25432","targetHints":{"allow":["GET"]}}],"collection":[{"href":"https:\/\/www.facturee.de\/es\/wp-json\/wp\/v2\/posts"}],"about":[{"href":"https:\/\/www.facturee.de\/es\/wp-json\/wp\/v2\/types\/post"}],"author":[{"embeddable":true,"href":"https:\/\/www.facturee.de\/es\/wp-json\/wp\/v2\/users\/3"}],"replies":[{"embeddable":true,"href":"https:\/\/www.facturee.de\/es\/wp-json\/wp\/v2\/comments?post=25432"}],"version-history":[{"count":0,"href":"https:\/\/www.facturee.de\/es\/wp-json\/wp\/v2\/posts\/25432\/revisions"}],"wp:featuredmedia":[{"embeddable":true,"href":"https:\/\/www.facturee.de\/es\/wp-json\/wp\/v2\/media\/25433"}],"wp:attachment":[{"href":"https:\/\/www.facturee.de\/es\/wp-json\/wp\/v2\/media?parent=25432"}],"wp:term":[{"taxonomy":"category","embeddable":true,"href":"https:\/\/www.facturee.de\/es\/wp-json\/wp\/v2\/categories?post=25432"},{"taxonomy":"post_tag","embeddable":true,"href":"https:\/\/www.facturee.de\/es\/wp-json\/wp\/v2\/tags?post=25432"}],"curies":[{"name":"wp","href":"https:\/\/api.w.org\/{rel}","templated":true}]}}