{"id":26481,"date":"2025-05-19T16:58:45","date_gmt":"2025-05-19T14:58:45","guid":{"rendered":"https:\/\/factureestage.wpengine.com\/?p=26481"},"modified":"2025-05-20T11:08:10","modified_gmt":"2025-05-20T09:08:10","slug":"compras-del-manana-tendencias-e-ia-en-compras","status":"publish","type":"post","link":"https:\/\/www.facturee.de\/es\/procurement-of-tomorrow-trends-und-ki-im-einkauf\/","title":{"rendered":"Adquisiciones del ma\u00f1ana: Tendencias e IA en las compras"},"content":{"rendered":"<div data-elementor-type=\"wp-post\" data-elementor-id=\"26481\" class=\"elementor elementor-26481\" data-elementor-post-type=\"post\">\n\t\t\t\t\t\t<section class=\"elementor-section elementor-top-section elementor-element elementor-element-885c218 elementor-section-boxed elementor-section-height-default elementor-section-height-default\" data-id=\"885c218\" data-element_type=\"section\" data-e-type=\"section\">\n\t\t\t\t\t\t<div class=\"elementor-container elementor-column-gap-default\">\n\t\t\t\t\t<div class=\"elementor-column elementor-col-50 elementor-top-column elementor-element elementor-element-f9e736e\" data-id=\"f9e736e\" data-element_type=\"column\" data-e-type=\"column\">\n\t\t\t<div class=\"elementor-widget-wrap elementor-element-populated\">\n\t\t\t\t\t\t<div class=\"elementor-element elementor-element-a8603ef elementor-widget elementor-widget-heading\" data-id=\"a8603ef\" data-element_type=\"widget\" data-e-type=\"widget\" data-widget_type=\"heading.default\">\n\t\t\t\t<div class=\"elementor-widget-container\">\n\t\t\t\t\t<h2 class=\"elementor-heading-title elementor-size-default\">Fecha y hora<\/h2>\t\t\t\t<\/div>\n\t\t\t\t<\/div>\n\t\t\t\t<div class=\"elementor-element elementor-element-047a00e elementor-widget elementor-widget-text-editor\" data-id=\"047a00e\" data-element_type=\"widget\" data-e-type=\"widget\" data-widget_type=\"text-editor.default\">\n\t\t\t\t<div class=\"elementor-widget-container\">\n\t\t\t\t\t\t\t\t\t<p>Jue. 19 junio 2025<br \/>18:00 - 22:00 MEZ<\/p>\t\t\t\t\t\t\t\t<\/div>\n\t\t\t\t<\/div>\n\t\t\t\t\t<\/div>\n\t\t<\/div>\n\t\t\t\t<div class=\"elementor-column elementor-col-50 elementor-top-column elementor-element elementor-element-8c33b0e\" data-id=\"8c33b0e\" data-element_type=\"column\" data-e-type=\"column\">\n\t\t\t<div class=\"elementor-widget-wrap elementor-element-populated\">\n\t\t\t\t\t\t<div class=\"elementor-element elementor-element-28dd1bb elementor-widget elementor-widget-heading\" data-id=\"28dd1bb\" data-element_type=\"widget\" data-e-type=\"widget\" data-widget_type=\"heading.default\">\n\t\t\t\t<div class=\"elementor-widget-container\">\n\t\t\t\t\t<h2 class=\"elementor-heading-title elementor-size-default\">Ubicaci\u00f3n<\/h2>\t\t\t\t<\/div>\n\t\t\t\t<\/div>\n\t\t\t\t<div class=\"elementor-element elementor-element-358ebcb elementor-widget elementor-widget-text-editor\" data-id=\"358ebcb\" data-element_type=\"widget\" data-e-type=\"widget\" data-widget_type=\"text-editor.default\">\n\t\t\t\t<div class=\"elementor-widget-container\">\n\t\t\t\t\t\t\t\t\t<p><strong>Facturee - El finalizador en l\u00ednea<br \/><\/strong><span style=\"font-weight: 400;\">Calle Oudenarder 16 <\/span><span style=\"font-weight: 400;\"><br \/><\/span><span style=\"font-weight: 400;\">13347 Berl\u00edn<\/span><\/p>\t\t\t\t\t\t\t\t<\/div>\n\t\t\t\t<\/div>\n\t\t\t\t\t<\/div>\n\t\t<\/div>\n\t\t\t\t\t<\/div>\n\t\t<\/section>\n\t\t\t\t<section class=\"elementor-section elementor-top-section elementor-element elementor-element-883632d elementor-section-boxed elementor-section-height-default elementor-section-height-default\" data-id=\"883632d\" data-element_type=\"section\" data-e-type=\"section\">\n\t\t\t\t\t\t<div class=\"elementor-container elementor-column-gap-default\">\n\t\t\t\t\t<div class=\"elementor-column elementor-col-100 elementor-top-column elementor-element elementor-element-f034639\" data-id=\"f034639\" data-element_type=\"column\" data-e-type=\"column\">\n\t\t\t<div class=\"elementor-widget-wrap elementor-element-populated\">\n\t\t\t\t\t\t<div class=\"elementor-element elementor-element-4b44158 elementor-widget elementor-widget-text-editor\" data-id=\"4b44158\" data-element_type=\"widget\" data-e-type=\"widget\" data-widget_type=\"text-editor.default\">\n\t\t\t\t<div class=\"elementor-widget-container\">\n\t\t\t\t\t\t\t\t\t<p><span style=\"font-weight: 400;\">Disfrute del estreno de \"Procurement of Tomorrow\", la <strong>primero <\/strong><\/span><b>Eventos de este tipo para compradores<\/b><span style=\"font-weight: 400;\"> de <\/span><b>Berl\u00edn<\/b><span style=\"font-weight: 400;\"> y <\/span><b>Brandemburgo<\/b><span style=\"font-weight: 400;\">que se especializan en <\/span><b>Tendencias de compra<\/b><span style=\"font-weight: 400;\"> y el uso transformador de <\/span><b>La IA en las compras<\/b><span style=\"font-weight: 400;\"> concentrado.<\/span><\/p>\t\t\t\t\t\t\t\t<\/div>\n\t\t\t\t<\/div>\n\t\t\t\t\t<\/div>\n\t\t<\/div>\n\t\t\t\t\t<\/div>\n\t\t<\/section>\n\t\t\t\t<section class=\"elementor-section elementor-top-section elementor-element elementor-element-8b762f9 elementor-section-boxed elementor-section-height-default elementor-section-height-default\" data-id=\"8b762f9\" data-element_type=\"section\" data-e-type=\"section\">\n\t\t\t\t\t\t<div class=\"elementor-container elementor-column-gap-default\">\n\t\t\t\t\t<div class=\"elementor-column elementor-col-100 elementor-top-column elementor-element elementor-element-10ae1be\" data-id=\"10ae1be\" data-element_type=\"column\" data-e-type=\"column\">\n\t\t\t<div class=\"elementor-widget-wrap elementor-element-populated\">\n\t\t\t\t\t\t<div class=\"elementor-element elementor-element-adc60c5 elementor-align-right elementor-widget elementor-widget-button\" data-id=\"adc60c5\" data-element_type=\"widget\" data-e-type=\"widget\" data-widget_type=\"button.default\">\n\t\t\t\t<div class=\"elementor-widget-container\">\n\t\t\t\t\t\t\t\t\t<div class=\"elementor-button-wrapper\">\n\t\t\t\t\t<a class=\"elementor-button elementor-button-link elementor-size-sm\" href=\"https:\/\/www.eventbrite.com\/e\/procurement-of-tomorrow-tickets-1335186642189\" target=\"_blank\">\n\t\t\t\t\t\t<span class=\"elementor-button-content-wrapper\">\n\t\t\t\t\t\t\t\t\t<span class=\"elementor-button-text\">Reg\u00edstrese aqu\u00ed<\/span>\n\t\t\t\t\t<\/span>\n\t\t\t\t\t<\/a>\n\t\t\t\t<\/div>\n\t\t\t\t\t\t\t\t<\/div>\n\t\t\t\t<\/div>\n\t\t\t\t\t<\/div>\n\t\t<\/div>\n\t\t\t\t\t<\/div>\n\t\t<\/section>\n\t\t\t\t<section class=\"elementor-section elementor-top-section elementor-element elementor-element-1285ff8 elementor-section-boxed elementor-section-height-default elementor-section-height-default\" data-id=\"1285ff8\" data-element_type=\"section\" data-e-type=\"section\">\n\t\t\t\t\t\t<div class=\"elementor-container elementor-column-gap-default\">\n\t\t\t\t\t<div class=\"elementor-column elementor-col-100 elementor-top-column elementor-element elementor-element-26142cd\" data-id=\"26142cd\" data-element_type=\"column\" data-e-type=\"column\">\n\t\t\t<div class=\"elementor-widget-wrap elementor-element-populated\">\n\t\t\t\t\t\t<div class=\"elementor-element elementor-element-3018026 elementor-widget elementor-widget-text-editor\" data-id=\"3018026\" data-element_type=\"widget\" data-e-type=\"widget\" data-widget_type=\"text-editor.default\">\n\t\t\t\t<div class=\"elementor-widget-container\">\n\t\t\t\t\t\t\t\t\t<h2><b>Al evento<\/b><\/h2>\n<p><span style=\"font-weight: 400;\">A partir de las 18:00, abriremos las puertas de FACTUREE en los patios de Osram para una velada de <\/span><b>Perspectivas de la compra moderna.<\/b><\/p>\n<p><span style=\"font-weight: 400;\">A las 18:30 el <\/span><b>Discurso de Jan-Henner Thei\u00dfen<\/b><span style=\"font-weight: 400;\">. Descubra c\u00f3mo la innovaci\u00f3n se convierte en un factor de \u00e9xito en tiempos de crisis y c\u00f3mo <\/span><b>IA para las compras<\/b><span style=\"font-weight: 400;\"> ofrece palancas de valor e impacto adicionales. <\/span><b>comprador con visi\u00f3n de futuro<\/b><span style=\"font-weight: 400;\">que resume la actual <\/span><b>Tendencias en las compras<\/b><span style=\"font-weight: 400;\"> \u00a1comprender y utilizar!<\/span><\/p>\n<p><span style=\"font-weight: 400;\">Tras el discurso de apertura, nuestro <\/span><b>Sesi\u00f3n \"Talk &amp; Tackle<\/b><span style=\"font-weight: 400;\"> la oportunidad de intercambiar ideas en peque\u00f1os grupos. Debatir juntos c\u00f3mo <\/span><b>Innovaciones<\/b><span style=\"font-weight: 400;\"> y <\/span><b>La IA en las compras<\/b><span style=\"font-weight: 400;\"> el <\/span><b>Compras<\/b><span style=\"font-weight: 400;\"> especialmente en tiempos de crisis: \u00bfCu\u00e1les son los retos actuales? \u00bfCu\u00e1les son los mayores puntos de <\/span>Compras<span style=\"font-weight: 400;\"> - y en qu\u00e9 puntos puede <\/span><b>Inteligencia artificial en las compras<\/b> <b>ofrecer soluciones reales<\/b><span style=\"font-weight: 400;\">? Obtener nuevas perspectivas y compartir experiencias con el fin de recoger los impulsos iniciales para el debate posterior.<\/span><\/p>\n<p><span style=\"font-weight: 400;\">Por la noche, podr\u00e1 asistir a una interesante mesa redonda con expertos de alto nivel del sector. Le esperan <\/span><b>Bettina Fischer<\/b><span style=\"font-weight: 400;\"> (fundador y consejero delegado de Hivebuy, antes Zalando y Lidl), <\/span><b>Alejandro Basterrechea<\/b><span style=\"font-weight: 400;\"> (Director de Compras Indirectas de Zalando), <\/span><b>Jan-Henner Thei\u00dfen<\/b><span style=\"font-weight: 400;\"> (Director interino de Compras), <\/span><b>Christopher Walzel <\/b><span style=\"font-weight: 400;\">(experto en IA y cofundador de FACTUREE) y <\/span><b>Fabian Heinrich <\/b><span style=\"font-weight: 400;\">(Cofundador y Director General de Mercanis). Nuestros expertos arrojar\u00e1n luz sobre las \u00faltimas <\/span><b>Tendencias en las compras<\/b><span style=\"font-weight: 400;\">, <\/span><b>clasificar la evoluci\u00f3n actual<\/b><span style=\"font-weight: 400;\"> y compartir <\/span><b>sus valoraciones de los mayores retos<\/b><span style=\"font-weight: 400;\"> - y c\u00f3mo puede lograrse mediante el uso selectivo de <\/span>La IA en las compras <span style=\"font-weight: 400;\">y estrategias innovadoras.<\/span><\/p>\n<p><span style=\"font-weight: 400;\">Despu\u00e9s tendr\u00e1 la oportunidad de <\/span><b>Trabajar en red con otros<\/b> <b>Compradores y compradores<\/b><span style=\"font-weight: 400;\"> de diversas industrias de la regi\u00f3n <\/span><b>Berl\u00edn<\/b><span style=\"font-weight: 400;\"> y <\/span><b>Brandemburgo<\/b><span style=\"font-weight: 400;\">. Establezca valiosos contactos, intercambie experiencias sobre la evoluci\u00f3n actual y <\/span><b>Tendencias de compra<\/b><span style=\"font-weight: 400;\"> y el uso de <\/span><b>La IA en las compras<\/b><span style=\"font-weight: 400;\"> y ampl\u00ede su red profesional.<\/span><\/p>\n<p><span style=\"font-weight: 400;\">\u00bfLo mejor de todo? La participaci\u00f3n en \"Procurement of Tomorrow\" es gratuita - el nuevo\u00a0<\/span><b>Evento para compradores<\/b><span style=\"font-weight: 400;\"> en <\/span><b>Berl\u00edn<\/b><span style=\"font-weight: 400;\"> y Brandeburgo sobre los temas <\/span><b>IA y tendencias en las compras.<\/b><\/p>\n<p><span style=\"font-weight: 400;\">El futuro de la <\/span><b>Compras<\/b><span style=\"font-weight: 400;\"> empieza aqu\u00ed: \u00a1participa!<\/span><\/p>\n<p><span style=\"font-weight: 400;\">Este acto, presentado conjuntamente por FACTUREE y MERCANIS, est\u00e1 dirigido a todos los interesados. <\/span><b>Compradores<\/b><span style=\"font-weight: 400;\">que se interesan por las \u00faltimas novedades, <\/span><b>Tendencias en las compras<\/b><span style=\"font-weight: 400;\"> y el uso pr\u00e1ctico de <\/span><b>La IA en las compras<\/b><span style=\"font-weight: 400;\"> y compartir sus conocimientos en este campo.<\/span><span style=\"font-weight: 400;\">quieren ampliar.<\/span><\/p>\t\t\t\t\t\t\t\t<\/div>\n\t\t\t\t<\/div>\n\t\t\t\t\t<\/div>\n\t\t<\/div>\n\t\t\t\t\t<\/div>\n\t\t<\/section>\n\t\t\t\t<section class=\"elementor-section elementor-top-section elementor-element elementor-element-ac85188 elementor-section-boxed elementor-section-height-default elementor-section-height-default\" data-id=\"ac85188\" data-element_type=\"section\" data-e-type=\"section\">\n\t\t\t\t\t\t<div class=\"elementor-container elementor-column-gap-default\">\n\t\t\t\t\t<div class=\"elementor-column elementor-col-100 elementor-top-column elementor-element elementor-element-32883a3\" data-id=\"32883a3\" data-element_type=\"column\" data-e-type=\"column\">\n\t\t\t<div class=\"elementor-widget-wrap elementor-element-populated\">\n\t\t\t\t\t\t<div class=\"elementor-element elementor-element-16b5d17 elementor-widget elementor-widget-spacer\" data-id=\"16b5d17\" data-element_type=\"widget\" data-e-type=\"widget\" data-widget_type=\"spacer.default\">\n\t\t\t\t<div class=\"elementor-widget-container\">\n\t\t\t\t\t\t\t<div class=\"elementor-spacer\">\n\t\t\t<div class=\"elementor-spacer-inner\"><\/div>\n\t\t<\/div>\n\t\t\t\t\t\t<\/div>\n\t\t\t\t<\/div>\n\t\t\t\t\t<\/div>\n\t\t<\/div>\n\t\t\t\t\t<\/div>\n\t\t<\/section>\n\t\t\t\t<section class=\"elementor-section elementor-top-section elementor-element elementor-element-50798ed elementor-section-boxed elementor-section-height-default elementor-section-height-default\" data-id=\"50798ed\" data-element_type=\"section\" data-e-type=\"section\">\n\t\t\t\t\t\t<div class=\"elementor-container elementor-column-gap-default\">\n\t\t\t\t\t<div class=\"elementor-column elementor-col-100 elementor-top-column elementor-element elementor-element-fff83ac\" data-id=\"fff83ac\" data-element_type=\"column\" data-e-type=\"column\">\n\t\t\t<div class=\"elementor-widget-wrap elementor-element-populated\">\n\t\t\t\t\t\t<div class=\"elementor-element elementor-element-6d1766d elementor-widget elementor-widget-heading\" data-id=\"6d1766d\" data-element_type=\"widget\" data-e-type=\"widget\" data-widget_type=\"heading.default\">\n\t\t\t\t<div class=\"elementor-widget-container\">\n\t\t\t\t\t<h2 class=\"elementor-heading-title elementor-size-default\">Nuestros ponentes sobre tendencias e IA en la contrataci\u00f3n p\u00fablica<br><br><\/h2>\t\t\t\t<\/div>\n\t\t\t\t<\/div>\n\t\t\t\t\t<\/div>\n\t\t<\/div>\n\t\t\t\t\t<\/div>\n\t\t<\/section>\n\t\t\t\t<section class=\"elementor-section elementor-top-section elementor-element elementor-element-299f94d elementor-section-boxed elementor-section-height-default elementor-section-height-default\" data-id=\"299f94d\" data-element_type=\"section\" data-e-type=\"section\">\n\t\t\t\t\t\t<div class=\"elementor-container elementor-column-gap-default\">\n\t\t\t\t\t<div class=\"elementor-column elementor-col-50 elementor-top-column elementor-element elementor-element-06b3908\" data-id=\"06b3908\" data-element_type=\"column\" data-e-type=\"column\">\n\t\t\t<div class=\"elementor-widget-wrap elementor-element-populated\">\n\t\t\t\t\t\t<div class=\"elementor-element elementor-element-f0f129a elementor-widget elementor-widget-image\" data-id=\"f0f129a\" data-element_type=\"widget\" data-e-type=\"widget\" data-widget_type=\"image.default\">\n\t\t\t\t<div class=\"elementor-widget-container\">\n\t\t\t\t\t\t\t\t\t\t\t\t\t\t\t<img loading=\"lazy\" width=\"1024\" height=\"1024\" src=\"https:\/\/www.facturee.de\/wp-content\/uploads\/Alejandro-Basterrechea-1024x1024.png\" class=\"attachment-large size-large wp-image-26519\" alt=\"Fotograf\u00eda de Alejandro Basterrechea en Procurement of Tomorrow - el nuevo evento para compradores sobre tendencias e IA en la contrataci\u00f3n p\u00fablica\" srcset=\"https:\/\/www.facturee.de\/wp-content\/uploads\/Alejandro-Basterrechea-1024x1024.png 1024w, https:\/\/www.facturee.de\/wp-content\/uploads\/Alejandro-Basterrechea-300x300.png 300w, https:\/\/www.facturee.de\/wp-content\/uploads\/Alejandro-Basterrechea-150x150.png 150w, https:\/\/www.facturee.de\/wp-content\/uploads\/Alejandro-Basterrechea-768x768.png 768w, https:\/\/www.facturee.de\/wp-content\/uploads\/Alejandro-Basterrechea-190x190.png 190w, https:\/\/www.facturee.de\/wp-content\/uploads\/Alejandro-Basterrechea-12x12.png 12w, https:\/\/www.facturee.de\/wp-content\/uploads\/Alejandro-Basterrechea-800x800.png 800w, https:\/\/www.facturee.de\/wp-content\/uploads\/Alejandro-Basterrechea.png 1200w\" sizes=\"auto, (max-width: 1024px) 100vw, 1024px\" >\t\t\t\t\t\t\t\t\t\t\t\t\t\t\t<\/div>\n\t\t\t\t<\/div>\n\t\t\t\t<div class=\"elementor-element elementor-element-fc89e0c elementor-widget elementor-widget-text-editor\" data-id=\"fc89e0c\" data-element_type=\"widget\" data-e-type=\"widget\" data-widget_type=\"text-editor.default\">\n\t\t\t\t<div class=\"elementor-widget-container\">\n\t\t\t\t\t\t\t\t\t<p><span style=\"font-weight: 600;\">Alejandro Basterrechea<\/span>\u00a0(Director de Compras Indirectas en Zalando)\u00a0<\/p>\n<p><a href=\"https:\/\/www.linkedin.com\/in\/alebaste\/\" target=\"_blank\" rel=\"noopener\">Haga clic aqu\u00ed para ver el perfil de LinkedIn.\u00a0<\/a><\/p>\t\t\t\t\t\t\t\t<\/div>\n\t\t\t\t<\/div>\n\t\t\t\t\t<\/div>\n\t\t<\/div>\n\t\t\t\t<div class=\"elementor-column elementor-col-50 elementor-top-column elementor-element elementor-element-6320700\" data-id=\"6320700\" data-element_type=\"column\" data-e-type=\"column\">\n\t\t\t<div class=\"elementor-widget-wrap elementor-element-populated\">\n\t\t\t\t\t\t<div class=\"elementor-element elementor-element-b445532 elementor-widget elementor-widget-image\" data-id=\"b445532\" data-element_type=\"widget\" data-e-type=\"widget\" data-widget_type=\"image.default\">\n\t\t\t\t<div class=\"elementor-widget-container\">\n\t\t\t\t\t\t\t\t\t\t\t\t\t\t\t<img loading=\"lazy\" width=\"1024\" height=\"1024\" src=\"https:\/\/www.facturee.de\/wp-content\/uploads\/Bettina-Fischer-1024x1024.png\" class=\"attachment-large size-large wp-image-26520\" alt=\"Retrato fotogr\u00e1fico de Bettina Fischer en Procurement of Tomorrow, el nuevo evento para compradores sobre tendencias e inteligencia artificial en la contrataci\u00f3n p\u00fablica.\" srcset=\"https:\/\/www.facturee.de\/wp-content\/uploads\/Bettina-Fischer-1024x1024.png 1024w, https:\/\/www.facturee.de\/wp-content\/uploads\/Bettina-Fischer-300x300.png 300w, https:\/\/www.facturee.de\/wp-content\/uploads\/Bettina-Fischer-150x150.png 150w, https:\/\/www.facturee.de\/wp-content\/uploads\/Bettina-Fischer-768x768.png 768w, https:\/\/www.facturee.de\/wp-content\/uploads\/Bettina-Fischer-190x190.png 190w, https:\/\/www.facturee.de\/wp-content\/uploads\/Bettina-Fischer-12x12.png 12w, https:\/\/www.facturee.de\/wp-content\/uploads\/Bettina-Fischer-800x800.png 800w, https:\/\/www.facturee.de\/wp-content\/uploads\/Bettina-Fischer.png 1200w\" sizes=\"auto, (max-width: 1024px) 100vw, 1024px\" >\t\t\t\t\t\t\t\t\t\t\t\t\t\t\t<\/div>\n\t\t\t\t<\/div>\n\t\t\t\t<div class=\"elementor-element elementor-element-7928164 elementor-widget elementor-widget-text-editor\" data-id=\"7928164\" data-element_type=\"widget\" data-e-type=\"widget\" data-widget_type=\"text-editor.default\">\n\t\t\t\t<div class=\"elementor-widget-container\">\n\t\t\t\t\t\t\t\t\t<p><strong>Bettina Fischer<\/strong>\u00a0(Fundador y Consejero Delegado de Hivebuy, antes Zalando\/Lidl)<\/p>\n<p><a href=\"https:\/\/www.linkedin.com\/in\/bettina-fischer-hivebuy\/\" target=\"_blank\" rel=\"noopener\">Haga clic aqu\u00ed para ver el perfil de LinkedIn.\u00a0<\/a><\/p>\t\t\t\t\t\t\t\t<\/div>\n\t\t\t\t<\/div>\n\t\t\t\t\t<\/div>\n\t\t<\/div>\n\t\t\t\t\t<\/div>\n\t\t<\/section>\n\t\t\t\t<section class=\"elementor-section elementor-top-section elementor-element elementor-element-8d1010b elementor-section-boxed elementor-section-height-default elementor-section-height-default\" data-id=\"8d1010b\" data-element_type=\"section\" data-e-type=\"section\">\n\t\t\t\t\t\t<div class=\"elementor-container elementor-column-gap-default\">\n\t\t\t\t\t<div class=\"elementor-column elementor-col-50 elementor-top-column elementor-element elementor-element-095ef7c\" data-id=\"095ef7c\" data-element_type=\"column\" data-e-type=\"column\">\n\t\t\t<div class=\"elementor-widget-wrap elementor-element-populated\">\n\t\t\t\t\t\t<div class=\"elementor-element elementor-element-a2944af elementor-widget elementor-widget-image\" data-id=\"a2944af\" data-element_type=\"widget\" data-e-type=\"widget\" data-widget_type=\"image.default\">\n\t\t\t\t<div class=\"elementor-widget-container\">\n\t\t\t\t\t\t\t\t\t\t\t\t\t\t\t<img loading=\"lazy\" width=\"1024\" height=\"1024\" src=\"https:\/\/www.facturee.de\/wp-content\/uploads\/Jan-Henner-Theissen-1024x1024.png\" class=\"attachment-large size-large wp-image-26521\" alt=\"Retrato fotogr\u00e1fico de Jan Henner Theissen en Procurement of Tomorrow, el nuevo evento para compradores sobre tendencias e inteligencia artificial en la contrataci\u00f3n p\u00fablica.\" srcset=\"https:\/\/www.facturee.de\/wp-content\/uploads\/Jan-Henner-Theissen-1024x1024.png 1024w, https:\/\/www.facturee.de\/wp-content\/uploads\/Jan-Henner-Theissen-300x300.png 300w, https:\/\/www.facturee.de\/wp-content\/uploads\/Jan-Henner-Theissen-150x150.png 150w, https:\/\/www.facturee.de\/wp-content\/uploads\/Jan-Henner-Theissen-768x768.png 768w, https:\/\/www.facturee.de\/wp-content\/uploads\/Jan-Henner-Theissen-190x190.png 190w, https:\/\/www.facturee.de\/wp-content\/uploads\/Jan-Henner-Theissen-12x12.png 12w, https:\/\/www.facturee.de\/wp-content\/uploads\/Jan-Henner-Theissen-800x800.png 800w, https:\/\/www.facturee.de\/wp-content\/uploads\/Jan-Henner-Theissen.png 1200w\" sizes=\"auto, (max-width: 1024px) 100vw, 1024px\" >\t\t\t\t\t\t\t\t\t\t\t\t\t\t\t<\/div>\n\t\t\t\t<\/div>\n\t\t\t\t<div class=\"elementor-element elementor-element-c72905c elementor-widget elementor-widget-text-editor\" data-id=\"c72905c\" data-element_type=\"widget\" data-e-type=\"widget\" data-widget_type=\"text-editor.default\">\n\t\t\t\t<div class=\"elementor-widget-container\">\n\t\t\t\t\t\t\t\t\t<p><strong>Jan-Henner Thei\u00dfen<\/strong> (Director interino de Compras en targetP)<\/p>\n<p><a href=\"https:\/\/www.linkedin.com\/in\/jan-henner-theissen\/\">Haga clic aqu\u00ed para ver el perfil de Linkedin.\u00a0<\/a><\/p>\t\t\t\t\t\t\t\t<\/div>\n\t\t\t\t<\/div>\n\t\t\t\t\t<\/div>\n\t\t<\/div>\n\t\t\t\t<div class=\"elementor-column elementor-col-50 elementor-top-column elementor-element elementor-element-f55e303\" data-id=\"f55e303\" data-element_type=\"column\" data-e-type=\"column\">\n\t\t\t<div class=\"elementor-widget-wrap elementor-element-populated\">\n\t\t\t\t\t\t<div class=\"elementor-element elementor-element-91e7e59 elementor-widget elementor-widget-image\" data-id=\"91e7e59\" data-element_type=\"widget\" data-e-type=\"widget\" data-widget_type=\"image.default\">\n\t\t\t\t<div class=\"elementor-widget-container\">\n\t\t\t\t\t\t\t\t\t\t\t\t\t\t\t<img loading=\"lazy\" width=\"1024\" height=\"1024\" src=\"https:\/\/www.facturee.de\/wp-content\/uploads\/Fabian-Heinrich-1024x1024.png\" class=\"attachment-large size-large wp-image-26522\" alt=\"Foto de retrato de Fabian Heinrich en Procurement of Tomorrow - el nuevo evento para compradores sobre tendencias e IA en la contrataci\u00f3n p\u00fablica.\" srcset=\"https:\/\/www.facturee.de\/wp-content\/uploads\/Fabian-Heinrich-1024x1024.png 1024w, https:\/\/www.facturee.de\/wp-content\/uploads\/Fabian-Heinrich-300x300.png 300w, https:\/\/www.facturee.de\/wp-content\/uploads\/Fabian-Heinrich-150x150.png 150w, https:\/\/www.facturee.de\/wp-content\/uploads\/Fabian-Heinrich-768x768.png 768w, https:\/\/www.facturee.de\/wp-content\/uploads\/Fabian-Heinrich-190x190.png 190w, https:\/\/www.facturee.de\/wp-content\/uploads\/Fabian-Heinrich-12x12.png 12w, https:\/\/www.facturee.de\/wp-content\/uploads\/Fabian-Heinrich-800x800.png 800w, https:\/\/www.facturee.de\/wp-content\/uploads\/Fabian-Heinrich.png 1200w\" sizes=\"auto, (max-width: 1024px) 100vw, 1024px\" >\t\t\t\t\t\t\t\t\t\t\t\t\t\t\t<\/div>\n\t\t\t\t<\/div>\n\t\t\t\t<div class=\"elementor-element elementor-element-b1de095 elementor-widget elementor-widget-text-editor\" data-id=\"b1de095\" data-element_type=\"widget\" data-e-type=\"widget\" data-widget_type=\"text-editor.default\">\n\t\t\t\t<div class=\"elementor-widget-container\">\n\t\t\t\t\t\t\t\t\t<p><strong>Fabian Heinrich<\/strong> (Cofundador y Consejero Delegado de Mercanis)\u00a0<\/p>\n<p><a href=\"https:\/\/www.linkedin.com\/in\/fabianheinrich\/\">Haga clic aqu\u00ed para ver el perfil de LinkedIn.\u00a0<\/a><\/p>\t\t\t\t\t\t\t\t<\/div>\n\t\t\t\t<\/div>\n\t\t\t\t\t<\/div>\n\t\t<\/div>\n\t\t\t\t\t<\/div>\n\t\t<\/section>\n\t\t\t\t<section class=\"elementor-section elementor-top-section elementor-element elementor-element-8da4024 elementor-section-boxed elementor-section-height-default elementor-section-height-default\" data-id=\"8da4024\" data-element_type=\"section\" data-e-type=\"section\">\n\t\t\t\t\t\t<div class=\"elementor-container elementor-column-gap-default\">\n\t\t\t\t\t<div class=\"elementor-column elementor-col-50 elementor-top-column elementor-element elementor-element-2725459\" data-id=\"2725459\" data-element_type=\"column\" data-e-type=\"column\">\n\t\t\t<div class=\"elementor-widget-wrap elementor-element-populated\">\n\t\t\t\t\t\t<div class=\"elementor-element elementor-element-411a279 elementor-widget elementor-widget-image\" data-id=\"411a279\" data-element_type=\"widget\" data-e-type=\"widget\" data-widget_type=\"image.default\">\n\t\t\t\t<div class=\"elementor-widget-container\">\n\t\t\t\t\t\t\t\t\t\t\t\t\t\t\t<img loading=\"lazy\" width=\"1024\" height=\"1024\" src=\"https:\/\/www.facturee.de\/wp-content\/uploads\/Christopher-Walzel-1-1024x1024.png\" class=\"attachment-large size-large wp-image-26524\" alt=\"Christopher Walzel retrato fotogr\u00e1fico en Procurement of Tomorrow - el nuevo evento para compradores sobre tendencias e IA en compras\" srcset=\"https:\/\/www.facturee.de\/wp-content\/uploads\/Christopher-Walzel-1-1024x1024.png 1024w, https:\/\/www.facturee.de\/wp-content\/uploads\/Christopher-Walzel-1-300x300.png 300w, https:\/\/www.facturee.de\/wp-content\/uploads\/Christopher-Walzel-1-150x150.png 150w, https:\/\/www.facturee.de\/wp-content\/uploads\/Christopher-Walzel-1-768x768.png 768w, https:\/\/www.facturee.de\/wp-content\/uploads\/Christopher-Walzel-1-190x190.png 190w, https:\/\/www.facturee.de\/wp-content\/uploads\/Christopher-Walzel-1-12x12.png 12w, https:\/\/www.facturee.de\/wp-content\/uploads\/Christopher-Walzel-1-800x800.png 800w, https:\/\/www.facturee.de\/wp-content\/uploads\/Christopher-Walzel-1.png 1200w\" sizes=\"auto, (max-width: 1024px) 100vw, 1024px\" >\t\t\t\t\t\t\t\t\t\t\t\t\t\t\t<\/div>\n\t\t\t\t<\/div>\n\t\t\t\t<div class=\"elementor-element elementor-element-3283d4a elementor-widget elementor-widget-text-editor\" data-id=\"3283d4a\" data-element_type=\"widget\" data-e-type=\"widget\" data-widget_type=\"text-editor.default\">\n\t\t\t\t<div class=\"elementor-widget-container\">\n\t\t\t\t\t\t\t\t\t<p><strong>Christopher Walzel<\/strong> (CPO y cofundador de Facturee)<\/p>\n<p><a href=\"https:\/\/www.facturee.de\/es\/nosotros\/\">M\u00e1s informaci\u00f3n sobre FACTUREE aqu\u00ed.<\/a><\/p>\t\t\t\t\t\t\t\t<\/div>\n\t\t\t\t<\/div>\n\t\t\t\t\t<\/div>\n\t\t<\/div>\n\t\t\t\t<div class=\"elementor-column elementor-col-50 elementor-top-column elementor-element elementor-element-955845c\" data-id=\"955845c\" data-element_type=\"column\" data-e-type=\"column\">\n\t\t\t<div class=\"elementor-widget-wrap\">\n\t\t\t\t\t\t\t<\/div>\n\t\t<\/div>\n\t\t\t\t\t<\/div>\n\t\t<\/section>\n\t\t\t\t<section class=\"elementor-section elementor-top-section elementor-element elementor-element-42376ad elementor-section-boxed elementor-section-height-default elementor-section-height-default\" data-id=\"42376ad\" data-element_type=\"section\" data-e-type=\"section\">\n\t\t\t\t\t\t<div class=\"elementor-container elementor-column-gap-default\">\n\t\t\t\t\t<div class=\"elementor-column elementor-col-100 elementor-top-column elementor-element elementor-element-a76503c\" data-id=\"a76503c\" data-element_type=\"column\" data-e-type=\"column\">\n\t\t\t<div class=\"elementor-widget-wrap\">\n\t\t\t\t\t\t\t<\/div>\n\t\t<\/div>\n\t\t\t\t\t<\/div>\n\t\t<\/section>\n\t\t\t\t<section class=\"elementor-section elementor-top-section elementor-element elementor-element-a7f5f73 elementor-section-boxed elementor-section-height-default elementor-section-height-default\" data-id=\"a7f5f73\" data-element_type=\"section\" data-e-type=\"section\">\n\t\t\t\t\t\t<div class=\"elementor-container elementor-column-gap-default\">\n\t\t\t\t\t<div class=\"elementor-column elementor-col-100 elementor-top-column elementor-element elementor-element-683e99d\" data-id=\"683e99d\" data-element_type=\"column\" data-e-type=\"column\">\n\t\t\t<div class=\"elementor-widget-wrap elementor-element-populated\">\n\t\t\t\t\t\t<div class=\"elementor-element elementor-element-3e5ea2f elementor-widget elementor-widget-text-editor\" data-id=\"3e5ea2f\" data-element_type=\"widget\" data-e-type=\"widget\" data-widget_type=\"text-editor.default\">\n\t\t\t\t<div class=\"elementor-widget-container\">\n\t\t\t\t\t\t\t\t\t<h2>Los organizadores - breve perfil<\/h2>\t\t\t\t\t\t\t\t<\/div>\n\t\t\t\t<\/div>\n\t\t\t\t<div class=\"elementor-element elementor-element-6e75fb4 elementor-widget elementor-widget-spacer\" data-id=\"6e75fb4\" data-element_type=\"widget\" data-e-type=\"widget\" data-widget_type=\"spacer.default\">\n\t\t\t\t<div class=\"elementor-widget-container\">\n\t\t\t\t\t\t\t<div class=\"elementor-spacer\">\n\t\t\t<div class=\"elementor-spacer-inner\"><\/div>\n\t\t<\/div>\n\t\t\t\t\t\t<\/div>\n\t\t\t\t<\/div>\n\t\t\t\t\t<\/div>\n\t\t<\/div>\n\t\t\t\t\t<\/div>\n\t\t<\/section>\n\t\t\t\t<section class=\"elementor-section elementor-top-section elementor-element elementor-element-d6c3a38 elementor-section-boxed elementor-section-height-default elementor-section-height-default\" data-id=\"d6c3a38\" data-element_type=\"section\" data-e-type=\"section\">\n\t\t\t\t\t\t<div class=\"elementor-container elementor-column-gap-default\">\n\t\t\t\t\t<div class=\"elementor-column elementor-col-50 elementor-top-column elementor-element elementor-element-3f0951a\" data-id=\"3f0951a\" data-element_type=\"column\" data-e-type=\"column\">\n\t\t\t<div class=\"elementor-widget-wrap elementor-element-populated\">\n\t\t\t\t\t\t<div class=\"elementor-element elementor-element-34b0a2b elementor-widget elementor-widget-image\" data-id=\"34b0a2b\" data-element_type=\"widget\" data-e-type=\"widget\" data-widget_type=\"image.default\">\n\t\t\t\t<div class=\"elementor-widget-container\">\n\t\t\t\t\t\t\t\t\t\t\t\t\t\t\t<img loading=\"lazy\" width=\"1024\" height=\"256\" src=\"https:\/\/www.facturee.de\/wp-content\/uploads\/Facturee-Logo-1-1024x256.png\" class=\"attachment-large size-large wp-image-26527\" alt=\"Logotipo de Facturee en Procurement of Tomorrow, el nuevo evento para compradores sobre tendencias e inteligencia artificial en la contrataci\u00f3n p\u00fablica\" srcset=\"https:\/\/www.facturee.de\/wp-content\/uploads\/Facturee-Logo-1-1024x256.png 1024w, https:\/\/www.facturee.de\/wp-content\/uploads\/Facturee-Logo-1-300x75.png 300w, https:\/\/www.facturee.de\/wp-content\/uploads\/Facturee-Logo-1-768x192.png 768w, https:\/\/www.facturee.de\/wp-content\/uploads\/Facturee-Logo-1-190x48.png 190w, https:\/\/www.facturee.de\/wp-content\/uploads\/Facturee-Logo-1-18x5.png 18w, https:\/\/www.facturee.de\/wp-content\/uploads\/Facturee-Logo-1-800x200.png 800w, https:\/\/www.facturee.de\/wp-content\/uploads\/Facturee-Logo-1.png 1200w\" sizes=\"auto, (max-width: 1024px) 100vw, 1024px\" >\t\t\t\t\t\t\t\t\t\t\t\t\t\t\t<\/div>\n\t\t\t\t<\/div>\n\t\t\t\t<div class=\"elementor-element elementor-element-1c05098 elementor-widget elementor-widget-text-editor\" data-id=\"1c05098\" data-element_type=\"widget\" data-e-type=\"widget\" data-widget_type=\"text-editor.default\">\n\t\t\t\t<div class=\"elementor-widget-container\">\n\t\t\t\t\t\t\t\t\t<p><strong>FACTUREE<\/strong> revoluciona la obtenci\u00f3n de piezas de embutici\u00f3n de forma digital a trav\u00e9s de una red de m\u00e1s de 2.000 socios fabricantes. Para mecanizado CNC, chapa, impresi\u00f3n 3D y m\u00e1s, FACTUREE ofrece capacidad libre, plazos de entrega cortos, precios competitivos y la m\u00e1xima calidad desde prototipos hasta producci\u00f3n en serie. Incluye asistencia personal orientada a soluciones.<\/p>\t\t\t\t\t\t\t\t<\/div>\n\t\t\t\t<\/div>\n\t\t\t\t\t<\/div>\n\t\t<\/div>\n\t\t\t\t<div class=\"elementor-column elementor-col-50 elementor-top-column elementor-element elementor-element-5bd623f\" data-id=\"5bd623f\" data-element_type=\"column\" data-e-type=\"column\">\n\t\t\t<div class=\"elementor-widget-wrap elementor-element-populated\">\n\t\t\t\t\t\t<div class=\"elementor-element elementor-element-d51363e elementor-widget elementor-widget-image\" data-id=\"d51363e\" data-element_type=\"widget\" data-e-type=\"widget\" data-widget_type=\"image.default\">\n\t\t\t\t<div class=\"elementor-widget-container\">\n\t\t\t\t\t\t\t\t\t\t\t\t\t\t\t<img loading=\"lazy\" width=\"1024\" height=\"256\" src=\"https:\/\/www.facturee.de\/wp-content\/uploads\/Mercanis-Logo-1-1024x256.png\" class=\"attachment-large size-large wp-image-26528\" alt=\"Logotipo de Mercanis en Procurement of Tomorrow, el nuevo evento para compradores sobre tendencias e IA en la contrataci\u00f3n p\u00fablica\" srcset=\"https:\/\/www.facturee.de\/wp-content\/uploads\/Mercanis-Logo-1-1024x256.png 1024w, https:\/\/www.facturee.de\/wp-content\/uploads\/Mercanis-Logo-1-300x75.png 300w, https:\/\/www.facturee.de\/wp-content\/uploads\/Mercanis-Logo-1-768x192.png 768w, https:\/\/www.facturee.de\/wp-content\/uploads\/Mercanis-Logo-1-190x48.png 190w, https:\/\/www.facturee.de\/wp-content\/uploads\/Mercanis-Logo-1-18x5.png 18w, https:\/\/www.facturee.de\/wp-content\/uploads\/Mercanis-Logo-1-800x200.png 800w, https:\/\/www.facturee.de\/wp-content\/uploads\/Mercanis-Logo-1.png 1200w\" sizes=\"auto, (max-width: 1024px) 100vw, 1024px\" >\t\t\t\t\t\t\t\t\t\t\t\t\t\t\t<\/div>\n\t\t\t\t<\/div>\n\t\t\t\t<div class=\"elementor-element elementor-element-2e6114f elementor-widget elementor-widget-text-editor\" data-id=\"2e6114f\" data-element_type=\"widget\" data-e-type=\"widget\" data-widget_type=\"text-editor.default\">\n\t\t\t\t<div class=\"elementor-widget-container\">\n\t\t\t\t\t\t\t\t\t<p><b>Mercanis<\/b>\u00a0<b>Suite de contrataci\u00f3n Agentic-AI<\/b>\u00a0combina la contrataci\u00f3n directa e indirecta, la gesti\u00f3n de proveedores (SRM) y la gesti\u00f3n de contratos en una plataforma inteligente basada en la nube. Gracias a la perfecta integraci\u00f3n\u00a0<b>Mercu AI<\/b> automatiza las tareas repetitivas, optimiza los flujos de trabajo complejos y proporciona una base de toma de decisiones basada en datos para la gesti\u00f3n estrat\u00e9gica de las compras.\u00a0<\/p>\t\t\t\t\t\t\t\t<\/div>\n\t\t\t\t<\/div>\n\t\t\t\t\t<\/div>\n\t\t<\/div>\n\t\t\t\t\t<\/div>\n\t\t<\/section>\n\t\t\t\t<section class=\"elementor-section elementor-top-section elementor-element elementor-element-bd27590 elementor-section-boxed elementor-section-height-default elementor-section-height-default\" data-id=\"bd27590\" data-element_type=\"section\" data-e-type=\"section\">\n\t\t\t\t\t\t<div class=\"elementor-container elementor-column-gap-default\">\n\t\t\t\t\t<div class=\"elementor-column elementor-col-100 elementor-top-column elementor-element elementor-element-cb13313\" data-id=\"cb13313\" data-element_type=\"column\" data-e-type=\"column\">\n\t\t\t<div class=\"elementor-widget-wrap elementor-element-populated\">\n\t\t\t\t\t\t<div class=\"elementor-element elementor-element-298b11b elementor-widget elementor-widget-spacer\" data-id=\"298b11b\" data-element_type=\"widget\" data-e-type=\"widget\" data-widget_type=\"spacer.default\">\n\t\t\t\t<div class=\"elementor-widget-container\">\n\t\t\t\t\t\t\t<div class=\"elementor-spacer\">\n\t\t\t<div class=\"elementor-spacer-inner\"><\/div>\n\t\t<\/div>\n\t\t\t\t\t\t<\/div>\n\t\t\t\t<\/div>\n\t\t\t\t\t<\/div>\n\t\t<\/div>\n\t\t\t\t\t<\/div>\n\t\t<\/section>\n\t\t\t\t<section class=\"elementor-section elementor-top-section elementor-element elementor-element-62f6e95 elementor-section-boxed elementor-section-height-default elementor-section-height-default\" data-id=\"62f6e95\" data-element_type=\"section\" data-e-type=\"section\">\n\t\t\t\t\t\t<div class=\"elementor-container elementor-column-gap-default\">\n\t\t\t\t\t<div class=\"elementor-column elementor-col-100 elementor-top-column elementor-element elementor-element-ddeed13\" data-id=\"ddeed13\" data-element_type=\"column\" data-e-type=\"column\">\n\t\t\t<div class=\"elementor-widget-wrap elementor-element-populated\">\n\t\t\t\t\t\t<div class=\"elementor-element elementor-element-36846a5 elementor-widget elementor-widget-heading\" data-id=\"36846a5\" data-element_type=\"widget\" data-e-type=\"widget\" data-widget_type=\"heading.default\">\n\t\t\t\t<div class=\"elementor-widget-container\">\n\t\t\t\t\t<h2 class=\"elementor-heading-title elementor-size-default\">Preguntas sobre el acto<\/h2>\t\t\t\t<\/div>\n\t\t\t\t<\/div>\n\t\t\t\t<div class=\"elementor-element elementor-element-c1cdaf5 elementor-widget elementor-widget-toggle\" data-id=\"c1cdaf5\" data-element_type=\"widget\" data-e-type=\"widget\" data-widget_type=\"toggle.default\">\n\t\t\t\t<div class=\"elementor-widget-container\">\n\t\t\t\t\t\t\t<div class=\"elementor-toggle\">\n\t\t\t\t\t\t\t<div class=\"elementor-toggle-item\">\n\t\t\t\t\t<div id=\"elementor-tab-title-2031\" class=\"elementor-tab-title\" data-tab=\"1\" role=\"button\" aria-controls=\"elementor-tab-content-2031\" aria-expanded=\"false\">\n\t\t\t\t\t\t\t\t\t\t\t\t<span class=\"elementor-toggle-icon elementor-toggle-icon-left\" aria-hidden=\"true\">\n\t\t\t\t\t\t\t\t\t\t\t\t\t\t\t<span class=\"elementor-toggle-icon-closed\"><i class=\"fas fa-caret-right\"><\/i><\/span>\n\t\t\t\t\t\t\t\t<span class=\"elementor-toggle-icon-opened\"><i class=\"elementor-toggle-icon-opened fas fa-caret-up\"><\/i><\/span>\n\t\t\t\t\t\t\t\t\t\t\t\t\t<\/span>\n\t\t\t\t\t\t\t\t\t\t\t\t<a class=\"elementor-toggle-title\" tabindex=\"0\">\u00bfA qui\u00e9n va dirigido el evento Procurement of Tomorrow?<\/a>\n\t\t\t\t\t<\/div>\n\n\t\t\t\t\t<div id=\"elementor-tab-content-2031\" class=\"elementor-tab-content elementor-clearfix\" data-tab=\"1\" role=\"region\" aria-labelledby=\"elementor-tab-title-2031\"><div class=\"css-12unbmg emlbfph0\"><div class=\"css-wmjxth emlbfph3\" data-testid=\"visible-accordion-content\"><p class=\"css-1ph6iux e15gxuty2\">Este evento de networking est\u00e1 dirigido a todos los compradores de Berl\u00edn y Brandemburgo interesados en las tendencias actuales y el futuro de la contrataci\u00f3n, y que deseen intercambiar ideas con expertos y colegas del sector.<\/p><\/div><\/div><\/div>\n\t\t\t\t<\/div>\n\t\t\t\t\t\t\t<div class=\"elementor-toggle-item\">\n\t\t\t\t\t<div id=\"elementor-tab-title-2032\" class=\"elementor-tab-title\" data-tab=\"2\" role=\"button\" aria-controls=\"elementor-tab-content-2032\" aria-expanded=\"false\">\n\t\t\t\t\t\t\t\t\t\t\t\t<span class=\"elementor-toggle-icon elementor-toggle-icon-left\" aria-hidden=\"true\">\n\t\t\t\t\t\t\t\t\t\t\t\t\t\t\t<span class=\"elementor-toggle-icon-closed\"><i class=\"fas fa-caret-right\"><\/i><\/span>\n\t\t\t\t\t\t\t\t<span class=\"elementor-toggle-icon-opened\"><i class=\"elementor-toggle-icon-opened fas fa-caret-up\"><\/i><\/span>\n\t\t\t\t\t\t\t\t\t\t\t\t\t<\/span>\n\t\t\t\t\t\t\t\t\t\t\t\t<a class=\"elementor-toggle-title\" tabindex=\"0\">\u00bfTengo que pagar para participar en el acto?<\/a>\n\t\t\t\t\t<\/div>\n\n\t\t\t\t\t<div id=\"elementor-tab-content-2032\" class=\"elementor-tab-content elementor-clearfix\" data-tab=\"2\" role=\"region\" aria-labelledby=\"elementor-tab-title-2032\"><div class=\"css-12unbmg emlbfph0\"><div class=\"css-wmjxth emlbfph3\" data-testid=\"visible-accordion-content\"><p class=\"css-1ph6iux e15gxuty2\">No, la participaci\u00f3n en \"Procurement of Tomorrow\" es gratuita para usted.<\/p><\/div><\/div><\/div>\n\t\t\t\t<\/div>\n\t\t\t\t\t\t\t<div class=\"elementor-toggle-item\">\n\t\t\t\t\t<div id=\"elementor-tab-title-2033\" class=\"elementor-tab-title\" data-tab=\"3\" role=\"button\" aria-controls=\"elementor-tab-content-2033\" aria-expanded=\"false\">\n\t\t\t\t\t\t\t\t\t\t\t\t<span class=\"elementor-toggle-icon elementor-toggle-icon-left\" aria-hidden=\"true\">\n\t\t\t\t\t\t\t\t\t\t\t\t\t\t\t<span class=\"elementor-toggle-icon-closed\"><i class=\"fas fa-caret-right\"><\/i><\/span>\n\t\t\t\t\t\t\t\t<span class=\"elementor-toggle-icon-opened\"><i class=\"elementor-toggle-icon-opened fas fa-caret-up\"><\/i><\/span>\n\t\t\t\t\t\t\t\t\t\t\t\t\t<\/span>\n\t\t\t\t\t\t\t\t\t\t\t\t<a class=\"elementor-toggle-title\" tabindex=\"0\">\u00bfTengo que inscribirme en el acto?<\/a>\n\t\t\t\t\t<\/div>\n\n\t\t\t\t\t<div id=\"elementor-tab-content-2033\" class=\"elementor-tab-content elementor-clearfix\" data-tab=\"3\" role=\"region\" aria-labelledby=\"elementor-tab-title-2033\"><div class=\"Layout-module__module___2eUcs undefined\" data-testid=\"faq\"><div class=\"event-details__main-inner\"><div class=\"structured-content-agenda-widget\"><div class=\"css-1uazzkl e15gxuty0\" data-testid=\"Faq\" data-heap-id=\"FAQs - Dropdown\"><div class=\"css-12unbmg emlbfph0\"><div class=\"css-wmjxth emlbfph3\" data-testid=\"visible-accordion-content\"><p class=\"css-1ph6iux e15gxuty2\">S\u00ed, se requiere inscripci\u00f3n previa a trav\u00e9s de Eventbrite.\u00a0<\/p><\/div><\/div><\/div><\/div><\/div><\/div><\/div>\n\t\t\t\t<\/div>\n\t\t\t\t\t\t\t<div class=\"elementor-toggle-item\">\n\t\t\t\t\t<div id=\"elementor-tab-title-2034\" class=\"elementor-tab-title\" data-tab=\"4\" role=\"button\" aria-controls=\"elementor-tab-content-2034\" aria-expanded=\"false\">\n\t\t\t\t\t\t\t\t\t\t\t\t<span class=\"elementor-toggle-icon elementor-toggle-icon-left\" aria-hidden=\"true\">\n\t\t\t\t\t\t\t\t\t\t\t\t\t\t\t<span class=\"elementor-toggle-icon-closed\"><i class=\"fas fa-caret-right\"><\/i><\/span>\n\t\t\t\t\t\t\t\t<span class=\"elementor-toggle-icon-opened\"><i class=\"elementor-toggle-icon-opened fas fa-caret-up\"><\/i><\/span>\n\t\t\t\t\t\t\t\t\t\t\t\t\t<\/span>\n\t\t\t\t\t\t\t\t\t\t\t\t<a class=\"elementor-toggle-title\" tabindex=\"0\">\u00bfHay un n\u00famero limitado de participantes?<\/a>\n\t\t\t\t\t<\/div>\n\n\t\t\t\t\t<div id=\"elementor-tab-content-2034\" class=\"elementor-tab-content elementor-clearfix\" data-tab=\"4\" role=\"region\" aria-labelledby=\"elementor-tab-title-2034\"><p>Dado que las plazas son limitadas, le recomendamos que se inscriba lo antes posible para garantizar su participaci\u00f3n. Solo las personas inscritas pueden participar en el evento.<\/p><\/div>\n\t\t\t\t<\/div>\n\t\t\t\t\t\t\t<div class=\"elementor-toggle-item\">\n\t\t\t\t\t<div id=\"elementor-tab-title-2035\" class=\"elementor-tab-title\" data-tab=\"5\" role=\"button\" aria-controls=\"elementor-tab-content-2035\" aria-expanded=\"false\">\n\t\t\t\t\t\t\t\t\t\t\t\t<span class=\"elementor-toggle-icon elementor-toggle-icon-left\" aria-hidden=\"true\">\n\t\t\t\t\t\t\t\t\t\t\t\t\t\t\t<span class=\"elementor-toggle-icon-closed\"><i class=\"fas fa-caret-right\"><\/i><\/span>\n\t\t\t\t\t\t\t\t<span class=\"elementor-toggle-icon-opened\"><i class=\"elementor-toggle-icon-opened fas fa-caret-up\"><\/i><\/span>\n\t\t\t\t\t\t\t\t\t\t\t\t\t<\/span>\n\t\t\t\t\t\t\t\t\t\t\t\t<a class=\"elementor-toggle-title\" tabindex=\"0\">\u00bfD\u00f3nde se celebra el acto?<\/a>\n\t\t\t\t\t<\/div>\n\n\t\t\t\t\t<div id=\"elementor-tab-content-2035\" class=\"elementor-tab-content elementor-clearfix\" data-tab=\"5\" role=\"region\" aria-labelledby=\"elementor-tab-title-2035\"><p>El acontecimiento <strong>La contrataci\u00f3n p\u00fablica del ma\u00f1ana\u00a0<\/strong>tiene lugar en los patios de Osram en el <span style=\"font-weight: 400;\">Calle Oudenarder 16 <\/span>(13347 Berl\u00edn).\u00a0<\/p><p data-sourcepos=\"3:1-3:101\"><strong>Estas son algunas formas de llegar a FACTUREE en transporte p\u00fablico:<\/strong><\/p><p data-sourcepos=\"5:1-5:27\"><strong>Viajar en metro:<\/strong><\/p><ul data-sourcepos=\"7:1-10:0\"><li data-sourcepos=\"7:1-7:384\"><strong>U6:<\/strong> Conducir hasta la estaci\u00f3n <strong>Seestra\u00dfe<\/strong>. Desde all\u00ed, puede recorrer una corta distancia a pie o cambiar a las l\u00edneas de tranv\u00eda M13 o 50 (direcci\u00f3n Virchow-Klinikum o Guyotstra\u00dfe) y viajar una parada hasta \"Osram-H\u00f6fe\". Tambi\u00e9n puede tomar las l\u00edneas de autob\u00fas 106 o 120, que tambi\u00e9n paran en la Seestra\u00dfe y van en direcci\u00f3n a la Oudenarder Stra\u00dfe.<\/li><li data-sourcepos=\"8:1-8:302\"><strong>U9:<\/strong> Conducir hasta la estaci\u00f3n <strong>Nauener Platz<\/strong>. Desde all\u00ed puede caminar (un poco m\u00e1s que desde Seestra\u00dfe) o cambiar al autob\u00fas 247 (direcci\u00f3n Leopoldplatz) o 327 (direcci\u00f3n Pankow Kirche) y bajarse cerca de Oudenarder Stra\u00dfe. Desde all\u00ed s\u00f3lo hay unos minutos a pie.<\/li><li data-sourcepos=\"9:1-10:0\"><strong>U8:<\/strong> Conducir hasta la estaci\u00f3n <strong>Osloer Stra\u00dfe<\/strong>. Desde aqu\u00ed tiene conexiones con las l\u00edneas de tranv\u00eda M13 (direcci\u00f3n Wedding, S Beusselstr.) o 50 (direcci\u00f3n Virchow-Klinikum), que le llevar\u00e1n directamente a la parada \"Osram-H\u00f6fe\".<\/li><\/ul><p data-sourcepos=\"11:1-11:39\"><strong>Viajar en tranv\u00eda:<\/strong><\/p><ul data-sourcepos=\"13:1-15:0\"><li data-sourcepos=\"13:1-13:77\"><strong>M13:<\/strong> La l\u00ednea de tranv\u00eda M13 para directamente en la parada <strong>\"Patios Osram\"<\/strong>.<\/li><li data-sourcepos=\"14:1-15:0\"><strong>50:<\/strong> La l\u00ednea 50 del tranv\u00eda tambi\u00e9n para directamente en la parada <strong>\"Patios Osram\"<\/strong>.<\/li><\/ul><p data-sourcepos=\"16:1-16:24\"><strong>Viajar en autob\u00fas:<\/strong><\/p><ul data-sourcepos=\"18:1-21:0\"><li data-sourcepos=\"18:1-18:205\"><strong>Rutas de autob\u00fas 106 y 120:<\/strong> Estas l\u00edneas se detienen en el <strong>Seestra\u00dfe\/Amrumer Stra\u00dfe<\/strong> o <strong>Seestra\u00dfe<\/strong>. Desde all\u00ed hay un corto paseo o una parada con las l\u00edneas de tranv\u00eda M13 o 50 hasta \"Osram-H\u00f6fe\".<\/li><li data-sourcepos=\"19:1-19:142\"><strong>Rutas de autob\u00fas 247 y 327:<\/strong> Estas l\u00edneas se detienen cerca del <strong>Nauener Platz<\/strong>. Desde all\u00ed hay un corto paseo hasta Oudenarder Stra\u00dfe.<\/li><li data-sourcepos=\"20:1-21:0\">Moovit tambi\u00e9n menciona el <strong>Autob\u00fas 126<\/strong> como una posibilidad en la zona.<\/li><\/ul><\/div>\n\t\t\t\t<\/div>\n\t\t\t\t\t\t\t\t<\/div>\n\t\t\t\t\t\t<\/div>\n\t\t\t\t<\/div>\n\t\t\t\t\t<\/div>\n\t\t<\/div>\n\t\t\t\t\t<\/div>\n\t\t<\/section>\n\t\t\t\t<section class=\"elementor-section elementor-top-section elementor-element elementor-element-cb61fb8 elementor-section-boxed elementor-section-height-default elementor-section-height-default\" data-id=\"cb61fb8\" data-element_type=\"section\" data-e-type=\"section\">\n\t\t\t\t\t\t<div class=\"elementor-container elementor-column-gap-default\">\n\t\t\t\t\t<div class=\"elementor-column elementor-col-100 elementor-top-column elementor-element elementor-element-a7d5321\" data-id=\"a7d5321\" data-element_type=\"column\" data-e-type=\"column\">\n\t\t\t<div class=\"elementor-widget-wrap elementor-element-populated\">\n\t\t\t\t\t\t<div class=\"elementor-element elementor-element-7d2c52b elementor-widget elementor-widget-spacer\" data-id=\"7d2c52b\" data-element_type=\"widget\" data-e-type=\"widget\" data-widget_type=\"spacer.default\">\n\t\t\t\t<div class=\"elementor-widget-container\">\n\t\t\t\t\t\t\t<div class=\"elementor-spacer\">\n\t\t\t<div class=\"elementor-spacer-inner\"><\/div>\n\t\t<\/div>\n\t\t\t\t\t\t<\/div>\n\t\t\t\t<\/div>\n\t\t\t\t<div class=\"elementor-element elementor-element-d684a8d elementor-widget elementor-widget-heading\" data-id=\"d684a8d\" data-element_type=\"widget\" data-e-type=\"widget\" data-widget_type=\"heading.default\">\n\t\t\t\t<div class=\"elementor-widget-container\">\n\t\t\t\t\t<h2 class=\"elementor-heading-title elementor-size-default\">El futuro de las compras<\/h2>\t\t\t\t<\/div>\n\t\t\t\t<\/div>\n\t\t\t\t\t<\/div>\n\t\t<\/div>\n\t\t\t\t\t<\/div>\n\t\t<\/section>\n\t\t\t\t<section class=\"elementor-section elementor-top-section elementor-element elementor-element-a5898ea elementor-section-boxed elementor-section-height-default elementor-section-height-default\" data-id=\"a5898ea\" data-element_type=\"section\" data-e-type=\"section\">\n\t\t\t\t\t\t<div class=\"elementor-container elementor-column-gap-default\">\n\t\t\t\t\t<div class=\"elementor-column elementor-col-100 elementor-top-column elementor-element elementor-element-6bf4999\" data-id=\"6bf4999\" data-element_type=\"column\" data-e-type=\"column\">\n\t\t\t<div class=\"elementor-widget-wrap elementor-element-populated\">\n\t\t\t\t\t\t<div class=\"elementor-element elementor-element-b5a1e54 elementor-widget elementor-widget-text-editor\" data-id=\"b5a1e54\" data-element_type=\"widget\" data-e-type=\"widget\" data-widget_type=\"text-editor.default\">\n\t\t\t\t<div class=\"elementor-widget-container\">\n\t\t\t\t\t\t\t\t\t<p>Estar en el <strong>19 de junio de 2025<\/strong> con <strong>La contrataci\u00f3n p\u00fablica del ma\u00f1ana<\/strong> en Berl\u00edn. Descubra las innovaciones de la IA, establezca contactos con expertos y compradores y obtenga nuevas perspectivas para su \u00e9xito. Aseg\u00farese ya su entrada y d\u00e9 forma a la contrataci\u00f3n del ma\u00f1ana.<\/p>\t\t\t\t\t\t\t\t<\/div>\n\t\t\t\t<\/div>\n\t\t\t\t<div class=\"elementor-element elementor-element-be59969 elementor-align-right elementor-widget elementor-widget-button\" data-id=\"be59969\" data-element_type=\"widget\" data-e-type=\"widget\" data-widget_type=\"button.default\">\n\t\t\t\t<div class=\"elementor-widget-container\">\n\t\t\t\t\t\t\t\t\t<div class=\"elementor-button-wrapper\">\n\t\t\t\t\t<a class=\"elementor-button elementor-button-link elementor-size-sm\" href=\"https:\/\/www.eventbrite.com\/e\/procurement-of-tomorrow-tickets-1335186642189\" target=\"_blank\">\n\t\t\t\t\t\t<span class=\"elementor-button-content-wrapper\">\n\t\t\t\t\t\t\t\t\t<span class=\"elementor-button-text\">Consiga aqu\u00ed su entrada<\/span>\n\t\t\t\t\t<\/span>\n\t\t\t\t\t<\/a>\n\t\t\t\t<\/div>\n\t\t\t\t\t\t\t\t<\/div>\n\t\t\t\t<\/div>\n\t\t\t\t\t<\/div>\n\t\t<\/div>\n\t\t\t\t\t<\/div>\n\t\t<\/section>\n\t\t\t\t<section class=\"elementor-section elementor-top-section elementor-element elementor-element-f45b1be elementor-section-boxed elementor-section-height-default elementor-section-height-default\" data-id=\"f45b1be\" data-element_type=\"section\" data-e-type=\"section\">\n\t\t\t\t\t\t<div class=\"elementor-container elementor-column-gap-default\">\n\t\t\t\t\t<div class=\"elementor-column elementor-col-100 elementor-top-column elementor-element elementor-element-6757764\" data-id=\"6757764\" data-element_type=\"column\" data-e-type=\"column\">\n\t\t\t<div class=\"elementor-widget-wrap elementor-element-populated\">\n\t\t\t\t\t\t<div class=\"elementor-element elementor-element-9868467 elementor-widget elementor-widget-spacer\" data-id=\"9868467\" data-element_type=\"widget\" data-e-type=\"widget\" data-widget_type=\"spacer.default\">\n\t\t\t\t<div class=\"elementor-widget-container\">\n\t\t\t\t\t\t\t<div class=\"elementor-spacer\">\n\t\t\t<div class=\"elementor-spacer-inner\"><\/div>\n\t\t<\/div>\n\t\t\t\t\t\t<\/div>\n\t\t\t\t<\/div>\n\t\t\t\t\t<\/div>\n\t\t<\/div>\n\t\t\t\t\t<\/div>\n\t\t<\/section>\n\t\t\t\t<\/div>","protected":false},"excerpt":{"rendered":"<p>Datum und Uhrzeit Do. 19 Juni 202518:00 &#8211; 22:00 MEZ Ort Facturee &#8211; Der Online-FertigerOudenarder Stra\u00dfe 16 13347 Berlin Erleben [&hellip;]<\/p>\n","protected":false},"author":19,"featured_media":26483,"comment_status":"closed","ping_status":"closed","sticky":false,"template":"","format":"standard","meta":{"footnotes":""},"categories":[9],"tags":[],"class_list":["post-26481","post","type-post","status-publish","format-standard","has-post-thumbnail","hentry","category-dates-fares"],"yoast_head":"<!-- This site is optimized with the Yoast SEO Premium plugin v26.1 (Yoast SEO v27.3) - https:\/\/yoast.com\/product\/yoast-seo-premium-wordpress\/ -->\n<title>Procurement of Tomorrow: Trends &amp; KI im Einkauf | Event Berlin<\/title>\n<meta name=\"description\" content=\"Procurement of Tomorrow - Ihr Event f\u00fcr Eink\u00e4ufer zu KI im Einkauf &amp; neuesten Trends. Experten-Insights, Networking &amp; L\u00f6sungsans\u00e4tze. Kostenlos!\" \/>\n<meta name=\"robots\" content=\"index, follow, max-snippet:-1, max-image-preview:large, max-video-preview:-1\" \/>\n<link rel=\"canonical\" href=\"https:\/\/www.facturee.de\/es\/compras-del-manana-tendencias-e-ia-en-compras\/\" \/>\n<meta property=\"og:locale\" content=\"es_ES\" \/>\n<meta property=\"og:type\" content=\"article\" \/>\n<meta property=\"og:title\" content=\"Procurement of Tomorrow: Trends und KI im Einkauf\" \/>\n<meta property=\"og:description\" content=\"Procurement of Tomorrow - Ihr Event f\u00fcr Eink\u00e4ufer zu KI im Einkauf &amp; neuesten Trends. Experten-Insights, Networking &amp; L\u00f6sungsans\u00e4tze. Kostenlos!\" \/>\n<meta property=\"og:url\" content=\"https:\/\/www.facturee.de\/es\/compras-del-manana-tendencias-e-ia-en-compras\/\" \/>\n<meta property=\"og:site_name\" content=\"FACTUREE\" \/>\n<meta property=\"article:publisher\" content=\"https:\/\/www.facebook.com\/FACTUREE\/\" \/>\n<meta property=\"article:published_time\" content=\"2025-05-19T14:58:45+00:00\" \/>\n<meta property=\"article:modified_time\" content=\"2025-05-20T09:08:10+00:00\" \/>\n<meta property=\"og:image\" content=\"https:\/\/www.facturee.de\/wp-content\/uploads\/procurement-of-tomorrow.png\" \/>\n\t<meta property=\"og:image:width\" content=\"2160\" \/>\n\t<meta property=\"og:image:height\" content=\"1080\" \/>\n\t<meta property=\"og:image:type\" content=\"image\/png\" \/>\n<meta name=\"author\" content=\"Anastasia Franz\" \/>\n<meta name=\"twitter:card\" content=\"summary_large_image\" \/>\n<meta name=\"twitter:creator\" content=\"@FACTUREE_de\" \/>\n<meta name=\"twitter:site\" content=\"@FACTUREE_de\" \/>\n<script type=\"application\/ld+json\" class=\"yoast-schema-graph\">{\"@context\":\"https:\\\/\\\/schema.org\",\"@graph\":[{\"@type\":\"Article\",\"@id\":\"https:\\\/\\\/www.facturee.de\\\/procurement-of-tomorrow-trends-und-ki-im-einkauf\\\/#article\",\"isPartOf\":{\"@id\":\"https:\\\/\\\/www.facturee.de\\\/procurement-of-tomorrow-trends-und-ki-im-einkauf\\\/\"},\"author\":{\"name\":\"Anastasia Franz\",\"@id\":\"https:\\\/\\\/www.facturee.de\\\/#\\\/schema\\\/person\\\/3b40f6a013a5122cc488b01fa78bc1ea\"},\"headline\":\"Procurement of Tomorrow: Trends und KI im Einkauf\",\"datePublished\":\"2025-05-19T14:58:45+00:00\",\"dateModified\":\"2025-05-20T09:08:10+00:00\",\"mainEntityOfPage\":{\"@id\":\"https:\\\/\\\/www.facturee.de\\\/procurement-of-tomorrow-trends-und-ki-im-einkauf\\\/\"},\"wordCount\":1061,\"publisher\":{\"@id\":\"https:\\\/\\\/www.facturee.de\\\/#organization\"},\"image\":{\"@id\":\"https:\\\/\\\/www.facturee.de\\\/procurement-of-tomorrow-trends-und-ki-im-einkauf\\\/#primaryimage\"},\"thumbnailUrl\":\"https:\\\/\\\/www.facturee.de\\\/wp-content\\\/uploads\\\/procurement-of-tomorrow.png\",\"articleSection\":[\"Termine und Messen\"],\"inLanguage\":\"es\"},{\"@type\":\"WebPage\",\"@id\":\"https:\\\/\\\/www.facturee.de\\\/procurement-of-tomorrow-trends-und-ki-im-einkauf\\\/\",\"url\":\"https:\\\/\\\/www.facturee.de\\\/procurement-of-tomorrow-trends-und-ki-im-einkauf\\\/\",\"name\":\"Procurement of Tomorrow: Trends & KI im Einkauf | Event Berlin\",\"isPartOf\":{\"@id\":\"https:\\\/\\\/www.facturee.de\\\/#website\"},\"primaryImageOfPage\":{\"@id\":\"https:\\\/\\\/www.facturee.de\\\/procurement-of-tomorrow-trends-und-ki-im-einkauf\\\/#primaryimage\"},\"image\":{\"@id\":\"https:\\\/\\\/www.facturee.de\\\/procurement-of-tomorrow-trends-und-ki-im-einkauf\\\/#primaryimage\"},\"thumbnailUrl\":\"https:\\\/\\\/www.facturee.de\\\/wp-content\\\/uploads\\\/procurement-of-tomorrow.png\",\"datePublished\":\"2025-05-19T14:58:45+00:00\",\"dateModified\":\"2025-05-20T09:08:10+00:00\",\"description\":\"Procurement of Tomorrow - Ihr Event f\u00fcr Eink\u00e4ufer zu KI im Einkauf & neuesten Trends. Experten-Insights, Networking & L\u00f6sungsans\u00e4tze. Kostenlos!\",\"breadcrumb\":{\"@id\":\"https:\\\/\\\/www.facturee.de\\\/procurement-of-tomorrow-trends-und-ki-im-einkauf\\\/#breadcrumb\"},\"inLanguage\":\"es\",\"potentialAction\":[{\"@type\":\"ReadAction\",\"target\":[\"https:\\\/\\\/www.facturee.de\\\/procurement-of-tomorrow-trends-und-ki-im-einkauf\\\/\"]}]},{\"@type\":\"ImageObject\",\"inLanguage\":\"es\",\"@id\":\"https:\\\/\\\/www.facturee.de\\\/procurement-of-tomorrow-trends-und-ki-im-einkauf\\\/#primaryimage\",\"url\":\"https:\\\/\\\/www.facturee.de\\\/wp-content\\\/uploads\\\/procurement-of-tomorrow.png\",\"contentUrl\":\"https:\\\/\\\/www.facturee.de\\\/wp-content\\\/uploads\\\/procurement-of-tomorrow.png\",\"width\":2160,\"height\":1080,\"caption\":\"Procurement of Tomorrow - der neuen Veranstaltung f\u00fcr Eink\u00e4ufer zu Trends und KI im Einkauf\"},{\"@type\":\"BreadcrumbList\",\"@id\":\"https:\\\/\\\/www.facturee.de\\\/procurement-of-tomorrow-trends-und-ki-im-einkauf\\\/#breadcrumb\",\"itemListElement\":[{\"@type\":\"ListItem\",\"position\":1,\"name\":\"Startseite\",\"item\":\"https:\\\/\\\/www.facturee.de\\\/\"},{\"@type\":\"ListItem\",\"position\":2,\"name\":\"Procurement of Tomorrow: Trends und KI im Einkauf\"}]},{\"@type\":\"WebSite\",\"@id\":\"https:\\\/\\\/www.facturee.de\\\/#website\",\"url\":\"https:\\\/\\\/www.facturee.de\\\/\",\"name\":\"FACTUREE\",\"description\":\"Der Online-Fertiger\",\"publisher\":{\"@id\":\"https:\\\/\\\/www.facturee.de\\\/#organization\"},\"potentialAction\":[{\"@type\":\"SearchAction\",\"target\":{\"@type\":\"EntryPoint\",\"urlTemplate\":\"https:\\\/\\\/www.facturee.de\\\/?s={search_term_string}\"},\"query-input\":{\"@type\":\"PropertyValueSpecification\",\"valueRequired\":true,\"valueName\":\"search_term_string\"}}],\"inLanguage\":\"es\"},{\"@type\":\"Organization\",\"@id\":\"https:\\\/\\\/www.facturee.de\\\/#organization\",\"name\":\"FACTUREE - Der Online Fertiger\",\"alternateName\":\"FACTUREE - der Online-Fertiger\",\"url\":\"https:\\\/\\\/www.facturee.de\\\/\",\"logo\":{\"@type\":\"ImageObject\",\"inLanguage\":\"es\",\"@id\":\"https:\\\/\\\/www.facturee.de\\\/#\\\/schema\\\/logo\\\/image\\\/\",\"url\":\"https:\\\/\\\/www.facturee.de\\\/wp-content\\\/uploads\\\/facturee-2000px.webp\",\"contentUrl\":\"https:\\\/\\\/www.facturee.de\\\/wp-content\\\/uploads\\\/facturee-2000px.webp\",\"width\":2000,\"height\":470,\"caption\":\"FACTUREE - Der Online Fertiger\"},\"image\":{\"@id\":\"https:\\\/\\\/www.facturee.de\\\/#\\\/schema\\\/logo\\\/image\\\/\"},\"sameAs\":[\"https:\\\/\\\/www.facebook.com\\\/FACTUREE\\\/\",\"https:\\\/\\\/x.com\\\/FACTUREE_de\",\"https:\\\/\\\/www.linkedin.com\\\/company\\\/12655397\\\/admin\\\/feed\\\/posts\\\/\",\"https:\\\/\\\/www.xing.com\\\/pages\\\/facturee-deronline-fertiger\"],\"email\":\"info@facturee.de\",\"telephone\":\"03062939390\",\"numberOfEmployees\":{\"@type\":\"QuantitativeValue\",\"minValue\":\"51\",\"maxValue\":\"200\"}},{\"@type\":\"Person\",\"@id\":\"https:\\\/\\\/www.facturee.de\\\/#\\\/schema\\\/person\\\/3b40f6a013a5122cc488b01fa78bc1ea\",\"name\":\"Anastasia Franz\",\"image\":{\"@type\":\"ImageObject\",\"inLanguage\":\"es\",\"@id\":\"https:\\\/\\\/www.facturee.de\\\/wp-content\\\/uploads\\\/facturee-anastasia-franz-96x96.webp\",\"url\":\"https:\\\/\\\/www.facturee.de\\\/wp-content\\\/uploads\\\/facturee-anastasia-franz-96x96.webp\",\"contentUrl\":\"https:\\\/\\\/www.facturee.de\\\/wp-content\\\/uploads\\\/facturee-anastasia-franz-96x96.webp\",\"caption\":\"Anastasia Franz\"}}]}<\/script>\n<!-- \/ Yoast SEO Premium plugin. -->","yoast_head_json":{"title":"Adquisiciones del ma\u00f1ana: Tendencias e IA en las compras | Evento Berl\u00edn","description":"Procurement of Tomorrow: su evento para compradores sobre la IA en la contrataci\u00f3n y las \u00faltimas tendencias. Conocimientos de expertos, creaci\u00f3n de redes y soluciones. Gratuito.","robots":{"index":"index","follow":"follow","max-snippet":"max-snippet:-1","max-image-preview":"max-image-preview:large","max-video-preview":"max-video-preview:-1"},"canonical":"https:\/\/www.facturee.de\/es\/compras-del-manana-tendencias-e-ia-en-compras\/","og_locale":"es_ES","og_type":"article","og_title":"Procurement of Tomorrow: Trends und KI im Einkauf","og_description":"Procurement of Tomorrow - Ihr Event f\u00fcr Eink\u00e4ufer zu KI im Einkauf & neuesten Trends. Experten-Insights, Networking & L\u00f6sungsans\u00e4tze. Kostenlos!","og_url":"https:\/\/www.facturee.de\/es\/compras-del-manana-tendencias-e-ia-en-compras\/","og_site_name":"FACTUREE","article_publisher":"https:\/\/www.facebook.com\/FACTUREE\/","article_published_time":"2025-05-19T14:58:45+00:00","article_modified_time":"2025-05-20T09:08:10+00:00","og_image":[{"width":2160,"height":1080,"url":"https:\/\/www.facturee.de\/wp-content\/uploads\/procurement-of-tomorrow.png","type":"image\/png"}],"author":"Anastasia Franz","twitter_card":"summary_large_image","twitter_creator":"@FACTUREE_de","twitter_site":"@FACTUREE_de","schema":{"@context":"https:\/\/schema.org","@graph":[{"@type":"Article","@id":"https:\/\/www.facturee.de\/procurement-of-tomorrow-trends-und-ki-im-einkauf\/#article","isPartOf":{"@id":"https:\/\/www.facturee.de\/procurement-of-tomorrow-trends-und-ki-im-einkauf\/"},"author":{"name":"Anastasia Franz","@id":"https:\/\/www.facturee.de\/#\/schema\/person\/3b40f6a013a5122cc488b01fa78bc1ea"},"headline":"Procurement of Tomorrow: Trends und KI im Einkauf","datePublished":"2025-05-19T14:58:45+00:00","dateModified":"2025-05-20T09:08:10+00:00","mainEntityOfPage":{"@id":"https:\/\/www.facturee.de\/procurement-of-tomorrow-trends-und-ki-im-einkauf\/"},"wordCount":1061,"publisher":{"@id":"https:\/\/www.facturee.de\/#organization"},"image":{"@id":"https:\/\/www.facturee.de\/procurement-of-tomorrow-trends-und-ki-im-einkauf\/#primaryimage"},"thumbnailUrl":"https:\/\/www.facturee.de\/wp-content\/uploads\/procurement-of-tomorrow.png","articleSection":["Termine und Messen"],"inLanguage":"es"},{"@type":"WebPage","@id":"https:\/\/www.facturee.de\/procurement-of-tomorrow-trends-und-ki-im-einkauf\/","url":"https:\/\/www.facturee.de\/procurement-of-tomorrow-trends-und-ki-im-einkauf\/","name":"Adquisiciones del ma\u00f1ana: Tendencias e IA en las compras | Evento Berl\u00edn","isPartOf":{"@id":"https:\/\/www.facturee.de\/#website"},"primaryImageOfPage":{"@id":"https:\/\/www.facturee.de\/procurement-of-tomorrow-trends-und-ki-im-einkauf\/#primaryimage"},"image":{"@id":"https:\/\/www.facturee.de\/procurement-of-tomorrow-trends-und-ki-im-einkauf\/#primaryimage"},"thumbnailUrl":"https:\/\/www.facturee.de\/wp-content\/uploads\/procurement-of-tomorrow.png","datePublished":"2025-05-19T14:58:45+00:00","dateModified":"2025-05-20T09:08:10+00:00","description":"Procurement of Tomorrow: su evento para compradores sobre la IA en la contrataci\u00f3n y las \u00faltimas tendencias. Conocimientos de expertos, creaci\u00f3n de redes y soluciones. Gratuito.","breadcrumb":{"@id":"https:\/\/www.facturee.de\/procurement-of-tomorrow-trends-und-ki-im-einkauf\/#breadcrumb"},"inLanguage":"es","potentialAction":[{"@type":"ReadAction","target":["https:\/\/www.facturee.de\/procurement-of-tomorrow-trends-und-ki-im-einkauf\/"]}]},{"@type":"ImageObject","inLanguage":"es","@id":"https:\/\/www.facturee.de\/procurement-of-tomorrow-trends-und-ki-im-einkauf\/#primaryimage","url":"https:\/\/www.facturee.de\/wp-content\/uploads\/procurement-of-tomorrow.png","contentUrl":"https:\/\/www.facturee.de\/wp-content\/uploads\/procurement-of-tomorrow.png","width":2160,"height":1080,"caption":"Procurement of Tomorrow - der neuen Veranstaltung f\u00fcr Eink\u00e4ufer zu Trends und KI im Einkauf"},{"@type":"BreadcrumbList","@id":"https:\/\/www.facturee.de\/procurement-of-tomorrow-trends-und-ki-im-einkauf\/#breadcrumb","itemListElement":[{"@type":"ListItem","position":1,"name":"Startseite","item":"https:\/\/www.facturee.de\/"},{"@type":"ListItem","position":2,"name":"Procurement of Tomorrow: Trends und KI im Einkauf"}]},{"@type":"WebSite","@id":"https:\/\/www.facturee.de\/#website","url":"https:\/\/www.facturee.de\/","name":"FACTUREE","description":"El Fabricante Online","publisher":{"@id":"https:\/\/www.facturee.de\/#organization"},"potentialAction":[{"@type":"SearchAction","target":{"@type":"EntryPoint","urlTemplate":"https:\/\/www.facturee.de\/?s={search_term_string}"},"query-input":{"@type":"PropertyValueSpecification","valueRequired":true,"valueName":"search_term_string"}}],"inLanguage":"es"},{"@type":"Organization","@id":"https:\/\/www.facturee.de\/#organization","name":"FACTUREE - La pavimentadora en l\u00ednea","alternateName":"FACTUREE - der Online-Fertiger","url":"https:\/\/www.facturee.de\/","logo":{"@type":"ImageObject","inLanguage":"es","@id":"https:\/\/www.facturee.de\/#\/schema\/logo\/image\/","url":"https:\/\/www.facturee.de\/wp-content\/uploads\/facturee-2000px.webp","contentUrl":"https:\/\/www.facturee.de\/wp-content\/uploads\/facturee-2000px.webp","width":2000,"height":470,"caption":"FACTUREE - Der Online Fertiger"},"image":{"@id":"https:\/\/www.facturee.de\/#\/schema\/logo\/image\/"},"sameAs":["https:\/\/www.facebook.com\/FACTUREE\/","https:\/\/x.com\/FACTUREE_de","https:\/\/www.linkedin.com\/company\/12655397\/admin\/feed\/posts\/","https:\/\/www.xing.com\/pages\/facturee-deronline-fertiger"],"email":"info@facturee.de","telephone":"03062939390","numberOfEmployees":{"@type":"QuantitativeValue","minValue":"51","maxValue":"200"}},{"@type":"Person","@id":"https:\/\/www.facturee.de\/#\/schema\/person\/3b40f6a013a5122cc488b01fa78bc1ea","name":"Anastasia Franz","image":{"@type":"ImageObject","inLanguage":"es","@id":"https:\/\/www.facturee.de\/wp-content\/uploads\/facturee-anastasia-franz-96x96.webp","url":"https:\/\/www.facturee.de\/wp-content\/uploads\/facturee-anastasia-franz-96x96.webp","contentUrl":"https:\/\/www.facturee.de\/wp-content\/uploads\/facturee-anastasia-franz-96x96.webp","caption":"Anastasia Franz"}}]}},"_links":{"self":[{"href":"https:\/\/www.facturee.de\/es\/wp-json\/wp\/v2\/posts\/26481","targetHints":{"allow":["GET"]}}],"collection":[{"href":"https:\/\/www.facturee.de\/es\/wp-json\/wp\/v2\/posts"}],"about":[{"href":"https:\/\/www.facturee.de\/es\/wp-json\/wp\/v2\/types\/post"}],"author":[{"embeddable":true,"href":"https:\/\/www.facturee.de\/es\/wp-json\/wp\/v2\/users\/19"}],"replies":[{"embeddable":true,"href":"https:\/\/www.facturee.de\/es\/wp-json\/wp\/v2\/comments?post=26481"}],"version-history":[{"count":0,"href":"https:\/\/www.facturee.de\/es\/wp-json\/wp\/v2\/posts\/26481\/revisions"}],"wp:featuredmedia":[{"embeddable":true,"href":"https:\/\/www.facturee.de\/es\/wp-json\/wp\/v2\/media\/26483"}],"wp:attachment":[{"href":"https:\/\/www.facturee.de\/es\/wp-json\/wp\/v2\/media?parent=26481"}],"wp:term":[{"taxonomy":"category","embeddable":true,"href":"https:\/\/www.facturee.de\/es\/wp-json\/wp\/v2\/categories?post=26481"},{"taxonomy":"post_tag","embeddable":true,"href":"https:\/\/www.facturee.de\/es\/wp-json\/wp\/v2\/tags?post=26481"}],"curies":[{"name":"wp","href":"https:\/\/api.w.org\/{rel}","templated":true}]}}