{"id":26642,"date":"2025-06-23T17:03:37","date_gmt":"2025-06-23T15:03:37","guid":{"rendered":"https:\/\/factureestage.wpengine.com\/?p=26642"},"modified":"2025-06-23T17:37:44","modified_gmt":"2025-06-23T15:37:44","slug":"adquisicion-de-manana-un-nuevo-formato-comienza-con-exito","status":"publish","type":"post","link":"https:\/\/www.facturee.de\/es\/procurement-of-tomorrow-erfolgreicher-auftakt-fuer-ein-neues-format\/","title":{"rendered":"Adquisiciones del ma\u00f1ana: buen comienzo para un nuevo formato\u00a0"},"content":{"rendered":"<div data-elementor-type=\"wp-post\" data-elementor-id=\"26642\" class=\"elementor elementor-26642\" data-elementor-post-type=\"post\">\n\t\t\t\t\t\t<section class=\"elementor-section elementor-top-section elementor-element elementor-element-cb60886 elementor-section-boxed elementor-section-height-default elementor-section-height-default\" data-id=\"cb60886\" data-element_type=\"section\" data-e-type=\"section\">\n\t\t\t\t\t\t<div class=\"elementor-container elementor-column-gap-default\">\n\t\t\t\t\t<div class=\"elementor-column elementor-col-100 elementor-top-column elementor-element elementor-element-f34d1b2\" data-id=\"f34d1b2\" data-element_type=\"column\" data-e-type=\"column\">\n\t\t\t<div class=\"elementor-widget-wrap elementor-element-populated\">\n\t\t\t\t\t\t<div class=\"elementor-element elementor-element-99c3c66 elementor-widget elementor-widget-text-editor\" data-id=\"99c3c66\" data-element_type=\"widget\" data-e-type=\"widget\" data-widget_type=\"text-editor.default\">\n\t\t\t\t<div class=\"elementor-widget-container\">\n\t\t\t\t\t\t\t\t\t<p><span style=\"font-weight: 400;\">El pasado jueves celebramos nuestro primer <\/span><b><a href=\"https:\/\/www.facturee.de\/es\/compras-del-manana-tendencias-e-ia-en-compras\/\">\"La contrataci\u00f3n del ma\u00f1ana\"<\/a><\/b><span style=\"font-weight: 400;\"><a href=\"https:\/\/www.facturee.de\/es\/compras-del-manana-tendencias-e-ia-en-compras\/\">-Evento<\/a> en cooperaci\u00f3n con <\/span><b>Mercanis<\/b><span style=\"font-weight: 400;\"> \u00a1un gran comienzo! Con m\u00e1s de 40 participantes comprometidos, el estreno fue todo un \u00e9xito y el punto de partida perfecto para una nueva serie de eventos dedicados a las cuestiones m\u00e1s acuciantes en torno al futuro de la contrataci\u00f3n. Los participantes debatieron cuestiones clave relacionadas con el futuro de la contrataci\u00f3n, la digitalizaci\u00f3n y la IA en las compras.\u00a0<\/span><\/p><p><span style=\"font-weight: 400;\">El tiempo veraniego proporcion\u00f3 el marco ideal para una velada llena de inspiraci\u00f3n, transferencia de conocimientos y animados debates.<\/span><\/p>\t\t\t\t\t\t\t\t<\/div>\n\t\t\t\t<\/div>\n\t\t\t\t\t<\/div>\n\t\t<\/div>\n\t\t\t\t\t<\/div>\n\t\t<\/section>\n\t\t\t\t<section class=\"elementor-section elementor-top-section elementor-element elementor-element-299a1e9 elementor-section-boxed elementor-section-height-default elementor-section-height-default\" data-id=\"299a1e9\" data-element_type=\"section\" data-e-type=\"section\">\n\t\t\t\t\t\t<div class=\"elementor-container elementor-column-gap-default\">\n\t\t\t\t\t<div class=\"elementor-column elementor-col-100 elementor-top-column elementor-element elementor-element-bdc77e2\" data-id=\"bdc77e2\" data-element_type=\"column\" data-e-type=\"column\">\n\t\t\t<div class=\"elementor-widget-wrap elementor-element-populated\">\n\t\t\t\t\t\t<div class=\"elementor-element elementor-element-27b9079 elementor--h-position-center elementor--v-position-middle elementor-arrows-position-inside elementor-pagination-position-inside elementor-widget elementor-widget-slides\" data-id=\"27b9079\" data-element_type=\"widget\" data-e-type=\"widget\" data-settings=\"{&quot;navigation&quot;:&quot;both&quot;,&quot;autoplay&quot;:&quot;yes&quot;,&quot;pause_on_hover&quot;:&quot;yes&quot;,&quot;pause_on_interaction&quot;:&quot;yes&quot;,&quot;autoplay_speed&quot;:5000,&quot;infinite&quot;:&quot;yes&quot;,&quot;transition&quot;:&quot;slide&quot;,&quot;transition_speed&quot;:500}\" data-widget_type=\"slides.default\">\n\t\t\t\t<div class=\"elementor-widget-container\">\n\t\t\t\t\t\t\t\t\t<div class=\"elementor-swiper\">\n\t\t\t\t\t<div class=\"elementor-slides-wrapper elementor-main-swiper swiper\" role=\"region\" aria-roledescription=\"carousel\" aria-label=\"Deslizador\" dir=\"ltr\" data-animation=\"fadeInUp\">\n\t\t\t\t<div class=\"swiper-wrapper elementor-slides\">\n\t\t\t\t\t\t\t\t\t\t<div class=\"elementor-repeater-item-1a32889 swiper-slide\" role=\"group\" aria-roledescription=\"slide\"><div class=\"swiper-slide-bg\" role=\"img\" aria-label=\"La contrataci\u00f3n p\u00fablica del ma\u00f1ana: hablan las personas\"><\/div><div class=\"swiper-slide-inner\" ><div class=\"swiper-slide-contents\"><\/div><\/div><\/div><div class=\"elementor-repeater-item-c87b744 swiper-slide\" role=\"group\" aria-roledescription=\"slide\"><div class=\"swiper-slide-bg\" role=\"img\" aria-label=\"La contrataci\u00f3n p\u00fablica del ma\u00f1ana: hablan las personas\"><\/div><div class=\"swiper-slide-inner\" ><div class=\"swiper-slide-contents\"><\/div><\/div><\/div><div class=\"elementor-repeater-item-c645ed8 swiper-slide\" role=\"group\" aria-roledescription=\"slide\"><div class=\"swiper-slide-bg\" role=\"img\" aria-label=\"La contrataci\u00f3n p\u00fablica del ma\u00f1ana: hablan las personas\"><\/div><div class=\"swiper-slide-inner\" ><div class=\"swiper-slide-contents\"><\/div><\/div><\/div><div class=\"elementor-repeater-item-e02200a swiper-slide\" role=\"group\" aria-roledescription=\"slide\"><div class=\"swiper-slide-bg\" role=\"img\" aria-label=\"La contrataci\u00f3n p\u00fablica del ma\u00f1ana: hablan las personas\"><\/div><div class=\"swiper-slide-inner\" ><div class=\"swiper-slide-contents\"><\/div><\/div><\/div><div class=\"elementor-repeater-item-5c722f5 swiper-slide\" role=\"group\" aria-roledescription=\"slide\"><div class=\"swiper-slide-bg\" role=\"img\" aria-label=\"La contrataci\u00f3n p\u00fablica del ma\u00f1ana: hablan las personas\"><\/div><div class=\"swiper-slide-inner\" ><div class=\"swiper-slide-contents\"><\/div><\/div><\/div><div class=\"elementor-repeater-item-d6a7673 swiper-slide\" role=\"group\" aria-roledescription=\"slide\"><div class=\"swiper-slide-bg\" role=\"img\" aria-label=\"La contrataci\u00f3n p\u00fablica del ma\u00f1ana: hablan las personas\"><\/div><div class=\"swiper-slide-inner\" ><div class=\"swiper-slide-contents\"><\/div><\/div><\/div><div class=\"elementor-repeater-item-e6d4e0e swiper-slide\" role=\"group\" aria-roledescription=\"slide\"><div class=\"swiper-slide-bg\" role=\"img\" aria-label=\"La contrataci\u00f3n p\u00fablica del ma\u00f1ana: hablan las personas\"><\/div><div class=\"swiper-slide-inner\" ><div class=\"swiper-slide-contents\"><\/div><\/div><\/div><div class=\"elementor-repeater-item-3996330 swiper-slide\" role=\"group\" aria-roledescription=\"slide\"><div class=\"swiper-slide-bg\" role=\"img\" aria-label=\"La contrataci\u00f3n p\u00fablica del ma\u00f1ana: hablan las personas\"><\/div><div class=\"swiper-slide-inner\" ><div class=\"swiper-slide-contents\"><\/div><\/div><\/div><div class=\"elementor-repeater-item-ae60179 swiper-slide\" role=\"group\" aria-roledescription=\"slide\"><div class=\"swiper-slide-bg\" role=\"img\" aria-label=\"La contrataci\u00f3n p\u00fablica del ma\u00f1ana: hablan las personas\"><\/div><div class=\"swiper-slide-inner\" ><div class=\"swiper-slide-contents\"><\/div><\/div><\/div><div class=\"elementor-repeater-item-1103795 swiper-slide\" role=\"group\" aria-roledescription=\"slide\"><div class=\"swiper-slide-bg\" role=\"img\" aria-label=\"La contrataci\u00f3n p\u00fablica del ma\u00f1ana: hablan las personas\"><\/div><div class=\"swiper-slide-inner\" ><div class=\"swiper-slide-contents\"><\/div><\/div><\/div><div class=\"elementor-repeater-item-a4fb4ec swiper-slide\" role=\"group\" aria-roledescription=\"slide\"><div class=\"swiper-slide-bg\" role=\"img\" aria-label=\"La contrataci\u00f3n p\u00fablica del ma\u00f1ana: hablan las personas\"><\/div><div class=\"swiper-slide-inner\" ><div class=\"swiper-slide-contents\"><\/div><\/div><\/div><div class=\"elementor-repeater-item-6c909ea swiper-slide\" role=\"group\" aria-roledescription=\"slide\"><div class=\"swiper-slide-bg\" role=\"img\" aria-label=\"La contrataci\u00f3n p\u00fablica del ma\u00f1ana: hablan las personas\"><\/div><div class=\"swiper-slide-inner\" ><div class=\"swiper-slide-contents\"><\/div><\/div><\/div><div class=\"elementor-repeater-item-9ec02b3 swiper-slide\" role=\"group\" aria-roledescription=\"slide\"><div class=\"swiper-slide-bg\" role=\"img\" aria-label=\"La contrataci\u00f3n p\u00fablica del ma\u00f1ana: hablan las personas\"><\/div><div class=\"swiper-slide-inner\" ><div class=\"swiper-slide-contents\"><\/div><\/div><\/div><div class=\"elementor-repeater-item-5f618f1 swiper-slide\" role=\"group\" aria-roledescription=\"slide\"><div class=\"swiper-slide-bg\" role=\"img\" aria-label=\"La contrataci\u00f3n p\u00fablica del ma\u00f1ana: hablan las personas\"><\/div><div class=\"swiper-slide-inner\" ><div class=\"swiper-slide-contents\"><\/div><\/div><\/div><div class=\"elementor-repeater-item-5937d17 swiper-slide\" role=\"group\" aria-roledescription=\"slide\"><div class=\"swiper-slide-bg\" role=\"img\" aria-label=\"La contrataci\u00f3n p\u00fablica del ma\u00f1ana: hablan las personas\"><\/div><div class=\"swiper-slide-inner\" ><div class=\"swiper-slide-contents\"><\/div><\/div><\/div><div class=\"elementor-repeater-item-8a7e394 swiper-slide\" role=\"group\" aria-roledescription=\"slide\"><div class=\"swiper-slide-bg\" role=\"img\" aria-label=\"La contrataci\u00f3n p\u00fablica del ma\u00f1ana: hablan las personas\"><\/div><div class=\"swiper-slide-inner\" ><div class=\"swiper-slide-contents\"><\/div><\/div><\/div><div class=\"elementor-repeater-item-6d25c4b swiper-slide\" role=\"group\" aria-roledescription=\"slide\"><div class=\"swiper-slide-bg\" role=\"img\" aria-label=\"La contrataci\u00f3n p\u00fablica del ma\u00f1ana: hablan las personas\"><\/div><div class=\"swiper-slide-inner\" ><div class=\"swiper-slide-contents\"><\/div><\/div><\/div><div class=\"elementor-repeater-item-447de0f swiper-slide\" role=\"group\" aria-roledescription=\"slide\"><div class=\"swiper-slide-bg\" role=\"img\" aria-label=\"La contrataci\u00f3n p\u00fablica del ma\u00f1ana: hablan las personas\"><\/div><div class=\"swiper-slide-inner\" ><div class=\"swiper-slide-contents\"><\/div><\/div><\/div><div class=\"elementor-repeater-item-717b311 swiper-slide\" role=\"group\" aria-roledescription=\"slide\"><div class=\"swiper-slide-bg\" role=\"img\" aria-label=\"La contrataci\u00f3n p\u00fablica del ma\u00f1ana: hablan las personas\"><\/div><div class=\"swiper-slide-inner\" ><div class=\"swiper-slide-contents\"><\/div><\/div><\/div><div class=\"elementor-repeater-item-4bb48ce swiper-slide\" role=\"group\" aria-roledescription=\"slide\"><div class=\"swiper-slide-bg\" role=\"img\" aria-label=\"La contrataci\u00f3n p\u00fablica del ma\u00f1ana: hablan las personas\"><\/div><div class=\"swiper-slide-inner\" ><div class=\"swiper-slide-contents\"><\/div><\/div><\/div>\t\t\t\t<\/div>\n\t\t\t\t\t\t\t\t\t\t\t\t\t\t\t<div class=\"elementor-swiper-button elementor-swiper-button-prev\" role=\"button\" tabindex=\"0\" aria-label=\"Diapositiva anterior\">\n\t\t\t\t\t\t\t<i aria-hidden=\"true\" class=\"eicon-chevron-left\"><\/i>\t\t\t\t\t\t<\/div>\n\t\t\t\t\t\t<div class=\"elementor-swiper-button elementor-swiper-button-next\" role=\"button\" tabindex=\"0\" aria-label=\"Siguiente diapositiva\">\n\t\t\t\t\t\t\t<i aria-hidden=\"true\" class=\"eicon-chevron-right\"><\/i>\t\t\t\t\t\t<\/div>\n\t\t\t\t\t\t\t\t\t\t\t\t\t\t\t\t<div class=\"swiper-pagination\"><\/div>\n\t\t\t\t\t\t\t\t\t\t\t\t<\/div>\n\t\t\t\t<\/div>\n\t\t\t\t\t\t\t\t<\/div>\n\t\t\t\t<\/div>\n\t\t\t\t\t<\/div>\n\t\t<\/div>\n\t\t\t\t\t<\/div>\n\t\t<\/section>\n\t\t\t\t<section class=\"elementor-section elementor-top-section elementor-element elementor-element-8fd4f92 elementor-section-boxed elementor-section-height-default elementor-section-height-default\" data-id=\"8fd4f92\" data-element_type=\"section\" data-e-type=\"section\">\n\t\t\t\t\t\t<div class=\"elementor-container elementor-column-gap-default\">\n\t\t\t\t\t<div class=\"elementor-column elementor-col-100 elementor-top-column elementor-element elementor-element-42897c1\" data-id=\"42897c1\" data-element_type=\"column\" data-e-type=\"column\">\n\t\t\t<div class=\"elementor-widget-wrap elementor-element-populated\">\n\t\t\t\t\t\t<div class=\"elementor-element elementor-element-183f9f7 elementor-widget elementor-widget-spacer\" data-id=\"183f9f7\" data-element_type=\"widget\" data-e-type=\"widget\" data-widget_type=\"spacer.default\">\n\t\t\t\t<div class=\"elementor-widget-container\">\n\t\t\t\t\t\t\t<div class=\"elementor-spacer\">\n\t\t\t<div class=\"elementor-spacer-inner\"><\/div>\n\t\t<\/div>\n\t\t\t\t\t\t<\/div>\n\t\t\t\t<\/div>\n\t\t\t\t\t<\/div>\n\t\t<\/div>\n\t\t\t\t\t<\/div>\n\t\t<\/section>\n\t\t\t\t<section class=\"elementor-section elementor-top-section elementor-element elementor-element-ba98df4 elementor-section-boxed elementor-section-height-default elementor-section-height-default\" data-id=\"ba98df4\" data-element_type=\"section\" data-e-type=\"section\">\n\t\t\t\t\t\t<div class=\"elementor-container elementor-column-gap-default\">\n\t\t\t\t\t<div class=\"elementor-column elementor-col-100 elementor-top-column elementor-element elementor-element-0c1ac10\" data-id=\"0c1ac10\" data-element_type=\"column\" data-e-type=\"column\">\n\t\t\t<div class=\"elementor-widget-wrap elementor-element-populated\">\n\t\t\t\t\t\t<div class=\"elementor-element elementor-element-9bf0cd7 elementor-widget elementor-widget-heading\" data-id=\"9bf0cd7\" data-element_type=\"widget\" data-e-type=\"widget\" data-widget_type=\"heading.default\">\n\t\t\t\t<div class=\"elementor-widget-container\">\n\t\t\t\t\t<h2 class=\"elementor-heading-title elementor-size-default\">Transferencia de conocimientos y perspectivas interesantes sobre la digitalizaci\u00f3n en las compras\n<\/h2>\t\t\t\t<\/div>\n\t\t\t\t<\/div>\n\t\t\t\t\t<\/div>\n\t\t<\/div>\n\t\t\t\t\t<\/div>\n\t\t<\/section>\n\t\t\t\t<section class=\"elementor-section elementor-top-section elementor-element elementor-element-130447f elementor-section-boxed elementor-section-height-default elementor-section-height-default\" data-id=\"130447f\" data-element_type=\"section\" data-e-type=\"section\">\n\t\t\t\t\t\t<div class=\"elementor-container elementor-column-gap-default\">\n\t\t\t\t\t<div class=\"elementor-column elementor-col-100 elementor-top-column elementor-element elementor-element-7b867ec\" data-id=\"7b867ec\" data-element_type=\"column\" data-e-type=\"column\">\n\t\t\t<div class=\"elementor-widget-wrap elementor-element-populated\">\n\t\t\t\t\t\t<div class=\"elementor-element elementor-element-c18bdec elementor-widget elementor-widget-text-editor\" data-id=\"c18bdec\" data-element_type=\"widget\" data-e-type=\"widget\" data-widget_type=\"text-editor.default\">\n\t\t\t\t<div class=\"elementor-widget-container\">\n\t\t\t\t\t\t\t\t\t<p><span style=\"font-weight: 400;\">Tras una calurosa bienvenida de nuestro Director General <\/span><b>Moritz K\u00f6nig <\/b><span style=\"font-weight: 400;\">El acto comenz\u00f3 con una cautivadora <\/span><b>Discurso de Jan-Henner Thei\u00dfen (targetP)<\/b><span style=\"font-weight: 400;\">. Arroj\u00f3 una luz impresionante sobre c\u00f3mo las innovaciones pueden convertirse en un factor de \u00e9xito decisivo en tiempos de crisis y c\u00f3mo la IA proporciona a las compras palancas de valor e influencia adicionales. Imprescindible para todo comprador con visi\u00f3n de futuro que quiera comprender y aprovechar las tendencias actuales.\u00a0<\/span><\/p>\t\t\t\t\t\t\t\t<\/div>\n\t\t\t\t<\/div>\n\t\t\t\t\t<\/div>\n\t\t<\/div>\n\t\t\t\t\t<\/div>\n\t\t<\/section>\n\t\t\t\t<section class=\"elementor-section elementor-top-section elementor-element elementor-element-633755c elementor-section-boxed elementor-section-height-default elementor-section-height-default\" data-id=\"633755c\" data-element_type=\"section\" data-e-type=\"section\">\n\t\t\t\t\t\t<div class=\"elementor-container elementor-column-gap-default\">\n\t\t\t\t\t<div class=\"elementor-column elementor-col-100 elementor-top-column elementor-element elementor-element-19d1be9\" data-id=\"19d1be9\" data-element_type=\"column\" data-e-type=\"column\">\n\t\t\t<div class=\"elementor-widget-wrap elementor-element-populated\">\n\t\t\t\t\t\t<div class=\"elementor-element elementor-element-a792f64 elementor-widget elementor-widget-spacer\" data-id=\"a792f64\" data-element_type=\"widget\" data-e-type=\"widget\" data-widget_type=\"spacer.default\">\n\t\t\t\t<div class=\"elementor-widget-container\">\n\t\t\t\t\t\t\t<div class=\"elementor-spacer\">\n\t\t\t<div class=\"elementor-spacer-inner\"><\/div>\n\t\t<\/div>\n\t\t\t\t\t\t<\/div>\n\t\t\t\t<\/div>\n\t\t\t\t\t<\/div>\n\t\t<\/div>\n\t\t\t\t\t<\/div>\n\t\t<\/section>\n\t\t\t\t<section class=\"elementor-section elementor-top-section elementor-element elementor-element-84f2795 elementor-section-boxed elementor-section-height-default elementor-section-height-default\" data-id=\"84f2795\" data-element_type=\"section\" data-e-type=\"section\">\n\t\t\t\t\t\t<div class=\"elementor-container elementor-column-gap-default\">\n\t\t\t\t\t<div class=\"elementor-column elementor-col-100 elementor-top-column elementor-element elementor-element-74fb378\" data-id=\"74fb378\" data-element_type=\"column\" data-e-type=\"column\">\n\t\t\t<div class=\"elementor-widget-wrap elementor-element-populated\">\n\t\t\t\t\t\t<div class=\"elementor-element elementor-element-31b535e elementor-widget elementor-widget-heading\" data-id=\"31b535e\" data-element_type=\"widget\" data-e-type=\"widget\" data-widget_type=\"heading.default\">\n\t\t\t\t<div class=\"elementor-widget-container\">\n\t\t\t\t\t<h2 class=\"elementor-heading-title elementor-size-default\">Sesi\u00f3n \"Talk &amp; Tackle\" con un panel de expertos sobre innovaci\u00f3n e IA en la contrataci\u00f3n p\u00fablica\n<\/h2>\t\t\t\t<\/div>\n\t\t\t\t<\/div>\n\t\t\t\t\t<\/div>\n\t\t<\/div>\n\t\t\t\t\t<\/div>\n\t\t<\/section>\n\t\t\t\t<section class=\"elementor-section elementor-top-section elementor-element elementor-element-20517a2 elementor-section-boxed elementor-section-height-default elementor-section-height-default\" data-id=\"20517a2\" data-element_type=\"section\" data-e-type=\"section\">\n\t\t\t\t\t\t<div class=\"elementor-container elementor-column-gap-default\">\n\t\t\t\t\t<div class=\"elementor-column elementor-col-100 elementor-top-column elementor-element elementor-element-1200934\" data-id=\"1200934\" data-element_type=\"column\" data-e-type=\"column\">\n\t\t\t<div class=\"elementor-widget-wrap elementor-element-populated\">\n\t\t\t\t\t\t<div class=\"elementor-element elementor-element-506a05d elementor-widget elementor-widget-text-editor\" data-id=\"506a05d\" data-element_type=\"widget\" data-e-type=\"widget\" data-widget_type=\"text-editor.default\">\n\t\t\t\t<div class=\"elementor-widget-container\">\n\t\t\t\t\t\t\t\t\t<p><span style=\"font-weight: 400;\">Tras el discurso de apertura, tuvo lugar el acto interactivo <\/span><b>Sesi\u00f3n \"Talk &amp; Tackle<\/b><span style=\"font-weight: 400;\">. Los participantes tuvieron la oportunidad \u00fanica de entablar un intenso di\u00e1logo en grupos reducidos y debatir con nuestros expertos de alto nivel sobre los retos actuales y los puntos d\u00e9biles de la contrataci\u00f3n p\u00fablica. La atenci\u00f3n se centr\u00f3 en c\u00f3mo las innovaciones y la IA en la contrataci\u00f3n pueden ofrecer soluciones reales, especialmente en tiempos de incertidumbre.<\/span><\/p><p><span style=\"font-weight: 400;\">Nuestro especial agradecimiento a los ponentes, que compartieron sus amplios conocimientos y su valiosa experiencia:<\/span><\/p>\t\t\t\t\t\t\t\t<\/div>\n\t\t\t\t<\/div>\n\t\t\t\t\t<\/div>\n\t\t<\/div>\n\t\t\t\t\t<\/div>\n\t\t<\/section>\n\t\t\t\t<section class=\"elementor-section elementor-top-section elementor-element elementor-element-4b7de98 elementor-section-boxed elementor-section-height-default elementor-section-height-default\" data-id=\"4b7de98\" data-element_type=\"section\" data-e-type=\"section\">\n\t\t\t\t\t\t<div class=\"elementor-container elementor-column-gap-default\">\n\t\t\t\t\t<div class=\"elementor-column elementor-col-50 elementor-top-column elementor-element elementor-element-381bbf4\" data-id=\"381bbf4\" data-element_type=\"column\" data-e-type=\"column\">\n\t\t\t<div class=\"elementor-widget-wrap elementor-element-populated\">\n\t\t\t\t\t\t<div class=\"elementor-element elementor-element-3ef06a9 elementor-widget elementor-widget-image\" data-id=\"3ef06a9\" data-element_type=\"widget\" data-e-type=\"widget\" data-widget_type=\"image.default\">\n\t\t\t\t<div class=\"elementor-widget-container\">\n\t\t\t\t\t\t\t\t\t\t\t\t\t\t\t<img loading=\"lazy\" width=\"1024\" height=\"1024\" src=\"https:\/\/www.facturee.de\/wp-content\/uploads\/Alejandro-Basterrechea-1024x1024.png\" class=\"attachment-large size-large wp-image-26519\" alt=\"Fotograf\u00eda de Alejandro Basterrechea en Procurement of Tomorrow - el nuevo evento para compradores sobre tendencias e IA en la contrataci\u00f3n p\u00fablica\" srcset=\"https:\/\/www.facturee.de\/wp-content\/uploads\/Alejandro-Basterrechea-1024x1024.png 1024w, https:\/\/www.facturee.de\/wp-content\/uploads\/Alejandro-Basterrechea-300x300.png 300w, https:\/\/www.facturee.de\/wp-content\/uploads\/Alejandro-Basterrechea-150x150.png 150w, https:\/\/www.facturee.de\/wp-content\/uploads\/Alejandro-Basterrechea-768x768.png 768w, https:\/\/www.facturee.de\/wp-content\/uploads\/Alejandro-Basterrechea-190x190.png 190w, https:\/\/www.facturee.de\/wp-content\/uploads\/Alejandro-Basterrechea-12x12.png 12w, https:\/\/www.facturee.de\/wp-content\/uploads\/Alejandro-Basterrechea-800x800.png 800w, https:\/\/www.facturee.de\/wp-content\/uploads\/Alejandro-Basterrechea.png 1200w\" sizes=\"auto, (max-width: 1024px) 100vw, 1024px\" >\t\t\t\t\t\t\t\t\t\t\t\t\t\t\t<\/div>\n\t\t\t\t<\/div>\n\t\t\t\t<div class=\"elementor-element elementor-element-5fe590b elementor-widget elementor-widget-text-editor\" data-id=\"5fe590b\" data-element_type=\"widget\" data-e-type=\"widget\" data-widget_type=\"text-editor.default\">\n\t\t\t\t<div class=\"elementor-widget-container\">\n\t\t\t\t\t\t\t\t\t<p><span style=\"font-weight: 600;\">Alejandro Basterrechea<\/span>\u00a0(Director de Compras Indirectas en Zalando)\u00a0<\/p>\n<p><a href=\"https:\/\/www.linkedin.com\/in\/alebaste\/\" target=\"_blank\" rel=\"noopener\">Haga clic aqu\u00ed para ver el perfil de LinkedIn.\u00a0<\/a><\/p>\t\t\t\t\t\t\t\t<\/div>\n\t\t\t\t<\/div>\n\t\t\t\t\t<\/div>\n\t\t<\/div>\n\t\t\t\t<div class=\"elementor-column elementor-col-50 elementor-top-column elementor-element elementor-element-4c97965\" data-id=\"4c97965\" data-element_type=\"column\" data-e-type=\"column\">\n\t\t\t<div class=\"elementor-widget-wrap elementor-element-populated\">\n\t\t\t\t\t\t<div class=\"elementor-element elementor-element-ce99b7b elementor-widget elementor-widget-image\" data-id=\"ce99b7b\" data-element_type=\"widget\" data-e-type=\"widget\" data-widget_type=\"image.default\">\n\t\t\t\t<div class=\"elementor-widget-container\">\n\t\t\t\t\t\t\t\t\t\t\t\t\t\t\t<img loading=\"lazy\" width=\"1024\" height=\"1024\" src=\"https:\/\/www.facturee.de\/wp-content\/uploads\/Bettina-Fischer-1024x1024.png\" class=\"attachment-large size-large wp-image-26520\" alt=\"Retrato fotogr\u00e1fico de Bettina Fischer en Procurement of Tomorrow, el nuevo evento para compradores sobre tendencias e inteligencia artificial en la contrataci\u00f3n p\u00fablica.\" srcset=\"https:\/\/www.facturee.de\/wp-content\/uploads\/Bettina-Fischer-1024x1024.png 1024w, https:\/\/www.facturee.de\/wp-content\/uploads\/Bettina-Fischer-300x300.png 300w, https:\/\/www.facturee.de\/wp-content\/uploads\/Bettina-Fischer-150x150.png 150w, https:\/\/www.facturee.de\/wp-content\/uploads\/Bettina-Fischer-768x768.png 768w, https:\/\/www.facturee.de\/wp-content\/uploads\/Bettina-Fischer-190x190.png 190w, https:\/\/www.facturee.de\/wp-content\/uploads\/Bettina-Fischer-12x12.png 12w, https:\/\/www.facturee.de\/wp-content\/uploads\/Bettina-Fischer-800x800.png 800w, https:\/\/www.facturee.de\/wp-content\/uploads\/Bettina-Fischer.png 1200w\" sizes=\"auto, (max-width: 1024px) 100vw, 1024px\" >\t\t\t\t\t\t\t\t\t\t\t\t\t\t\t<\/div>\n\t\t\t\t<\/div>\n\t\t\t\t<div class=\"elementor-element elementor-element-10ca872 elementor-widget elementor-widget-text-editor\" data-id=\"10ca872\" data-element_type=\"widget\" data-e-type=\"widget\" data-widget_type=\"text-editor.default\">\n\t\t\t\t<div class=\"elementor-widget-container\">\n\t\t\t\t\t\t\t\t\t<p><strong>Bettina Fischer<\/strong>\u00a0(Fundador y Consejero Delegado de Hivebuy, antes Zalando\/Lidl)<\/p>\n<p><a href=\"https:\/\/www.linkedin.com\/in\/bettina-fischer-hivebuy\/\" target=\"_blank\" rel=\"noopener\">Haga clic aqu\u00ed para ver el perfil de LinkedIn.\u00a0<\/a><\/p>\t\t\t\t\t\t\t\t<\/div>\n\t\t\t\t<\/div>\n\t\t\t\t\t<\/div>\n\t\t<\/div>\n\t\t\t\t\t<\/div>\n\t\t<\/section>\n\t\t\t\t<section class=\"elementor-section elementor-top-section elementor-element elementor-element-69dc538 elementor-section-boxed elementor-section-height-default elementor-section-height-default\" data-id=\"69dc538\" data-element_type=\"section\" data-e-type=\"section\">\n\t\t\t\t\t\t<div class=\"elementor-container elementor-column-gap-default\">\n\t\t\t\t\t<div class=\"elementor-column elementor-col-50 elementor-top-column elementor-element elementor-element-6994a04\" data-id=\"6994a04\" data-element_type=\"column\" data-e-type=\"column\">\n\t\t\t<div class=\"elementor-widget-wrap elementor-element-populated\">\n\t\t\t\t\t\t<div class=\"elementor-element elementor-element-51a774a elementor-widget elementor-widget-image\" data-id=\"51a774a\" data-element_type=\"widget\" data-e-type=\"widget\" data-widget_type=\"image.default\">\n\t\t\t\t<div class=\"elementor-widget-container\">\n\t\t\t\t\t\t\t\t\t\t\t\t\t\t\t<img loading=\"lazy\" width=\"1024\" height=\"1024\" src=\"https:\/\/www.facturee.de\/wp-content\/uploads\/Jan-Henner-Theissen-1024x1024.png\" class=\"attachment-large size-large wp-image-26521\" alt=\"Retrato fotogr\u00e1fico de Jan Henner Theissen en Procurement of Tomorrow, el nuevo evento para compradores sobre tendencias e inteligencia artificial en la contrataci\u00f3n p\u00fablica.\" srcset=\"https:\/\/www.facturee.de\/wp-content\/uploads\/Jan-Henner-Theissen-1024x1024.png 1024w, https:\/\/www.facturee.de\/wp-content\/uploads\/Jan-Henner-Theissen-300x300.png 300w, https:\/\/www.facturee.de\/wp-content\/uploads\/Jan-Henner-Theissen-150x150.png 150w, https:\/\/www.facturee.de\/wp-content\/uploads\/Jan-Henner-Theissen-768x768.png 768w, https:\/\/www.facturee.de\/wp-content\/uploads\/Jan-Henner-Theissen-190x190.png 190w, https:\/\/www.facturee.de\/wp-content\/uploads\/Jan-Henner-Theissen-12x12.png 12w, https:\/\/www.facturee.de\/wp-content\/uploads\/Jan-Henner-Theissen-800x800.png 800w, https:\/\/www.facturee.de\/wp-content\/uploads\/Jan-Henner-Theissen.png 1200w\" sizes=\"auto, (max-width: 1024px) 100vw, 1024px\" >\t\t\t\t\t\t\t\t\t\t\t\t\t\t\t<\/div>\n\t\t\t\t<\/div>\n\t\t\t\t<div class=\"elementor-element elementor-element-500162d elementor-widget elementor-widget-text-editor\" data-id=\"500162d\" data-element_type=\"widget\" data-e-type=\"widget\" data-widget_type=\"text-editor.default\">\n\t\t\t\t<div class=\"elementor-widget-container\">\n\t\t\t\t\t\t\t\t\t<p><strong>Jan-Henner Thei\u00dfen<\/strong> (Director interino de Compras en targetP)<\/p>\n<p><a href=\"https:\/\/www.linkedin.com\/in\/jan-henner-theissen\/\">Haga clic aqu\u00ed para ver el perfil de Linkedin.\u00a0<\/a><\/p>\t\t\t\t\t\t\t\t<\/div>\n\t\t\t\t<\/div>\n\t\t\t\t\t<\/div>\n\t\t<\/div>\n\t\t\t\t<div class=\"elementor-column elementor-col-50 elementor-top-column elementor-element elementor-element-540dbaa\" data-id=\"540dbaa\" data-element_type=\"column\" data-e-type=\"column\">\n\t\t\t<div class=\"elementor-widget-wrap elementor-element-populated\">\n\t\t\t\t\t\t<div class=\"elementor-element elementor-element-8447710 elementor-widget elementor-widget-image\" data-id=\"8447710\" data-element_type=\"widget\" data-e-type=\"widget\" data-widget_type=\"image.default\">\n\t\t\t\t<div class=\"elementor-widget-container\">\n\t\t\t\t\t\t\t\t\t\t\t\t\t\t\t<img loading=\"lazy\" width=\"1024\" height=\"1024\" src=\"https:\/\/www.facturee.de\/wp-content\/uploads\/Fabian-Heinrich-1024x1024.png\" class=\"attachment-large size-large wp-image-26522\" alt=\"Foto de retrato de Fabian Heinrich en Procurement of Tomorrow - el nuevo evento para compradores sobre tendencias e IA en la contrataci\u00f3n p\u00fablica.\" srcset=\"https:\/\/www.facturee.de\/wp-content\/uploads\/Fabian-Heinrich-1024x1024.png 1024w, https:\/\/www.facturee.de\/wp-content\/uploads\/Fabian-Heinrich-300x300.png 300w, https:\/\/www.facturee.de\/wp-content\/uploads\/Fabian-Heinrich-150x150.png 150w, https:\/\/www.facturee.de\/wp-content\/uploads\/Fabian-Heinrich-768x768.png 768w, https:\/\/www.facturee.de\/wp-content\/uploads\/Fabian-Heinrich-190x190.png 190w, https:\/\/www.facturee.de\/wp-content\/uploads\/Fabian-Heinrich-12x12.png 12w, https:\/\/www.facturee.de\/wp-content\/uploads\/Fabian-Heinrich-800x800.png 800w, https:\/\/www.facturee.de\/wp-content\/uploads\/Fabian-Heinrich.png 1200w\" sizes=\"auto, (max-width: 1024px) 100vw, 1024px\" >\t\t\t\t\t\t\t\t\t\t\t\t\t\t\t<\/div>\n\t\t\t\t<\/div>\n\t\t\t\t<div class=\"elementor-element elementor-element-5c15e11 elementor-widget elementor-widget-text-editor\" data-id=\"5c15e11\" data-element_type=\"widget\" data-e-type=\"widget\" data-widget_type=\"text-editor.default\">\n\t\t\t\t<div class=\"elementor-widget-container\">\n\t\t\t\t\t\t\t\t\t<p><strong>Fabian Heinrich<\/strong> (Cofundador y Consejero Delegado de Mercanis)\u00a0<\/p>\n<p><a href=\"https:\/\/www.linkedin.com\/in\/fabianheinrich\/\">Haga clic aqu\u00ed para ver el perfil de LinkedIn.\u00a0<\/a><\/p>\t\t\t\t\t\t\t\t<\/div>\n\t\t\t\t<\/div>\n\t\t\t\t\t<\/div>\n\t\t<\/div>\n\t\t\t\t\t<\/div>\n\t\t<\/section>\n\t\t\t\t<section class=\"elementor-section elementor-top-section elementor-element elementor-element-9a65fac elementor-section-boxed elementor-section-height-default elementor-section-height-default\" data-id=\"9a65fac\" data-element_type=\"section\" data-e-type=\"section\">\n\t\t\t\t\t\t<div class=\"elementor-container elementor-column-gap-default\">\n\t\t\t\t\t<div class=\"elementor-column elementor-col-50 elementor-top-column elementor-element elementor-element-09adbb2\" data-id=\"09adbb2\" data-element_type=\"column\" data-e-type=\"column\">\n\t\t\t<div class=\"elementor-widget-wrap elementor-element-populated\">\n\t\t\t\t\t\t<div class=\"elementor-element elementor-element-bd49145 elementor-widget elementor-widget-image\" data-id=\"bd49145\" data-element_type=\"widget\" data-e-type=\"widget\" data-widget_type=\"image.default\">\n\t\t\t\t<div class=\"elementor-widget-container\">\n\t\t\t\t\t\t\t\t\t\t\t\t\t\t\t<img loading=\"lazy\" width=\"1024\" height=\"1024\" src=\"https:\/\/www.facturee.de\/wp-content\/uploads\/Christopher-Walzel-1-1024x1024.png\" class=\"attachment-large size-large wp-image-26524\" alt=\"Christopher Walzel retrato fotogr\u00e1fico en Procurement of Tomorrow - el nuevo evento para compradores sobre tendencias e IA en compras\" srcset=\"https:\/\/www.facturee.de\/wp-content\/uploads\/Christopher-Walzel-1-1024x1024.png 1024w, https:\/\/www.facturee.de\/wp-content\/uploads\/Christopher-Walzel-1-300x300.png 300w, https:\/\/www.facturee.de\/wp-content\/uploads\/Christopher-Walzel-1-150x150.png 150w, https:\/\/www.facturee.de\/wp-content\/uploads\/Christopher-Walzel-1-768x768.png 768w, https:\/\/www.facturee.de\/wp-content\/uploads\/Christopher-Walzel-1-190x190.png 190w, https:\/\/www.facturee.de\/wp-content\/uploads\/Christopher-Walzel-1-12x12.png 12w, https:\/\/www.facturee.de\/wp-content\/uploads\/Christopher-Walzel-1-800x800.png 800w, https:\/\/www.facturee.de\/wp-content\/uploads\/Christopher-Walzel-1.png 1200w\" sizes=\"auto, (max-width: 1024px) 100vw, 1024px\" >\t\t\t\t\t\t\t\t\t\t\t\t\t\t\t<\/div>\n\t\t\t\t<\/div>\n\t\t\t\t<div class=\"elementor-element elementor-element-616887a elementor-widget elementor-widget-text-editor\" data-id=\"616887a\" data-element_type=\"widget\" data-e-type=\"widget\" data-widget_type=\"text-editor.default\">\n\t\t\t\t<div class=\"elementor-widget-container\">\n\t\t\t\t\t\t\t\t\t<p><strong>Christopher Walzel<\/strong> (CPO y cofundador de Facturee)<\/p>\n<p><a href=\"https:\/\/www.facturee.de\/es\/nosotros\/\">M\u00e1s informaci\u00f3n sobre FACTUREE aqu\u00ed.<\/a><\/p>\t\t\t\t\t\t\t\t<\/div>\n\t\t\t\t<\/div>\n\t\t\t\t\t<\/div>\n\t\t<\/div>\n\t\t\t\t<div class=\"elementor-column elementor-col-50 elementor-top-column elementor-element elementor-element-e251fc7\" data-id=\"e251fc7\" data-element_type=\"column\" data-e-type=\"column\">\n\t\t\t<div class=\"elementor-widget-wrap\">\n\t\t\t\t\t\t\t<\/div>\n\t\t<\/div>\n\t\t\t\t\t<\/div>\n\t\t<\/section>\n\t\t\t\t<section class=\"elementor-section elementor-top-section elementor-element elementor-element-2fb5ca0 elementor-section-boxed elementor-section-height-default elementor-section-height-default\" data-id=\"2fb5ca0\" data-element_type=\"section\" data-e-type=\"section\">\n\t\t\t\t\t\t<div class=\"elementor-container elementor-column-gap-default\">\n\t\t\t\t\t<div class=\"elementor-column elementor-col-100 elementor-top-column elementor-element elementor-element-6003586\" data-id=\"6003586\" data-element_type=\"column\" data-e-type=\"column\">\n\t\t\t<div class=\"elementor-widget-wrap elementor-element-populated\">\n\t\t\t\t\t\t<div class=\"elementor-element elementor-element-92c9046 elementor-widget elementor-widget-spacer\" data-id=\"92c9046\" data-element_type=\"widget\" data-e-type=\"widget\" data-widget_type=\"spacer.default\">\n\t\t\t\t<div class=\"elementor-widget-container\">\n\t\t\t\t\t\t\t<div class=\"elementor-spacer\">\n\t\t\t<div class=\"elementor-spacer-inner\"><\/div>\n\t\t<\/div>\n\t\t\t\t\t\t<\/div>\n\t\t\t\t<\/div>\n\t\t\t\t\t<\/div>\n\t\t<\/div>\n\t\t\t\t\t<\/div>\n\t\t<\/section>\n\t\t\t\t<section class=\"elementor-section elementor-top-section elementor-element elementor-element-b853b19 elementor-section-boxed elementor-section-height-default elementor-section-height-default\" data-id=\"b853b19\" data-element_type=\"section\" data-e-type=\"section\">\n\t\t\t\t\t\t<div class=\"elementor-container elementor-column-gap-default\">\n\t\t\t\t\t<div class=\"elementor-column elementor-col-100 elementor-top-column elementor-element elementor-element-b81c8c1\" data-id=\"b81c8c1\" data-element_type=\"column\" data-e-type=\"column\">\n\t\t\t<div class=\"elementor-widget-wrap elementor-element-populated\">\n\t\t\t\t\t\t<div class=\"elementor-element elementor-element-555346c elementor-widget elementor-widget-heading\" data-id=\"555346c\" data-element_type=\"widget\" data-e-type=\"widget\" data-widget_type=\"heading.default\">\n\t\t\t\t<div class=\"elementor-widget-container\">\n\t\t\t\t\t<h2 class=\"elementor-heading-title elementor-size-default\">Trabajar en red con el mejor tiempo\n<\/h2>\t\t\t\t<\/div>\n\t\t\t\t<\/div>\n\t\t\t\t\t<\/div>\n\t\t<\/div>\n\t\t\t\t\t<\/div>\n\t\t<\/section>\n\t\t\t\t<section class=\"elementor-section elementor-top-section elementor-element elementor-element-e9d9fa2 elementor-section-boxed elementor-section-height-default elementor-section-height-default\" data-id=\"e9d9fa2\" data-element_type=\"section\" data-e-type=\"section\">\n\t\t\t\t\t\t<div class=\"elementor-container elementor-column-gap-default\">\n\t\t\t\t\t<div class=\"elementor-column elementor-col-100 elementor-top-column elementor-element elementor-element-223b513\" data-id=\"223b513\" data-element_type=\"column\" data-e-type=\"column\">\n\t\t\t<div class=\"elementor-widget-wrap elementor-element-populated\">\n\t\t\t\t\t\t<div class=\"elementor-element elementor-element-0d238ea elementor-widget elementor-widget-text-editor\" data-id=\"0d238ea\" data-element_type=\"widget\" data-e-type=\"widget\" data-widget_type=\"text-editor.default\">\n\t\t\t\t<div class=\"elementor-widget-container\">\n\t\t\t\t\t\t\t\t\t<p><span style=\"font-weight: 400;\">Se hicieron nuevos contactos mientras se creaban redes al aire libre y <\/span><b>Buenas pr\u00e1cticas en materia de compras<\/b><span style=\"font-weight: 400;\"> intercambiaron. El ambiente abierto propici\u00f3 debates en profundidad sobre <\/span><b>Estrategias de contrataci\u00f3n digital<\/b><span style=\"font-weight: 400;\"> y la evoluci\u00f3n futura.<\/span><\/p>\t\t\t\t\t\t\t\t<\/div>\n\t\t\t\t<\/div>\n\t\t\t\t\t<\/div>\n\t\t<\/div>\n\t\t\t\t\t<\/div>\n\t\t<\/section>\n\t\t\t\t<section class=\"elementor-section elementor-top-section elementor-element elementor-element-58bb084 elementor-section-boxed elementor-section-height-default elementor-section-height-default\" data-id=\"58bb084\" data-element_type=\"section\" data-e-type=\"section\">\n\t\t\t\t\t\t<div class=\"elementor-container elementor-column-gap-default\">\n\t\t\t\t\t<div class=\"elementor-column elementor-col-100 elementor-top-column elementor-element elementor-element-4db0a1b\" data-id=\"4db0a1b\" data-element_type=\"column\" data-e-type=\"column\">\n\t\t\t<div class=\"elementor-widget-wrap elementor-element-populated\">\n\t\t\t\t\t\t<div class=\"elementor-element elementor-element-959027f elementor-widget elementor-widget-spacer\" data-id=\"959027f\" data-element_type=\"widget\" data-e-type=\"widget\" data-widget_type=\"spacer.default\">\n\t\t\t\t<div class=\"elementor-widget-container\">\n\t\t\t\t\t\t\t<div class=\"elementor-spacer\">\n\t\t\t<div class=\"elementor-spacer-inner\"><\/div>\n\t\t<\/div>\n\t\t\t\t\t\t<\/div>\n\t\t\t\t<\/div>\n\t\t\t\t\t<\/div>\n\t\t<\/div>\n\t\t\t\t\t<\/div>\n\t\t<\/section>\n\t\t\t\t<section class=\"elementor-section elementor-top-section elementor-element elementor-element-d8bf2b7 elementor-section-boxed elementor-section-height-default elementor-section-height-default\" data-id=\"d8bf2b7\" data-element_type=\"section\" data-e-type=\"section\">\n\t\t\t\t\t\t<div class=\"elementor-container elementor-column-gap-default\">\n\t\t\t\t\t<div class=\"elementor-column elementor-col-100 elementor-top-column elementor-element elementor-element-2e17c3e\" data-id=\"2e17c3e\" data-element_type=\"column\" data-e-type=\"column\">\n\t\t\t<div class=\"elementor-widget-wrap elementor-element-populated\">\n\t\t\t\t\t\t<div class=\"elementor-element elementor-element-b07e418 elementor-widget elementor-widget-heading\" data-id=\"b07e418\" data-element_type=\"widget\" data-e-type=\"widget\" data-widget_type=\"heading.default\">\n\t\t\t\t<div class=\"elementor-widget-container\">\n\t\t\t\t\t<h2 class=\"elementor-heading-title elementor-size-default\">Se ha dado el pistoletazo de salida: \u00a1esperamos m\u00e1s!\n<\/h2>\t\t\t\t<\/div>\n\t\t\t\t<\/div>\n\t\t\t\t\t<\/div>\n\t\t<\/div>\n\t\t\t\t\t<\/div>\n\t\t<\/section>\n\t\t\t\t<section class=\"elementor-section elementor-top-section elementor-element elementor-element-de573c6 elementor-section-boxed elementor-section-height-default elementor-section-height-default\" data-id=\"de573c6\" data-element_type=\"section\" data-e-type=\"section\">\n\t\t\t\t\t\t<div class=\"elementor-container elementor-column-gap-default\">\n\t\t\t\t\t<div class=\"elementor-column elementor-col-100 elementor-top-column elementor-element elementor-element-712341a\" data-id=\"712341a\" data-element_type=\"column\" data-e-type=\"column\">\n\t\t\t<div class=\"elementor-widget-wrap elementor-element-populated\">\n\t\t\t\t\t\t<div class=\"elementor-element elementor-element-013a1a2 elementor-widget elementor-widget-text-editor\" data-id=\"013a1a2\" data-element_type=\"widget\" data-e-type=\"widget\" data-widget_type=\"text-editor.default\">\n\t\t\t\t<div class=\"elementor-widget-container\">\n\t\t\t\t\t\t\t\t\t<p><span style=\"font-weight: 400;\">El estreno de \"Adquisiciones del ma\u00f1ana\" fue todo un \u00e9xito y demostr\u00f3 el gran inter\u00e9s que despiertan los temas de adquisiciones orientados al futuro. Ya estamos deseando continuar con esta apasionante serie y darles pronto la bienvenida a la pr\u00f3xima edici\u00f3n.<\/span><\/p><p><span style=\"font-weight: 400;\">Permanezca atento a las pr\u00f3ximas actualizaciones.<\/span><\/p>\t\t\t\t\t\t\t\t<\/div>\n\t\t\t\t<\/div>\n\t\t\t\t\t<\/div>\n\t\t<\/div>\n\t\t\t\t\t<\/div>\n\t\t<\/section>\n\t\t\t\t<section class=\"elementor-section elementor-top-section elementor-element elementor-element-a26d599 elementor-section-boxed elementor-section-height-default elementor-section-height-default\" data-id=\"a26d599\" data-element_type=\"section\" data-e-type=\"section\">\n\t\t\t\t\t\t<div class=\"elementor-container elementor-column-gap-default\">\n\t\t\t\t\t<div class=\"elementor-column elementor-col-100 elementor-top-column elementor-element elementor-element-f961714\" data-id=\"f961714\" data-element_type=\"column\" data-e-type=\"column\">\n\t\t\t<div class=\"elementor-widget-wrap elementor-element-populated\">\n\t\t\t\t\t\t<div class=\"elementor-element elementor-element-ec1086e elementor-widget elementor-widget-text-editor\" data-id=\"ec1086e\" data-element_type=\"widget\" data-e-type=\"widget\" data-widget_type=\"text-editor.default\">\n\t\t\t\t<div class=\"elementor-widget-container\">\n\t\t\t\t\t\t\t\t\t<p><i><span style=\"font-weight: 400;\">Todas las impresiones de la velada fueron captadas para nosotros por Birthe Kr\u00fcger.<\/span><\/i><\/p>\t\t\t\t\t\t\t\t<\/div>\n\t\t\t\t<\/div>\n\t\t\t\t\t<\/div>\n\t\t<\/div>\n\t\t\t\t\t<\/div>\n\t\t<\/section>\n\t\t\t\t<\/div>","protected":false},"excerpt":{"rendered":"<p>Am vergangenen Donnerstag feierte unser allererstes &#8222;Procurement of Tomorrow&#8220;-Event in Zusammenarbeit mit Mercanis einen grandiosen Auftakt! Mit \u00fcber 40 engagierten [&hellip;]<\/p>\n","protected":false},"author":19,"featured_media":26636,"comment_status":"closed","ping_status":"closed","sticky":false,"template":"","format":"standard","meta":{"footnotes":""},"categories":[9],"tags":[],"class_list":["post-26642","post","type-post","status-publish","format-standard","has-post-thumbnail","hentry","category-dates-fares"],"yoast_head":"<!-- This site is optimized with the Yoast SEO Premium plugin v26.1 (Yoast SEO v27.3) - https:\/\/yoast.com\/product\/yoast-seo-premium-wordpress\/ -->\n<title>Procurement of Tomorrow: Erfolgreicher Auftakt f\u00fcr ein neues Format\u00a0<\/title>\n<meta name=\"description\" content=\"Procurement of Tomorrow: Erfolgreicher Auftakt \u2013 Zukunft des Einkaufs, KI &amp; Innovation im Fokus. Mehr zum Event hier erfahren!\" \/>\n<meta name=\"robots\" content=\"index, follow, max-snippet:-1, max-image-preview:large, max-video-preview:-1\" \/>\n<link rel=\"canonical\" href=\"https:\/\/www.facturee.de\/es\/adquisicion-de-manana-un-nuevo-formato-comienza-con-exito\/\" \/>\n<meta property=\"og:locale\" content=\"es_ES\" \/>\n<meta property=\"og:type\" content=\"article\" \/>\n<meta property=\"og:title\" content=\"Procurement of Tomorrow: Erfolgreicher Auftakt f\u00fcr ein neues Format\u00a0\" \/>\n<meta property=\"og:description\" content=\"Procurement of Tomorrow: Erfolgreicher Auftakt \u2013 Zukunft des Einkaufs, KI &amp; Innovation im Fokus. Mehr zum Event hier erfahren!\" \/>\n<meta property=\"og:url\" content=\"https:\/\/www.facturee.de\/es\/adquisicion-de-manana-un-nuevo-formato-comienza-con-exito\/\" \/>\n<meta property=\"og:site_name\" content=\"FACTUREE\" \/>\n<meta property=\"article:publisher\" content=\"https:\/\/www.facebook.com\/FACTUREE\/\" \/>\n<meta property=\"article:published_time\" content=\"2025-06-23T15:03:37+00:00\" \/>\n<meta property=\"article:modified_time\" content=\"2025-06-23T15:37:44+00:00\" \/>\n<meta property=\"og:image\" content=\"https:\/\/www.facturee.de\/wp-content\/uploads\/MeetUp-78.jpg\" \/>\n\t<meta property=\"og:image:width\" content=\"3000\" \/>\n\t<meta property=\"og:image:height\" content=\"2000\" \/>\n\t<meta property=\"og:image:type\" content=\"image\/jpeg\" \/>\n<meta name=\"author\" content=\"Anastasia Franz\" \/>\n<meta name=\"twitter:card\" content=\"summary_large_image\" \/>\n<meta name=\"twitter:creator\" content=\"@FACTUREE_de\" \/>\n<meta name=\"twitter:site\" content=\"@FACTUREE_de\" \/>\n<script type=\"application\/ld+json\" class=\"yoast-schema-graph\">{\"@context\":\"https:\\\/\\\/schema.org\",\"@graph\":[{\"@type\":\"Article\",\"@id\":\"https:\\\/\\\/www.facturee.de\\\/procurement-of-tomorrow-erfolgreicher-auftakt-fuer-ein-neues-format\\\/#article\",\"isPartOf\":{\"@id\":\"https:\\\/\\\/www.facturee.de\\\/procurement-of-tomorrow-erfolgreicher-auftakt-fuer-ein-neues-format\\\/\"},\"author\":{\"name\":\"Anastasia Franz\",\"@id\":\"https:\\\/\\\/www.facturee.de\\\/#\\\/schema\\\/person\\\/3b40f6a013a5122cc488b01fa78bc1ea\"},\"headline\":\"Procurement of Tomorrow: Erfolgreicher Auftakt f\u00fcr ein neues Format\u00a0\",\"datePublished\":\"2025-06-23T15:03:37+00:00\",\"dateModified\":\"2025-06-23T15:37:44+00:00\",\"mainEntityOfPage\":{\"@id\":\"https:\\\/\\\/www.facturee.de\\\/procurement-of-tomorrow-erfolgreicher-auftakt-fuer-ein-neues-format\\\/\"},\"wordCount\":427,\"publisher\":{\"@id\":\"https:\\\/\\\/www.facturee.de\\\/#organization\"},\"image\":{\"@id\":\"https:\\\/\\\/www.facturee.de\\\/procurement-of-tomorrow-erfolgreicher-auftakt-fuer-ein-neues-format\\\/#primaryimage\"},\"thumbnailUrl\":\"https:\\\/\\\/www.facturee.de\\\/wp-content\\\/uploads\\\/MeetUp-78.jpg\",\"articleSection\":[\"Termine und Messen\"],\"inLanguage\":\"es\"},{\"@type\":\"WebPage\",\"@id\":\"https:\\\/\\\/www.facturee.de\\\/procurement-of-tomorrow-erfolgreicher-auftakt-fuer-ein-neues-format\\\/\",\"url\":\"https:\\\/\\\/www.facturee.de\\\/procurement-of-tomorrow-erfolgreicher-auftakt-fuer-ein-neues-format\\\/\",\"name\":\"Procurement of Tomorrow: Erfolgreicher Auftakt f\u00fcr ein neues Format\u00a0\",\"isPartOf\":{\"@id\":\"https:\\\/\\\/www.facturee.de\\\/#website\"},\"primaryImageOfPage\":{\"@id\":\"https:\\\/\\\/www.facturee.de\\\/procurement-of-tomorrow-erfolgreicher-auftakt-fuer-ein-neues-format\\\/#primaryimage\"},\"image\":{\"@id\":\"https:\\\/\\\/www.facturee.de\\\/procurement-of-tomorrow-erfolgreicher-auftakt-fuer-ein-neues-format\\\/#primaryimage\"},\"thumbnailUrl\":\"https:\\\/\\\/www.facturee.de\\\/wp-content\\\/uploads\\\/MeetUp-78.jpg\",\"datePublished\":\"2025-06-23T15:03:37+00:00\",\"dateModified\":\"2025-06-23T15:37:44+00:00\",\"description\":\"Procurement of Tomorrow: Erfolgreicher Auftakt \u2013 Zukunft des Einkaufs, KI & Innovation im Fokus. Mehr zum Event hier erfahren!\",\"breadcrumb\":{\"@id\":\"https:\\\/\\\/www.facturee.de\\\/procurement-of-tomorrow-erfolgreicher-auftakt-fuer-ein-neues-format\\\/#breadcrumb\"},\"inLanguage\":\"es\",\"potentialAction\":[{\"@type\":\"ReadAction\",\"target\":[\"https:\\\/\\\/www.facturee.de\\\/procurement-of-tomorrow-erfolgreicher-auftakt-fuer-ein-neues-format\\\/\"]}]},{\"@type\":\"ImageObject\",\"inLanguage\":\"es\",\"@id\":\"https:\\\/\\\/www.facturee.de\\\/procurement-of-tomorrow-erfolgreicher-auftakt-fuer-ein-neues-format\\\/#primaryimage\",\"url\":\"https:\\\/\\\/www.facturee.de\\\/wp-content\\\/uploads\\\/MeetUp-78.jpg\",\"contentUrl\":\"https:\\\/\\\/www.facturee.de\\\/wp-content\\\/uploads\\\/MeetUp-78.jpg\",\"width\":3000,\"height\":2000,\"caption\":\"Procurement of Tomorrow: Premiere f\u00fcr ein neues Format. Paneldiskussion zu KI im Einkauf\"},{\"@type\":\"BreadcrumbList\",\"@id\":\"https:\\\/\\\/www.facturee.de\\\/procurement-of-tomorrow-erfolgreicher-auftakt-fuer-ein-neues-format\\\/#breadcrumb\",\"itemListElement\":[{\"@type\":\"ListItem\",\"position\":1,\"name\":\"Startseite\",\"item\":\"https:\\\/\\\/www.facturee.de\\\/\"},{\"@type\":\"ListItem\",\"position\":2,\"name\":\"Procurement of Tomorrow: Erfolgreicher Auftakt f\u00fcr ein neues Format\u00a0\"}]},{\"@type\":\"WebSite\",\"@id\":\"https:\\\/\\\/www.facturee.de\\\/#website\",\"url\":\"https:\\\/\\\/www.facturee.de\\\/\",\"name\":\"FACTUREE\",\"description\":\"Der Online-Fertiger\",\"publisher\":{\"@id\":\"https:\\\/\\\/www.facturee.de\\\/#organization\"},\"potentialAction\":[{\"@type\":\"SearchAction\",\"target\":{\"@type\":\"EntryPoint\",\"urlTemplate\":\"https:\\\/\\\/www.facturee.de\\\/?s={search_term_string}\"},\"query-input\":{\"@type\":\"PropertyValueSpecification\",\"valueRequired\":true,\"valueName\":\"search_term_string\"}}],\"inLanguage\":\"es\"},{\"@type\":\"Organization\",\"@id\":\"https:\\\/\\\/www.facturee.de\\\/#organization\",\"name\":\"FACTUREE - Der Online Fertiger\",\"alternateName\":\"FACTUREE - der Online-Fertiger\",\"url\":\"https:\\\/\\\/www.facturee.de\\\/\",\"logo\":{\"@type\":\"ImageObject\",\"inLanguage\":\"es\",\"@id\":\"https:\\\/\\\/www.facturee.de\\\/#\\\/schema\\\/logo\\\/image\\\/\",\"url\":\"https:\\\/\\\/www.facturee.de\\\/wp-content\\\/uploads\\\/facturee-2000px.webp\",\"contentUrl\":\"https:\\\/\\\/www.facturee.de\\\/wp-content\\\/uploads\\\/facturee-2000px.webp\",\"width\":2000,\"height\":470,\"caption\":\"FACTUREE - Der Online Fertiger\"},\"image\":{\"@id\":\"https:\\\/\\\/www.facturee.de\\\/#\\\/schema\\\/logo\\\/image\\\/\"},\"sameAs\":[\"https:\\\/\\\/www.facebook.com\\\/FACTUREE\\\/\",\"https:\\\/\\\/x.com\\\/FACTUREE_de\",\"https:\\\/\\\/www.linkedin.com\\\/company\\\/12655397\\\/admin\\\/feed\\\/posts\\\/\",\"https:\\\/\\\/www.xing.com\\\/pages\\\/facturee-deronline-fertiger\"],\"email\":\"info@facturee.de\",\"telephone\":\"03062939390\",\"numberOfEmployees\":{\"@type\":\"QuantitativeValue\",\"minValue\":\"51\",\"maxValue\":\"200\"}},{\"@type\":\"Person\",\"@id\":\"https:\\\/\\\/www.facturee.de\\\/#\\\/schema\\\/person\\\/3b40f6a013a5122cc488b01fa78bc1ea\",\"name\":\"Anastasia Franz\",\"image\":{\"@type\":\"ImageObject\",\"inLanguage\":\"es\",\"@id\":\"https:\\\/\\\/www.facturee.de\\\/wp-content\\\/uploads\\\/facturee-anastasia-franz-96x96.webp\",\"url\":\"https:\\\/\\\/www.facturee.de\\\/wp-content\\\/uploads\\\/facturee-anastasia-franz-96x96.webp\",\"contentUrl\":\"https:\\\/\\\/www.facturee.de\\\/wp-content\\\/uploads\\\/facturee-anastasia-franz-96x96.webp\",\"caption\":\"Anastasia Franz\"}}]}<\/script>\n<!-- \/ Yoast SEO Premium plugin. -->","yoast_head_json":{"title":"Adquisiciones del ma\u00f1ana: buen comienzo para un nuevo formato\u00a0","description":"Procurement of Tomorrow: Arranque con \u00e9xito - centrado en el futuro de la contrataci\u00f3n, la IA y la innovaci\u00f3n. M\u00e1s informaci\u00f3n sobre el evento aqu\u00ed.","robots":{"index":"index","follow":"follow","max-snippet":"max-snippet:-1","max-image-preview":"max-image-preview:large","max-video-preview":"max-video-preview:-1"},"canonical":"https:\/\/www.facturee.de\/es\/adquisicion-de-manana-un-nuevo-formato-comienza-con-exito\/","og_locale":"es_ES","og_type":"article","og_title":"Procurement of Tomorrow: Erfolgreicher Auftakt f\u00fcr ein neues Format\u00a0","og_description":"Procurement of Tomorrow: Erfolgreicher Auftakt \u2013 Zukunft des Einkaufs, KI & Innovation im Fokus. Mehr zum Event hier erfahren!","og_url":"https:\/\/www.facturee.de\/es\/adquisicion-de-manana-un-nuevo-formato-comienza-con-exito\/","og_site_name":"FACTUREE","article_publisher":"https:\/\/www.facebook.com\/FACTUREE\/","article_published_time":"2025-06-23T15:03:37+00:00","article_modified_time":"2025-06-23T15:37:44+00:00","og_image":[{"width":3000,"height":2000,"url":"https:\/\/www.facturee.de\/wp-content\/uploads\/MeetUp-78.jpg","type":"image\/jpeg"}],"author":"Anastasia Franz","twitter_card":"summary_large_image","twitter_creator":"@FACTUREE_de","twitter_site":"@FACTUREE_de","schema":{"@context":"https:\/\/schema.org","@graph":[{"@type":"Article","@id":"https:\/\/www.facturee.de\/procurement-of-tomorrow-erfolgreicher-auftakt-fuer-ein-neues-format\/#article","isPartOf":{"@id":"https:\/\/www.facturee.de\/procurement-of-tomorrow-erfolgreicher-auftakt-fuer-ein-neues-format\/"},"author":{"name":"Anastasia Franz","@id":"https:\/\/www.facturee.de\/#\/schema\/person\/3b40f6a013a5122cc488b01fa78bc1ea"},"headline":"Procurement of Tomorrow: Erfolgreicher Auftakt f\u00fcr ein neues Format\u00a0","datePublished":"2025-06-23T15:03:37+00:00","dateModified":"2025-06-23T15:37:44+00:00","mainEntityOfPage":{"@id":"https:\/\/www.facturee.de\/procurement-of-tomorrow-erfolgreicher-auftakt-fuer-ein-neues-format\/"},"wordCount":427,"publisher":{"@id":"https:\/\/www.facturee.de\/#organization"},"image":{"@id":"https:\/\/www.facturee.de\/procurement-of-tomorrow-erfolgreicher-auftakt-fuer-ein-neues-format\/#primaryimage"},"thumbnailUrl":"https:\/\/www.facturee.de\/wp-content\/uploads\/MeetUp-78.jpg","articleSection":["Termine und Messen"],"inLanguage":"es"},{"@type":"WebPage","@id":"https:\/\/www.facturee.de\/procurement-of-tomorrow-erfolgreicher-auftakt-fuer-ein-neues-format\/","url":"https:\/\/www.facturee.de\/procurement-of-tomorrow-erfolgreicher-auftakt-fuer-ein-neues-format\/","name":"Adquisiciones del ma\u00f1ana: buen comienzo para un nuevo formato\u00a0","isPartOf":{"@id":"https:\/\/www.facturee.de\/#website"},"primaryImageOfPage":{"@id":"https:\/\/www.facturee.de\/procurement-of-tomorrow-erfolgreicher-auftakt-fuer-ein-neues-format\/#primaryimage"},"image":{"@id":"https:\/\/www.facturee.de\/procurement-of-tomorrow-erfolgreicher-auftakt-fuer-ein-neues-format\/#primaryimage"},"thumbnailUrl":"https:\/\/www.facturee.de\/wp-content\/uploads\/MeetUp-78.jpg","datePublished":"2025-06-23T15:03:37+00:00","dateModified":"2025-06-23T15:37:44+00:00","description":"Procurement of Tomorrow: Arranque con \u00e9xito - centrado en el futuro de la contrataci\u00f3n, la IA y la innovaci\u00f3n. M\u00e1s informaci\u00f3n sobre el evento aqu\u00ed.","breadcrumb":{"@id":"https:\/\/www.facturee.de\/procurement-of-tomorrow-erfolgreicher-auftakt-fuer-ein-neues-format\/#breadcrumb"},"inLanguage":"es","potentialAction":[{"@type":"ReadAction","target":["https:\/\/www.facturee.de\/procurement-of-tomorrow-erfolgreicher-auftakt-fuer-ein-neues-format\/"]}]},{"@type":"ImageObject","inLanguage":"es","@id":"https:\/\/www.facturee.de\/procurement-of-tomorrow-erfolgreicher-auftakt-fuer-ein-neues-format\/#primaryimage","url":"https:\/\/www.facturee.de\/wp-content\/uploads\/MeetUp-78.jpg","contentUrl":"https:\/\/www.facturee.de\/wp-content\/uploads\/MeetUp-78.jpg","width":3000,"height":2000,"caption":"Procurement of Tomorrow: Premiere f\u00fcr ein neues Format. Paneldiskussion zu KI im Einkauf"},{"@type":"BreadcrumbList","@id":"https:\/\/www.facturee.de\/procurement-of-tomorrow-erfolgreicher-auftakt-fuer-ein-neues-format\/#breadcrumb","itemListElement":[{"@type":"ListItem","position":1,"name":"Startseite","item":"https:\/\/www.facturee.de\/"},{"@type":"ListItem","position":2,"name":"Procurement of Tomorrow: Erfolgreicher Auftakt f\u00fcr ein neues Format\u00a0"}]},{"@type":"WebSite","@id":"https:\/\/www.facturee.de\/#website","url":"https:\/\/www.facturee.de\/","name":"FACTUREE","description":"El Fabricante Online","publisher":{"@id":"https:\/\/www.facturee.de\/#organization"},"potentialAction":[{"@type":"SearchAction","target":{"@type":"EntryPoint","urlTemplate":"https:\/\/www.facturee.de\/?s={search_term_string}"},"query-input":{"@type":"PropertyValueSpecification","valueRequired":true,"valueName":"search_term_string"}}],"inLanguage":"es"},{"@type":"Organization","@id":"https:\/\/www.facturee.de\/#organization","name":"FACTUREE - La pavimentadora en l\u00ednea","alternateName":"FACTUREE - der Online-Fertiger","url":"https:\/\/www.facturee.de\/","logo":{"@type":"ImageObject","inLanguage":"es","@id":"https:\/\/www.facturee.de\/#\/schema\/logo\/image\/","url":"https:\/\/www.facturee.de\/wp-content\/uploads\/facturee-2000px.webp","contentUrl":"https:\/\/www.facturee.de\/wp-content\/uploads\/facturee-2000px.webp","width":2000,"height":470,"caption":"FACTUREE - Der Online Fertiger"},"image":{"@id":"https:\/\/www.facturee.de\/#\/schema\/logo\/image\/"},"sameAs":["https:\/\/www.facebook.com\/FACTUREE\/","https:\/\/x.com\/FACTUREE_de","https:\/\/www.linkedin.com\/company\/12655397\/admin\/feed\/posts\/","https:\/\/www.xing.com\/pages\/facturee-deronline-fertiger"],"email":"info@facturee.de","telephone":"03062939390","numberOfEmployees":{"@type":"QuantitativeValue","minValue":"51","maxValue":"200"}},{"@type":"Person","@id":"https:\/\/www.facturee.de\/#\/schema\/person\/3b40f6a013a5122cc488b01fa78bc1ea","name":"Anastasia Franz","image":{"@type":"ImageObject","inLanguage":"es","@id":"https:\/\/www.facturee.de\/wp-content\/uploads\/facturee-anastasia-franz-96x96.webp","url":"https:\/\/www.facturee.de\/wp-content\/uploads\/facturee-anastasia-franz-96x96.webp","contentUrl":"https:\/\/www.facturee.de\/wp-content\/uploads\/facturee-anastasia-franz-96x96.webp","caption":"Anastasia Franz"}}]}},"_links":{"self":[{"href":"https:\/\/www.facturee.de\/es\/wp-json\/wp\/v2\/posts\/26642","targetHints":{"allow":["GET"]}}],"collection":[{"href":"https:\/\/www.facturee.de\/es\/wp-json\/wp\/v2\/posts"}],"about":[{"href":"https:\/\/www.facturee.de\/es\/wp-json\/wp\/v2\/types\/post"}],"author":[{"embeddable":true,"href":"https:\/\/www.facturee.de\/es\/wp-json\/wp\/v2\/users\/19"}],"replies":[{"embeddable":true,"href":"https:\/\/www.facturee.de\/es\/wp-json\/wp\/v2\/comments?post=26642"}],"version-history":[{"count":0,"href":"https:\/\/www.facturee.de\/es\/wp-json\/wp\/v2\/posts\/26642\/revisions"}],"wp:featuredmedia":[{"embeddable":true,"href":"https:\/\/www.facturee.de\/es\/wp-json\/wp\/v2\/media\/26636"}],"wp:attachment":[{"href":"https:\/\/www.facturee.de\/es\/wp-json\/wp\/v2\/media?parent=26642"}],"wp:term":[{"taxonomy":"category","embeddable":true,"href":"https:\/\/www.facturee.de\/es\/wp-json\/wp\/v2\/categories?post=26642"},{"taxonomy":"post_tag","embeddable":true,"href":"https:\/\/www.facturee.de\/es\/wp-json\/wp\/v2\/tags?post=26642"}],"curies":[{"name":"wp","href":"https:\/\/api.w.org\/{rel}","templated":true}]}}