{"id":10944,"date":"2020-02-27T14:56:59","date_gmt":"2020-02-27T13:56:59","guid":{"rendered":"https:\/\/factureestage.wpengine.com\/?p=10944"},"modified":"2025-08-14T16:15:38","modified_gmt":"2025-08-14T14:15:38","slug":"6-bmoe-experts-dialogue-achats-4-0-austrian-digital-procurement-day","status":"publish","type":"post","link":"https:\/\/www.facturee.de\/fr\/6-bmoe-expertendialog-einkauf-4-0-austrian-digital-procurement-day\/","title":{"rendered":"6. BM\u00d6-Expertendialog Einkauf 4.0 \u2013 Austrian Digital Procurement Day (Journ\u00e9e des march\u00e9s publics num\u00e9riques en Autriche)"},"content":{"rendered":"<div data-elementor-type=\"wp-post\" data-elementor-id=\"10944\" class=\"elementor elementor-10944\" data-elementor-post-type=\"post\">\n\t\t\t\t\t\t<section class=\"elementor-section elementor-top-section elementor-element elementor-element-0e697f3 elementor-section-boxed elementor-section-height-default elementor-section-height-default\" data-id=\"0e697f3\" data-element_type=\"section\" data-e-type=\"section\">\n\t\t\t\t\t\t<div class=\"elementor-container elementor-column-gap-default\">\n\t\t\t\t\t<div class=\"elementor-column elementor-col-100 elementor-top-column elementor-element elementor-element-b3f1b53\" data-id=\"b3f1b53\" data-element_type=\"column\" data-e-type=\"column\">\n\t\t\t<div class=\"elementor-widget-wrap elementor-element-populated\">\n\t\t\t\t\t\t<div class=\"elementor-element elementor-element-a1627e3 elementor-widget elementor-widget-text-editor\" data-id=\"a1627e3\" data-element_type=\"widget\" data-e-type=\"widget\" data-widget_type=\"text-editor.default\">\n\t\t\t\t<div class=\"elementor-widget-container\">\n\t\t\t\t\t\t\t\t\t<p class=\"translation-block\">FACTUREE est invit\u00e9 au <strong>6. BM\u00d6-Expertendialog Einkauf 4.0 \u2013 AUSTRIAN DIGITAL PROCUREMENT DAY<\/strong> avec le sujet <em>d\u00e9fis, solutions et d\u00e9veloppements dans les cha\u00eenes de valeur num\u00e9riques et comment les traiter professionnellement dans les achats.<\/em><\/p><p class=\"translation-block\">Notre PDG et CTO, Christopher Walzel, fera une pr\u00e9sentation sur la <em>Fabrication en Ligne et l'avenir des achats<\/em> \u00e0 16h20, suivie d'un d\u00e9bat avec trois autres start-ups li\u00e9es \u00e0 la cha\u00eene d'approvisionnement, mod\u00e9r\u00e9 par le professeur Dr.-Ing Robert Dust (TU Berlin, vice-pr\u00e9sident de la r\u00e9gion BME Berlin-Brandebourg).<\/p><p>Nous nous r\u00e9jouissons de cet \u00e9v\u00e9nement et serions ravis d'y rencontrer certains de nos nombreux clients autrichiens. N'h\u00e9sitez pas \u00e0 nous contacter \u00e0 l'avance.<\/p>\t\t\t\t\t\t\t\t<\/div>\n\t\t\t\t<\/div>\n\t\t\t\t\t<\/div>\n\t\t<\/div>\n\t\t\t\t\t<\/div>\n\t\t<\/section>\n\t\t\t\t<\/div>","protected":false},"excerpt":{"rendered":"<p>FACTUREE ist eingeladen zum 6. BM\u00d6-Expertendialog Einkauf 4.0 \u2013 AUSTRIAN DIGITAL PROCUREMENT DAY mit dem Thema Herausforderungen, L\u00f6sungen und Entwicklungen [&hellip;]<\/p>\n","protected":false},"author":3,"featured_media":10945,"comment_status":"closed","ping_status":"closed","sticky":false,"template":"","format":"standard","meta":{"footnotes":""},"categories":[9],"tags":[],"class_list":["post-10944","post","type-post","status-publish","format-standard","has-post-thumbnail","hentry","category-dates-fares"],"yoast_head":"<!-- This site is optimized with the Yoast SEO Premium plugin v26.1 (Yoast SEO v27.3) - https:\/\/yoast.com\/product\/yoast-seo-premium-wordpress\/ -->\n<title>6. BMO\u0308-Expertendialog Einkauf 4.0<\/title>\n<meta name=\"description\" content=\"Herausforderungen, Lo\u0308sungen und Entwicklungen in digitalen Wertscho\u0308pfungsketten und wie man im Einkauf damit professionell umgeht.\" \/>\n<meta name=\"robots\" content=\"index, follow, max-snippet:-1, max-image-preview:large, max-video-preview:-1\" \/>\n<link rel=\"canonical\" href=\"https:\/\/www.facturee.de\/fr\/6-bmoe-experts-dialogue-achats-4-0-austrian-digital-procurement-day\/\" \/>\n<meta property=\"og:locale\" content=\"fr_FR\" \/>\n<meta property=\"og:type\" content=\"article\" \/>\n<meta property=\"og:title\" content=\"6. BM\u00d6-Expertendialog Einkauf 4.0 - Austrian Digital Procurement Day\" \/>\n<meta property=\"og:description\" content=\"Herausforderungen, Lo\u0308sungen und Entwicklungen in digitalen Wertscho\u0308pfungsketten und wie man im Einkauf damit professionell umgeht.\" \/>\n<meta property=\"og:url\" content=\"https:\/\/www.facturee.de\/fr\/6-bmoe-experts-dialogue-achats-4-0-austrian-digital-procurement-day\/\" \/>\n<meta property=\"og:site_name\" content=\"FACTUREE\" \/>\n<meta property=\"article:publisher\" content=\"https:\/\/www.facebook.com\/FACTUREE\/\" \/>\n<meta property=\"article:published_time\" content=\"2020-02-27T13:56:59+00:00\" \/>\n<meta property=\"article:modified_time\" content=\"2025-08-14T14:15:38+00:00\" \/>\n<meta property=\"og:image\" content=\"https:\/\/www.facturee.de\/wp-content\/uploads\/bmoe.webp\" \/>\n\t<meta property=\"og:image:width\" content=\"1200\" \/>\n\t<meta property=\"og:image:height\" content=\"800\" \/>\n\t<meta property=\"og:image:type\" content=\"image\/png\" \/>\n<meta name=\"author\" content=\"Benjamin Schwab\" \/>\n<meta name=\"twitter:card\" content=\"summary_large_image\" \/>\n<meta name=\"twitter:creator\" content=\"@FACTUREE_de\" \/>\n<meta name=\"twitter:site\" content=\"@FACTUREE_de\" \/>\n<script type=\"application\/ld+json\" class=\"yoast-schema-graph\">{\"@context\":\"https:\\\/\\\/schema.org\",\"@graph\":[{\"@type\":\"Article\",\"@id\":\"https:\\\/\\\/www.facturee.de\\\/6-bmoe-expertendialog-einkauf-4-0-austrian-digital-procurement-day\\\/#article\",\"isPartOf\":{\"@id\":\"https:\\\/\\\/www.facturee.de\\\/6-bmoe-expertendialog-einkauf-4-0-austrian-digital-procurement-day\\\/\"},\"author\":{\"name\":\"Benjamin Schwab\",\"@id\":\"https:\\\/\\\/www.facturee.de\\\/#\\\/schema\\\/person\\\/0bbb3d9ad0b5f2f81199c7c636b85a80\"},\"headline\":\"6. BM\u00d6-Expertendialog Einkauf 4.0 &#8211; Austrian Digital Procurement Day\",\"datePublished\":\"2020-02-27T13:56:59+00:00\",\"dateModified\":\"2025-08-14T14:15:38+00:00\",\"mainEntityOfPage\":{\"@id\":\"https:\\\/\\\/www.facturee.de\\\/6-bmoe-expertendialog-einkauf-4-0-austrian-digital-procurement-day\\\/\"},\"wordCount\":119,\"publisher\":{\"@id\":\"https:\\\/\\\/www.facturee.de\\\/#organization\"},\"image\":{\"@id\":\"https:\\\/\\\/www.facturee.de\\\/6-bmoe-expertendialog-einkauf-4-0-austrian-digital-procurement-day\\\/#primaryimage\"},\"thumbnailUrl\":\"https:\\\/\\\/www.facturee.de\\\/wp-content\\\/uploads\\\/bmoe.webp\",\"articleSection\":[\"Termine und Messen\"],\"inLanguage\":\"fr-FR\"},{\"@type\":\"WebPage\",\"@id\":\"https:\\\/\\\/www.facturee.de\\\/6-bmoe-expertendialog-einkauf-4-0-austrian-digital-procurement-day\\\/\",\"url\":\"https:\\\/\\\/www.facturee.de\\\/6-bmoe-expertendialog-einkauf-4-0-austrian-digital-procurement-day\\\/\",\"name\":\"6. BMO\u0308-Expertendialog Einkauf 4.0\",\"isPartOf\":{\"@id\":\"https:\\\/\\\/www.facturee.de\\\/#website\"},\"primaryImageOfPage\":{\"@id\":\"https:\\\/\\\/www.facturee.de\\\/6-bmoe-expertendialog-einkauf-4-0-austrian-digital-procurement-day\\\/#primaryimage\"},\"image\":{\"@id\":\"https:\\\/\\\/www.facturee.de\\\/6-bmoe-expertendialog-einkauf-4-0-austrian-digital-procurement-day\\\/#primaryimage\"},\"thumbnailUrl\":\"https:\\\/\\\/www.facturee.de\\\/wp-content\\\/uploads\\\/bmoe.webp\",\"datePublished\":\"2020-02-27T13:56:59+00:00\",\"dateModified\":\"2025-08-14T14:15:38+00:00\",\"description\":\"Herausforderungen, Lo\u0308sungen und Entwicklungen in digitalen Wertscho\u0308pfungsketten und wie man im Einkauf damit professionell umgeht.\",\"breadcrumb\":{\"@id\":\"https:\\\/\\\/www.facturee.de\\\/6-bmoe-expertendialog-einkauf-4-0-austrian-digital-procurement-day\\\/#breadcrumb\"},\"inLanguage\":\"fr-FR\",\"potentialAction\":[{\"@type\":\"ReadAction\",\"target\":[\"https:\\\/\\\/www.facturee.de\\\/6-bmoe-expertendialog-einkauf-4-0-austrian-digital-procurement-day\\\/\"]}]},{\"@type\":\"ImageObject\",\"inLanguage\":\"fr-FR\",\"@id\":\"https:\\\/\\\/www.facturee.de\\\/6-bmoe-expertendialog-einkauf-4-0-austrian-digital-procurement-day\\\/#primaryimage\",\"url\":\"https:\\\/\\\/www.facturee.de\\\/wp-content\\\/uploads\\\/bmoe.webp\",\"contentUrl\":\"https:\\\/\\\/www.facturee.de\\\/wp-content\\\/uploads\\\/bmoe.webp\",\"width\":1200,\"height\":800,\"caption\":\"\u00a9\u00a0BM\u00d6\"},{\"@type\":\"BreadcrumbList\",\"@id\":\"https:\\\/\\\/www.facturee.de\\\/6-bmoe-expertendialog-einkauf-4-0-austrian-digital-procurement-day\\\/#breadcrumb\",\"itemListElement\":[{\"@type\":\"ListItem\",\"position\":1,\"name\":\"Startseite\",\"item\":\"https:\\\/\\\/www.facturee.de\\\/\"},{\"@type\":\"ListItem\",\"position\":2,\"name\":\"6. BM\u00d6-Expertendialog Einkauf 4.0 &#8211; Austrian Digital Procurement Day\"}]},{\"@type\":\"WebSite\",\"@id\":\"https:\\\/\\\/www.facturee.de\\\/#website\",\"url\":\"https:\\\/\\\/www.facturee.de\\\/\",\"name\":\"FACTUREE\",\"description\":\"Der Online-Fertiger\",\"publisher\":{\"@id\":\"https:\\\/\\\/www.facturee.de\\\/#organization\"},\"potentialAction\":[{\"@type\":\"SearchAction\",\"target\":{\"@type\":\"EntryPoint\",\"urlTemplate\":\"https:\\\/\\\/www.facturee.de\\\/?s={search_term_string}\"},\"query-input\":{\"@type\":\"PropertyValueSpecification\",\"valueRequired\":true,\"valueName\":\"search_term_string\"}}],\"inLanguage\":\"fr-FR\"},{\"@type\":\"Organization\",\"@id\":\"https:\\\/\\\/www.facturee.de\\\/#organization\",\"name\":\"FACTUREE - Der Online Fertiger\",\"alternateName\":\"FACTUREE - der Online-Fertiger\",\"url\":\"https:\\\/\\\/www.facturee.de\\\/\",\"logo\":{\"@type\":\"ImageObject\",\"inLanguage\":\"fr-FR\",\"@id\":\"https:\\\/\\\/www.facturee.de\\\/#\\\/schema\\\/logo\\\/image\\\/\",\"url\":\"https:\\\/\\\/www.facturee.de\\\/wp-content\\\/uploads\\\/facturee-2000px.webp\",\"contentUrl\":\"https:\\\/\\\/www.facturee.de\\\/wp-content\\\/uploads\\\/facturee-2000px.webp\",\"width\":2000,\"height\":470,\"caption\":\"FACTUREE - Der Online Fertiger\"},\"image\":{\"@id\":\"https:\\\/\\\/www.facturee.de\\\/#\\\/schema\\\/logo\\\/image\\\/\"},\"sameAs\":[\"https:\\\/\\\/www.facebook.com\\\/FACTUREE\\\/\",\"https:\\\/\\\/x.com\\\/FACTUREE_de\",\"https:\\\/\\\/www.linkedin.com\\\/company\\\/12655397\\\/admin\\\/feed\\\/posts\\\/\",\"https:\\\/\\\/www.xing.com\\\/pages\\\/facturee-deronline-fertiger\"],\"email\":\"info@facturee.de\",\"telephone\":\"03062939390\",\"numberOfEmployees\":{\"@type\":\"QuantitativeValue\",\"minValue\":\"51\",\"maxValue\":\"200\"}},{\"@type\":\"Person\",\"@id\":\"https:\\\/\\\/www.facturee.de\\\/#\\\/schema\\\/person\\\/0bbb3d9ad0b5f2f81199c7c636b85a80\",\"name\":\"Benjamin Schwab\",\"image\":{\"@type\":\"ImageObject\",\"inLanguage\":\"fr-FR\",\"@id\":\"https:\\\/\\\/secure.gravatar.com\\\/avatar\\\/a7b423e9625fc02bd0ed9cc8d15896c6856aec670a97914e85289177328cd384?s=96&d=mm&r=g\",\"url\":\"https:\\\/\\\/secure.gravatar.com\\\/avatar\\\/a7b423e9625fc02bd0ed9cc8d15896c6856aec670a97914e85289177328cd384?s=96&d=mm&r=g\",\"contentUrl\":\"https:\\\/\\\/secure.gravatar.com\\\/avatar\\\/a7b423e9625fc02bd0ed9cc8d15896c6856aec670a97914e85289177328cd384?s=96&d=mm&r=g\",\"caption\":\"Benjamin Schwab\"}}]}<\/script>\n<!-- \/ Yoast SEO Premium plugin. -->","yoast_head_json":{"title":"6\u00e8me dialogue d'experts BM\u00d6 Achats 4.0","description":"D\u00e9fis, solutions et d\u00e9veloppements dans les cha\u00eenes de valeur num\u00e9riques et comment y faire face de mani\u00e8re professionnelle dans le domaine des achats.","robots":{"index":"index","follow":"follow","max-snippet":"max-snippet:-1","max-image-preview":"max-image-preview:large","max-video-preview":"max-video-preview:-1"},"canonical":"https:\/\/www.facturee.de\/fr\/6-bmoe-experts-dialogue-achats-4-0-austrian-digital-procurement-day\/","og_locale":"fr_FR","og_type":"article","og_title":"6. BM\u00d6-Expertendialog Einkauf 4.0 - Austrian Digital Procurement Day","og_description":"Herausforderungen, Lo\u0308sungen und Entwicklungen in digitalen Wertscho\u0308pfungsketten und wie man im Einkauf damit professionell umgeht.","og_url":"https:\/\/www.facturee.de\/fr\/6-bmoe-experts-dialogue-achats-4-0-austrian-digital-procurement-day\/","og_site_name":"FACTUREE","article_publisher":"https:\/\/www.facebook.com\/FACTUREE\/","article_published_time":"2020-02-27T13:56:59+00:00","article_modified_time":"2025-08-14T14:15:38+00:00","og_image":[{"width":1200,"height":800,"url":"https:\/\/www.facturee.de\/wp-content\/uploads\/bmoe.webp","type":"image\/png"}],"author":"Benjamin Schwab","twitter_card":"summary_large_image","twitter_creator":"@FACTUREE_de","twitter_site":"@FACTUREE_de","schema":{"@context":"https:\/\/schema.org","@graph":[{"@type":"Article","@id":"https:\/\/www.facturee.de\/6-bmoe-expertendialog-einkauf-4-0-austrian-digital-procurement-day\/#article","isPartOf":{"@id":"https:\/\/www.facturee.de\/6-bmoe-expertendialog-einkauf-4-0-austrian-digital-procurement-day\/"},"author":{"name":"Benjamin Schwab","@id":"https:\/\/www.facturee.de\/#\/schema\/person\/0bbb3d9ad0b5f2f81199c7c636b85a80"},"headline":"6. BM\u00d6-Expertendialog Einkauf 4.0 &#8211; Austrian Digital Procurement Day","datePublished":"2020-02-27T13:56:59+00:00","dateModified":"2025-08-14T14:15:38+00:00","mainEntityOfPage":{"@id":"https:\/\/www.facturee.de\/6-bmoe-expertendialog-einkauf-4-0-austrian-digital-procurement-day\/"},"wordCount":119,"publisher":{"@id":"https:\/\/www.facturee.de\/#organization"},"image":{"@id":"https:\/\/www.facturee.de\/6-bmoe-expertendialog-einkauf-4-0-austrian-digital-procurement-day\/#primaryimage"},"thumbnailUrl":"https:\/\/www.facturee.de\/wp-content\/uploads\/bmoe.webp","articleSection":["Termine und Messen"],"inLanguage":"fr-FR"},{"@type":"WebPage","@id":"https:\/\/www.facturee.de\/6-bmoe-expertendialog-einkauf-4-0-austrian-digital-procurement-day\/","url":"https:\/\/www.facturee.de\/6-bmoe-expertendialog-einkauf-4-0-austrian-digital-procurement-day\/","name":"6\u00e8me dialogue d'experts BM\u00d6 Achats 4.0","isPartOf":{"@id":"https:\/\/www.facturee.de\/#website"},"primaryImageOfPage":{"@id":"https:\/\/www.facturee.de\/6-bmoe-expertendialog-einkauf-4-0-austrian-digital-procurement-day\/#primaryimage"},"image":{"@id":"https:\/\/www.facturee.de\/6-bmoe-expertendialog-einkauf-4-0-austrian-digital-procurement-day\/#primaryimage"},"thumbnailUrl":"https:\/\/www.facturee.de\/wp-content\/uploads\/bmoe.webp","datePublished":"2020-02-27T13:56:59+00:00","dateModified":"2025-08-14T14:15:38+00:00","description":"D\u00e9fis, solutions et d\u00e9veloppements dans les cha\u00eenes de valeur num\u00e9riques et comment y faire face de mani\u00e8re professionnelle dans le domaine des achats.","breadcrumb":{"@id":"https:\/\/www.facturee.de\/6-bmoe-expertendialog-einkauf-4-0-austrian-digital-procurement-day\/#breadcrumb"},"inLanguage":"fr-FR","potentialAction":[{"@type":"ReadAction","target":["https:\/\/www.facturee.de\/6-bmoe-expertendialog-einkauf-4-0-austrian-digital-procurement-day\/"]}]},{"@type":"ImageObject","inLanguage":"fr-FR","@id":"https:\/\/www.facturee.de\/6-bmoe-expertendialog-einkauf-4-0-austrian-digital-procurement-day\/#primaryimage","url":"https:\/\/www.facturee.de\/wp-content\/uploads\/bmoe.webp","contentUrl":"https:\/\/www.facturee.de\/wp-content\/uploads\/bmoe.webp","width":1200,"height":800,"caption":"\u00a9\u00a0BM\u00d6"},{"@type":"BreadcrumbList","@id":"https:\/\/www.facturee.de\/6-bmoe-expertendialog-einkauf-4-0-austrian-digital-procurement-day\/#breadcrumb","itemListElement":[{"@type":"ListItem","position":1,"name":"Startseite","item":"https:\/\/www.facturee.de\/"},{"@type":"ListItem","position":2,"name":"6. BM\u00d6-Expertendialog Einkauf 4.0 &#8211; Austrian Digital Procurement Day"}]},{"@type":"WebSite","@id":"https:\/\/www.facturee.de\/#website","url":"https:\/\/www.facturee.de\/","name":"FACTUREE","description":"Le Fabricante en Ligne","publisher":{"@id":"https:\/\/www.facturee.de\/#organization"},"potentialAction":[{"@type":"SearchAction","target":{"@type":"EntryPoint","urlTemplate":"https:\/\/www.facturee.de\/?s={search_term_string}"},"query-input":{"@type":"PropertyValueSpecification","valueRequired":true,"valueName":"search_term_string"}}],"inLanguage":"fr-FR"},{"@type":"Organization","@id":"https:\/\/www.facturee.de\/#organization","name":"FACTUREE - Le fabricant en ligne","alternateName":"FACTUREE - der Online-Fertiger","url":"https:\/\/www.facturee.de\/","logo":{"@type":"ImageObject","inLanguage":"fr-FR","@id":"https:\/\/www.facturee.de\/#\/schema\/logo\/image\/","url":"https:\/\/www.facturee.de\/wp-content\/uploads\/facturee-2000px.webp","contentUrl":"https:\/\/www.facturee.de\/wp-content\/uploads\/facturee-2000px.webp","width":2000,"height":470,"caption":"FACTUREE - Der Online Fertiger"},"image":{"@id":"https:\/\/www.facturee.de\/#\/schema\/logo\/image\/"},"sameAs":["https:\/\/www.facebook.com\/FACTUREE\/","https:\/\/x.com\/FACTUREE_de","https:\/\/www.linkedin.com\/company\/12655397\/admin\/feed\/posts\/","https:\/\/www.xing.com\/pages\/facturee-deronline-fertiger"],"email":"info@facturee.de","telephone":"03062939390","numberOfEmployees":{"@type":"QuantitativeValue","minValue":"51","maxValue":"200"}},{"@type":"Person","@id":"https:\/\/www.facturee.de\/#\/schema\/person\/0bbb3d9ad0b5f2f81199c7c636b85a80","name":"Benjamin Schwab","image":{"@type":"ImageObject","inLanguage":"fr-FR","@id":"https:\/\/secure.gravatar.com\/avatar\/a7b423e9625fc02bd0ed9cc8d15896c6856aec670a97914e85289177328cd384?s=96&d=mm&r=g","url":"https:\/\/secure.gravatar.com\/avatar\/a7b423e9625fc02bd0ed9cc8d15896c6856aec670a97914e85289177328cd384?s=96&d=mm&r=g","contentUrl":"https:\/\/secure.gravatar.com\/avatar\/a7b423e9625fc02bd0ed9cc8d15896c6856aec670a97914e85289177328cd384?s=96&d=mm&r=g","caption":"Benjamin Schwab"}}]}},"_links":{"self":[{"href":"https:\/\/www.facturee.de\/fr\/wp-json\/wp\/v2\/posts\/10944","targetHints":{"allow":["GET"]}}],"collection":[{"href":"https:\/\/www.facturee.de\/fr\/wp-json\/wp\/v2\/posts"}],"about":[{"href":"https:\/\/www.facturee.de\/fr\/wp-json\/wp\/v2\/types\/post"}],"author":[{"embeddable":true,"href":"https:\/\/www.facturee.de\/fr\/wp-json\/wp\/v2\/users\/3"}],"replies":[{"embeddable":true,"href":"https:\/\/www.facturee.de\/fr\/wp-json\/wp\/v2\/comments?post=10944"}],"version-history":[{"count":0,"href":"https:\/\/www.facturee.de\/fr\/wp-json\/wp\/v2\/posts\/10944\/revisions"}],"wp:featuredmedia":[{"embeddable":true,"href":"https:\/\/www.facturee.de\/fr\/wp-json\/wp\/v2\/media\/10945"}],"wp:attachment":[{"href":"https:\/\/www.facturee.de\/fr\/wp-json\/wp\/v2\/media?parent=10944"}],"wp:term":[{"taxonomy":"category","embeddable":true,"href":"https:\/\/www.facturee.de\/fr\/wp-json\/wp\/v2\/categories?post=10944"},{"taxonomy":"post_tag","embeddable":true,"href":"https:\/\/www.facturee.de\/fr\/wp-json\/wp\/v2\/tags?post=10944"}],"curies":[{"name":"wp","href":"https:\/\/api.w.org\/{rel}","templated":true}]}}