{"id":15413,"date":"2021-09-20T15:15:27","date_gmt":"2021-09-20T13:15:27","guid":{"rendered":"https:\/\/factureestage.wpengine.com\/?p=15413"},"modified":"2025-05-15T17:37:50","modified_gmt":"2025-05-15T15:37:50","slug":"facturee-et-south-pole-six-parcs-eoliens-construits-pour-la-nouvelle-caledonie","status":"publish","type":"post","link":"https:\/\/www.facturee.de\/fr\/facturee-und-south-pole-sechs-windfarmen-fuer-neukaledonien-errichtet\/","title":{"rendered":"FACTUREE et South Pole : Six parcs \u00e9oliens construits pour la Nouvelle-Cal\u00e9donie"},"content":{"rendered":"<div data-elementor-type=\"wp-post\" data-elementor-id=\"15413\" class=\"elementor elementor-15413\" data-elementor-post-type=\"post\">\n\t\t\t\t\t\t<section class=\"elementor-section elementor-top-section elementor-element elementor-element-f4632f7 elementor-section-boxed elementor-section-height-default elementor-section-height-default\" data-id=\"f4632f7\" data-element_type=\"section\" data-e-type=\"section\">\n\t\t\t\t\t\t<div class=\"elementor-container elementor-column-gap-default\">\n\t\t\t\t\t<div class=\"elementor-column elementor-col-100 elementor-top-column elementor-element elementor-element-08b8b45\" data-id=\"08b8b45\" data-element_type=\"column\" data-e-type=\"column\">\n\t\t\t<div class=\"elementor-widget-wrap elementor-element-populated\">\n\t\t\t\t\t\t<div class=\"elementor-element elementor-element-9811b99 elementor-widget elementor-widget-text-editor\" data-id=\"9811b99\" data-element_type=\"widget\" data-e-type=\"widget\" data-widget_type=\"text-editor.default\">\n\t\t\t\t<div class=\"elementor-widget-container\">\n\t\t\t\t\t\t\t\t\t<p>Alors que les habitants de ce pays ne prennent que progressivement conscience du fait que les cons\u00e9quences du changement climatique peuvent \u00e9galement toucher l'Europe apr\u00e8s les catastrophes m\u00e9t\u00e9orologiques d\u00e9vastatrices de ces derniers mois, les effets sont d\u00e9j\u00e0 clairement visibles et perceptibles dans le Pacifique Sud.<\/p><p>La Nouvelle-Cal\u00e9donie, un groupe d'\u00eeles du Pacifique Sud appartenant \u00e0 la France, est confront\u00e9e \u00e0 de graves probl\u00e8mes \u00e9conomiques, \u00e9cologiques et sociaux directement imputables au changement climatique. Les conditions m\u00e9t\u00e9orologiques extr\u00eames et la grande variabilit\u00e9 du climat affectent les \u00c9tats insulaires du Pacifique Sud dans une mesure que nous, Europ\u00e9ens, ne pouvons imaginer - ou ne voulons pas. Jusqu'\u00e0 pr\u00e9sent, la Nouvelle-Cal\u00e9donie a satisfait 80 % de ses besoins en \u00e9lectricit\u00e9 gr\u00e2ce \u00e0 des centrales conventionnelles aliment\u00e9es par des combustibles fossiles, contribuant ainsi au r\u00e9chauffement de la plan\u00e8te, bien qu'\u00e0 une \u00e9chelle moindre. Avec le projet d'\u00e9nergie \u00e9olienne de Prony,\u00a0<a href=\"https:\/\/www.southpole.com\/de\" target=\"_blank\" rel=\"noopener\">P\u00f4le Sud<\/a>\u00a0a mis en \u0153uvre une solution durable pour r\u00e9pondre aux besoins \u00e9nerg\u00e9tiques de l'\u00e9tat insulaire. De l'\u00e9lectricit\u00e9 sans \u00e9mission gr\u00e2ce \u00e0 l'\u00e9nergie \u00e9olienne et 36 000 tonnes de CO2 \u00e9conomis\u00e9es par an : la Nouvelle-Cal\u00e9donie montre comment une protection efficace du climat fonctionne.<\/p><p><b>Nouvelle-Cal\u00e9donie - Un paradis en danger<\/b><\/p><p>La Nouvelle-Cal\u00e9donie est situ\u00e9e au nord-est de l'Australie dans l'oc\u00e9an Pacifique. L'\u00c9tat insulaire, avec l'\u00eele principale Grande Terre et plusieurs \u00eeles et atolls lat\u00e9raux, poss\u00e8de une flore et une faune uniques, avec de nombreuses esp\u00e8ces animales et v\u00e9g\u00e9tales menac\u00e9es. L'\u00e9conomie de la Nouvelle-Cal\u00e9donie repose essentiellement sur le tourisme, l'artisanat, l'industrie et les mines.<\/p><p><img class=\"alignnone size-medium wp-image-15415\" style=\"float: right; margin-left: 20px;\" src=\"https:\/\/www.facturee.de\/wp-content\/uploads\/SouthPole344_13_900x1200-225x300.jpg\" alt=\"\" width=\"250\" height=\"\" ><\/p><p>Environ 8 % de tous les gisements de minerai de nickel lat\u00e9ritique du monde se trouvent en Nouvelle-Cal\u00e9donie. Les industries impliqu\u00e9es dans l'extraction et le traitement des minerais de nickel sont donc tr\u00e8s importantes. Jusqu'\u00e0 pr\u00e9sent, l'\u00c9tat insulaire a satisfait la soif d'\u00e9nergie de l'industrie avec des combustibles fossiles, contribuant ainsi au changement climatique. Le changement climatique frappe durement les \u00c9tats insulaires du Pacifique Sud.<\/p><p>L'\u00e9l\u00e9vation du niveau de la mer - quelques millim\u00e8tres par an seulement - est d\u00e9j\u00e0 perceptible aujourd'hui, notamment sur les atolls peu profonds. L'\u00e9l\u00e9vation du niveau de la mer entra\u00eene la salinisation des ressources en eau douce des \u00eeles, tandis que les temp\u00eates et les inondations se multiplient.<\/p><p style=\"font-size: medium;\"><span style=\"font-weight: bold;\">The Prony Project - R\u00e9duire les gaz \u00e0 effet de serre selon le Gold Standard<\/span><\/p><p style=\"font-size: medium;\">La Nouvelle-Cal\u00e9donie devient climatiquement neutre - avec cet objectif, un projet de South Pole, un r\u00e9seau d'experts de plus de 500 employ\u00e9s de 30 pays, a d\u00e9j\u00e0 d\u00e9marr\u00e9 en 2018. FACTUREE \u2013 Le Fabricant en Ligne soutient le projet Prony en achetant des certificats de CO2 et contribue ainsi au financement \u00e0 long terme du projet.<\/p><p><img loading=\"lazy\" class=\"alignnone size-medium wp-image-15420\" style=\"float: left; margin-right: 20px;\" src=\"https:\/\/www.facturee.de\/wp-content\/uploads\/300344_Prony_wind_Workers_1200x900-300x225.jpg\" alt=\"Avec le projet d&#039;\u00e9nergie \u00e9olienne de Prony, les besoins \u00e9nerg\u00e9tiques de la Nouvelle-Cal\u00e9donie sont satisfaits par une ressource disponible en abondance sur l&#039;\u00eele : Le vent. Le projet comprend un total de six parcs \u00e9oliens sur deux sites, Kafeate et Prony. 116 \u00e9oliennes offrent une capacit\u00e9 totale de 31 MW et une production annuelle estim\u00e9e \u00e0 40 GWh d&#039;\u00e9lectricit\u00e9 sans \u00e9missions. Cependant, l&#039;absence d&#039;\u00e9missions n&#039;est pas le seul avantage que le projet Prony a apport\u00e9 \u00e0 la Nouvelle-Cal\u00e9donie. 50 nouveaux emplois ont \u00e9t\u00e9 cr\u00e9\u00e9s pendant le projet, dont au moins 26 sont permanents. Les nuisances sonores li\u00e9es au fonctionnement des \u00e9oliennes ne sont pas \u00e0 craindre : Les 116 \u00e9oliennes sont install\u00e9es dans des zones isol\u00e9es le long de la c\u00f4te.\" width=\"300\" height=\"225\" ><\/p><p style=\"font-size: medium;\">Avec le projet d'\u00e9nergie \u00e9olienne de Prony, les besoins \u00e9nerg\u00e9tiques de la Nouvelle-Cal\u00e9donie sont satisfaits par une ressource disponible en abondance sur l'\u00eele : Le vent. Le projet comprend un total de six parcs \u00e9oliens sur deux sites, Kafeate et Prony. 116 \u00e9oliennes offrent une capacit\u00e9 totale de 31 MW et une production annuelle estim\u00e9e \u00e0 40 GWh d'\u00e9lectricit\u00e9 sans \u00e9missions. Cependant, l'absence d'\u00e9missions n'est pas le seul avantage que le projet Prony a apport\u00e9 \u00e0 la Nouvelle-Cal\u00e9donie. 50 nouveaux emplois ont \u00e9t\u00e9 cr\u00e9\u00e9s pendant le projet, dont au moins 26 sont permanents. Les nuisances sonores li\u00e9es au fonctionnement des \u00e9oliennes ne sont pas \u00e0 craindre : Les 116 \u00e9oliennes sont install\u00e9es dans des zones isol\u00e9es le long de la c\u00f4te.<\/p><p style=\"font-size: medium;\">L'efficacit\u00e9 du projet Prony en termes de protection du climat est prouv\u00e9e par l'organisme de certification \u00e0 but non lucratif \u201e<a href=\"https:\/\/www.goldstandard.org\/\" target=\"_blank\" rel=\"noopener\">L'\u00e9talon-or<\/a>\u201c La certification de l'organisation suisse n'est accord\u00e9e qu'aux projets qui conduisent manifestement \u00e0 une r\u00e9duction des gaz \u00e0 effet de serre et qui sont en m\u00eame temps bons pour l'environnement local et les pr\u00e9occupations sociales de la population.<\/p>\t\t\t\t\t\t\t\t<\/div>\n\t\t\t\t<\/div>\n\t\t\t\t<div class=\"elementor-element elementor-element-95e167e elementor-widget elementor-widget-video\" data-id=\"95e167e\" data-element_type=\"widget\" data-e-type=\"widget\" data-settings=\"{&quot;youtube_url&quot;:&quot;https:\\\/\\\/www.youtube.com\\\/watch?v=vcXNTbYWnqY&quot;,&quot;loop&quot;:&quot;yes&quot;,&quot;yt_privacy&quot;:&quot;yes&quot;,&quot;lazy_load&quot;:&quot;yes&quot;,&quot;video_type&quot;:&quot;youtube&quot;,&quot;controls&quot;:&quot;yes&quot;}\" data-widget_type=\"video.default\">\n\t\t\t\t<div class=\"elementor-widget-container\">\n\t\t\t\t\t\t\t<div class=\"elementor-wrapper elementor-open-inline\">\n\t\t\t<div class=\"elementor-video\"><\/div>\t\t<\/div>\n\t\t\t\t\t\t<\/div>\n\t\t\t\t<\/div>\n\t\t\t\t<div class=\"elementor-element elementor-element-8e0eb41 elementor-widget elementor-widget-text-editor\" data-id=\"8e0eb41\" data-element_type=\"widget\" data-e-type=\"widget\" data-widget_type=\"text-editor.default\">\n\t\t\t\t<div class=\"elementor-widget-container\">\n\t\t\t\t\t\t\t\t\t<p><b>FACTUREE : La protection du climat, une affaire de c\u0153ur<\/b><\/p><p>La protection du climat est un sujet qui tient \u00e0 c\u0153ur au Fabricant en Ligne FACTUREE depuis sa cr\u00e9ation - et c'est une politique d'entreprise qui est mise en pratique. FACTUREE compense toutes les \u00e9missions g\u00e9n\u00e9r\u00e9es pendant l'exp\u00e9dition - et s'implique avec expertise et passion dans des projets durables dans le monde entier. Avec l'achat de certificats CO2, FACTUREE cofinance le projet Prony - et souligne ainsi une fois de plus clairement l'orientation de l'entreprise en tant que pionnier dans le domaine de la protection du climat.<br \/>Vous souhaitez en savoir plus sur le Prony Project et nos activit\u00e9s pour un avenir plus vert ? Alors, prenez contact avec nous d\u00e8s maintenant !<\/p><p><a style=\"background-color: #ffffff; font-size: medium;\" href=\"https:\/\/www.facturee.de\/wp-content\/themes\/facturee\/includes\/download-pdf.php\/?file=https:\/\/media.facturee.de\/downloads\/0344.pdf\">Plus d'informations sur le projet Prony ici<\/a><span style=\"font-size: medium;\">\u00a0<a href=\"https:\/\/media.facturee.de\/downloads\/0344.pdf\" download class=\"fa-download-icon fa-download-icon-orange\" aria-label=\"T\u00e9l\u00e9charger le fichier pdf\"><span class=\"download-img\" alt=\"Icon Download\"><\/span>&nbsp;<span class=\"download-text\">T\u00e9l\u00e9chargement<\/span><\/a><\/span><\/p>\t\t\t\t\t\t\t\t<\/div>\n\t\t\t\t<\/div>\n\t\t\t\t<section class=\"elementor-section elementor-inner-section elementor-element elementor-element-160352f elementor-section-boxed elementor-section-height-default elementor-section-height-default\" data-id=\"160352f\" data-element_type=\"section\" data-e-type=\"section\">\n\t\t\t\t\t\t<div class=\"elementor-container elementor-column-gap-default\">\n\t\t\t\t\t<div class=\"elementor-column elementor-col-50 elementor-inner-column elementor-element elementor-element-8361f4c\" data-id=\"8361f4c\" data-element_type=\"column\" data-e-type=\"column\">\n\t\t\t<div class=\"elementor-widget-wrap elementor-element-populated\">\n\t\t\t\t\t\t<div class=\"elementor-element elementor-element-667f6d6 elementor-widget elementor-widget-image\" data-id=\"667f6d6\" data-element_type=\"widget\" data-e-type=\"widget\" data-widget_type=\"image.default\">\n\t\t\t\t<div class=\"elementor-widget-container\">\n\t\t\t\t\t\t\t\t\t\t\t\t\t\t\t<img loading=\"lazy\" width=\"150\" height=\"150\" src=\"https:\/\/www.facturee.de\/wp-content\/uploads\/CO2-Badge-FR@2x.png\" class=\"attachment-thumbnail size-thumbnail wp-image-15416\" alt=\"CO2-Badge_FR\" sizes=\"auto, (max-width: 150px) 100vw, 150px\" >\t\t\t\t\t\t\t\t\t\t\t\t\t\t\t<\/div>\n\t\t\t\t<\/div>\n\t\t\t\t\t<\/div>\n\t\t<\/div>\n\t\t\t\t<div class=\"elementor-column elementor-col-50 elementor-inner-column elementor-element elementor-element-5315f18\" data-id=\"5315f18\" data-element_type=\"column\" data-e-type=\"column\">\n\t\t\t<div class=\"elementor-widget-wrap elementor-element-populated\">\n\t\t\t\t\t\t<div class=\"elementor-element elementor-element-d67ee5c elementor-widget elementor-widget-image\" data-id=\"d67ee5c\" data-element_type=\"widget\" data-e-type=\"widget\" data-widget_type=\"image.default\">\n\t\t\t\t<div class=\"elementor-widget-container\">\n\t\t\t\t\t\t\t\t\t\t\t\t\t\t\t<img loading=\"lazy\" width=\"1024\" height=\"465\" src=\"https:\/\/www.facturee.de\/wp-content\/uploads\/CCs_label_RGB-1024x465.png\" class=\"attachment-large size-large wp-image-13762\" alt=\"Climate Conscious par South Pole\" srcset=\"https:\/\/www.facturee.de\/wp-content\/uploads\/CCs_label_RGB-1024x465.png 1024w, https:\/\/www.facturee.de\/wp-content\/uploads\/CCs_label_RGB-300x136.png 300w, https:\/\/www.facturee.de\/wp-content\/uploads\/CCs_label_RGB-768x349.png 768w, https:\/\/www.facturee.de\/wp-content\/uploads\/CCs_label_RGB-190x86.png 190w, https:\/\/www.facturee.de\/wp-content\/uploads\/CCs_label_RGB-800x363.png 800w, https:\/\/www.facturee.de\/wp-content\/uploads\/CCs_label_RGB.png 1159w\" sizes=\"auto, (max-width: 1024px) 100vw, 1024px\" >\t\t\t\t\t\t\t\t\t\t\t\t\t\t\t<\/div>\n\t\t\t\t<\/div>\n\t\t\t\t\t<\/div>\n\t\t<\/div>\n\t\t\t\t\t<\/div>\n\t\t<\/section>\n\t\t\t\t\t<\/div>\n\t\t<\/div>\n\t\t\t\t\t<\/div>\n\t\t<\/section>\n\t\t\t\t<\/div>","protected":false},"excerpt":{"rendered":"<p>FACTUREE \u2013 Le Fabricant en Ligne soutient le projet Prony en achetant des certificats de CO2 et contribue ainsi au financement \u00e0 long terme du projet.<\/p>","protected":false},"author":3,"featured_media":15414,"comment_status":"closed","ping_status":"closed","sticky":false,"template":"","format":"standard","meta":{"footnotes":""},"categories":[18],"tags":[],"class_list":["post-15413","post","type-post","status-publish","format-standard","has-post-thumbnail","hentry","category-csr"],"yoast_head":"<!-- This site is optimized with the Yoast SEO Premium plugin v26.1 (Yoast SEO v27.3) - https:\/\/yoast.com\/product\/yoast-seo-premium-wordpress\/ -->\n<title>FACTUREE und South Pole: Sechs Windfarmen f\u00fcr Neukaledonien errichtet<\/title>\n<meta name=\"description\" content=\"Neukaledonien wird klimaneutral \u2013 mit diesem Ziel startete 2018 ein Projekt von South Pole. FACTUREE \u2013 Der Online-Fertiger unterst\u00fctzt das Prony Projekt durch den Kauf von CO2-Zertifikaten und tr\u00e4gt somit zu einer langfristigen Finanzierung des Projekts bei.\" \/>\n<meta name=\"robots\" content=\"index, follow, max-snippet:-1, max-image-preview:large, max-video-preview:-1\" \/>\n<link rel=\"canonical\" href=\"https:\/\/www.facturee.de\/fr\/facturee-et-south-pole-six-parcs-eoliens-construits-pour-la-nouvelle-caledonie\/\" \/>\n<meta property=\"og:locale\" content=\"fr_FR\" \/>\n<meta property=\"og:type\" content=\"article\" \/>\n<meta property=\"og:title\" content=\"FACTUREE und South Pole: Sechs Windfarmen f\u00fcr Neukaledonien errichtet\" \/>\n<meta property=\"og:description\" content=\"Neukaledonien wird klimaneutral \u2013 mit diesem Ziel startete 2018 ein Projekt von South Pole. FACTUREE \u2013 Der Online-Fertiger unterst\u00fctzt das Prony Projekt durch den Kauf von CO2-Zertifikaten und tr\u00e4gt somit zu einer langfristigen Finanzierung des Projekts bei.\" \/>\n<meta property=\"og:url\" content=\"https:\/\/www.facturee.de\/fr\/facturee-et-south-pole-six-parcs-eoliens-construits-pour-la-nouvelle-caledonie\/\" \/>\n<meta property=\"og:site_name\" content=\"FACTUREE\" \/>\n<meta property=\"article:publisher\" content=\"https:\/\/www.facebook.com\/FACTUREE\/\" \/>\n<meta property=\"article:published_time\" content=\"2021-09-20T13:15:27+00:00\" \/>\n<meta property=\"article:modified_time\" content=\"2025-05-15T15:37:50+00:00\" \/>\n<meta property=\"og:image\" content=\"https:\/\/www.facturee.de\/wp-content\/uploads\/SouthPole344_16_1200x900.webp\" \/>\n\t<meta property=\"og:image:width\" content=\"1200\" \/>\n\t<meta property=\"og:image:height\" content=\"900\" \/>\n\t<meta property=\"og:image:type\" content=\"image\/jpeg\" \/>\n<meta name=\"author\" content=\"Benjamin Schwab\" \/>\n<meta name=\"twitter:card\" content=\"summary_large_image\" \/>\n<meta name=\"twitter:creator\" content=\"@FACTUREE_de\" \/>\n<meta name=\"twitter:site\" content=\"@FACTUREE_de\" \/>\n<script type=\"application\/ld+json\" class=\"yoast-schema-graph\">{\"@context\":\"https:\\\/\\\/schema.org\",\"@graph\":[{\"@type\":\"Article\",\"@id\":\"https:\\\/\\\/www.facturee.de\\\/facturee-und-south-pole-sechs-windfarmen-fuer-neukaledonien-errichtet\\\/#article\",\"isPartOf\":{\"@id\":\"https:\\\/\\\/www.facturee.de\\\/facturee-und-south-pole-sechs-windfarmen-fuer-neukaledonien-errichtet\\\/\"},\"author\":{\"name\":\"Benjamin Schwab\",\"@id\":\"https:\\\/\\\/www.facturee.de\\\/#\\\/schema\\\/person\\\/0bbb3d9ad0b5f2f81199c7c636b85a80\"},\"headline\":\"FACTUREE und South Pole: Sechs Windfarmen f\u00fcr Neukaledonien errichtet\",\"datePublished\":\"2021-09-20T13:15:27+00:00\",\"dateModified\":\"2025-05-15T15:37:50+00:00\",\"mainEntityOfPage\":{\"@id\":\"https:\\\/\\\/www.facturee.de\\\/facturee-und-south-pole-sechs-windfarmen-fuer-neukaledonien-errichtet\\\/\"},\"wordCount\":662,\"publisher\":{\"@id\":\"https:\\\/\\\/www.facturee.de\\\/#organization\"},\"image\":{\"@id\":\"https:\\\/\\\/www.facturee.de\\\/facturee-und-south-pole-sechs-windfarmen-fuer-neukaledonien-errichtet\\\/#primaryimage\"},\"thumbnailUrl\":\"https:\\\/\\\/www.facturee.de\\\/wp-content\\\/uploads\\\/SouthPole344_16_1200x900.webp\",\"articleSection\":[\"Engagement\"],\"inLanguage\":\"fr-FR\"},{\"@type\":\"WebPage\",\"@id\":\"https:\\\/\\\/www.facturee.de\\\/facturee-und-south-pole-sechs-windfarmen-fuer-neukaledonien-errichtet\\\/\",\"url\":\"https:\\\/\\\/www.facturee.de\\\/facturee-und-south-pole-sechs-windfarmen-fuer-neukaledonien-errichtet\\\/\",\"name\":\"FACTUREE und South Pole: Sechs Windfarmen f\u00fcr Neukaledonien errichtet\",\"isPartOf\":{\"@id\":\"https:\\\/\\\/www.facturee.de\\\/#website\"},\"primaryImageOfPage\":{\"@id\":\"https:\\\/\\\/www.facturee.de\\\/facturee-und-south-pole-sechs-windfarmen-fuer-neukaledonien-errichtet\\\/#primaryimage\"},\"image\":{\"@id\":\"https:\\\/\\\/www.facturee.de\\\/facturee-und-south-pole-sechs-windfarmen-fuer-neukaledonien-errichtet\\\/#primaryimage\"},\"thumbnailUrl\":\"https:\\\/\\\/www.facturee.de\\\/wp-content\\\/uploads\\\/SouthPole344_16_1200x900.webp\",\"datePublished\":\"2021-09-20T13:15:27+00:00\",\"dateModified\":\"2025-05-15T15:37:50+00:00\",\"description\":\"Neukaledonien wird klimaneutral \u2013 mit diesem Ziel startete 2018 ein Projekt von South Pole. FACTUREE \u2013 Der Online-Fertiger unterst\u00fctzt das Prony Projekt durch den Kauf von CO2-Zertifikaten und tr\u00e4gt somit zu einer langfristigen Finanzierung des Projekts bei.\",\"breadcrumb\":{\"@id\":\"https:\\\/\\\/www.facturee.de\\\/facturee-und-south-pole-sechs-windfarmen-fuer-neukaledonien-errichtet\\\/#breadcrumb\"},\"inLanguage\":\"fr-FR\",\"potentialAction\":[{\"@type\":\"ReadAction\",\"target\":[\"https:\\\/\\\/www.facturee.de\\\/facturee-und-south-pole-sechs-windfarmen-fuer-neukaledonien-errichtet\\\/\"]}]},{\"@type\":\"ImageObject\",\"inLanguage\":\"fr-FR\",\"@id\":\"https:\\\/\\\/www.facturee.de\\\/facturee-und-south-pole-sechs-windfarmen-fuer-neukaledonien-errichtet\\\/#primaryimage\",\"url\":\"https:\\\/\\\/www.facturee.de\\\/wp-content\\\/uploads\\\/SouthPole344_16_1200x900.webp\",\"contentUrl\":\"https:\\\/\\\/www.facturee.de\\\/wp-content\\\/uploads\\\/SouthPole344_16_1200x900.webp\",\"width\":1200,\"height\":900,\"caption\":\"\u00a9 South Pole\"},{\"@type\":\"BreadcrumbList\",\"@id\":\"https:\\\/\\\/www.facturee.de\\\/facturee-und-south-pole-sechs-windfarmen-fuer-neukaledonien-errichtet\\\/#breadcrumb\",\"itemListElement\":[{\"@type\":\"ListItem\",\"position\":1,\"name\":\"Startseite\",\"item\":\"https:\\\/\\\/www.facturee.de\\\/\"},{\"@type\":\"ListItem\",\"position\":2,\"name\":\"FACTUREE und South Pole: Sechs Windfarmen f\u00fcr Neukaledonien errichtet\"}]},{\"@type\":\"WebSite\",\"@id\":\"https:\\\/\\\/www.facturee.de\\\/#website\",\"url\":\"https:\\\/\\\/www.facturee.de\\\/\",\"name\":\"FACTUREE\",\"description\":\"Der Online-Fertiger\",\"publisher\":{\"@id\":\"https:\\\/\\\/www.facturee.de\\\/#organization\"},\"potentialAction\":[{\"@type\":\"SearchAction\",\"target\":{\"@type\":\"EntryPoint\",\"urlTemplate\":\"https:\\\/\\\/www.facturee.de\\\/?s={search_term_string}\"},\"query-input\":{\"@type\":\"PropertyValueSpecification\",\"valueRequired\":true,\"valueName\":\"search_term_string\"}}],\"inLanguage\":\"fr-FR\"},{\"@type\":\"Organization\",\"@id\":\"https:\\\/\\\/www.facturee.de\\\/#organization\",\"name\":\"FACTUREE - Der Online Fertiger\",\"alternateName\":\"FACTUREE - der Online-Fertiger\",\"url\":\"https:\\\/\\\/www.facturee.de\\\/\",\"logo\":{\"@type\":\"ImageObject\",\"inLanguage\":\"fr-FR\",\"@id\":\"https:\\\/\\\/www.facturee.de\\\/#\\\/schema\\\/logo\\\/image\\\/\",\"url\":\"https:\\\/\\\/www.facturee.de\\\/wp-content\\\/uploads\\\/facturee-2000px.webp\",\"contentUrl\":\"https:\\\/\\\/www.facturee.de\\\/wp-content\\\/uploads\\\/facturee-2000px.webp\",\"width\":2000,\"height\":470,\"caption\":\"FACTUREE - Der Online Fertiger\"},\"image\":{\"@id\":\"https:\\\/\\\/www.facturee.de\\\/#\\\/schema\\\/logo\\\/image\\\/\"},\"sameAs\":[\"https:\\\/\\\/www.facebook.com\\\/FACTUREE\\\/\",\"https:\\\/\\\/x.com\\\/FACTUREE_de\",\"https:\\\/\\\/www.linkedin.com\\\/company\\\/12655397\\\/admin\\\/feed\\\/posts\\\/\",\"https:\\\/\\\/www.xing.com\\\/pages\\\/facturee-deronline-fertiger\"],\"email\":\"info@facturee.de\",\"telephone\":\"03062939390\",\"numberOfEmployees\":{\"@type\":\"QuantitativeValue\",\"minValue\":\"51\",\"maxValue\":\"200\"}},{\"@type\":\"Person\",\"@id\":\"https:\\\/\\\/www.facturee.de\\\/#\\\/schema\\\/person\\\/0bbb3d9ad0b5f2f81199c7c636b85a80\",\"name\":\"Benjamin Schwab\",\"image\":{\"@type\":\"ImageObject\",\"inLanguage\":\"fr-FR\",\"@id\":\"https:\\\/\\\/secure.gravatar.com\\\/avatar\\\/a7b423e9625fc02bd0ed9cc8d15896c6856aec670a97914e85289177328cd384?s=96&d=mm&r=g\",\"url\":\"https:\\\/\\\/secure.gravatar.com\\\/avatar\\\/a7b423e9625fc02bd0ed9cc8d15896c6856aec670a97914e85289177328cd384?s=96&d=mm&r=g\",\"contentUrl\":\"https:\\\/\\\/secure.gravatar.com\\\/avatar\\\/a7b423e9625fc02bd0ed9cc8d15896c6856aec670a97914e85289177328cd384?s=96&d=mm&r=g\",\"caption\":\"Benjamin Schwab\"}}]}<\/script>\n<!-- \/ Yoast SEO Premium plugin. -->","yoast_head_json":{"title":"FACTUREE et South Pole : Six parcs \u00e9oliens construits pour la Nouvelle-Cal\u00e9donie","description":"La Nouvelle-Cal\u00e9donie devient climatiquement neutre - avec cet objectif, un projet de South Pole a d\u00e9j\u00e0 d\u00e9marr\u00e9 en 2018. FACTUREE \u2013 Le Fabricant en Ligne soutient le projet Prony en achetant des certificats de CO2 et contribue ainsi au financement \u00e0 long terme du projet.","robots":{"index":"index","follow":"follow","max-snippet":"max-snippet:-1","max-image-preview":"max-image-preview:large","max-video-preview":"max-video-preview:-1"},"canonical":"https:\/\/www.facturee.de\/fr\/facturee-et-south-pole-six-parcs-eoliens-construits-pour-la-nouvelle-caledonie\/","og_locale":"fr_FR","og_type":"article","og_title":"FACTUREE und South Pole: Sechs Windfarmen f\u00fcr Neukaledonien errichtet","og_description":"Neukaledonien wird klimaneutral \u2013 mit diesem Ziel startete 2018 ein Projekt von South Pole. FACTUREE \u2013 Der Online-Fertiger unterst\u00fctzt das Prony Projekt durch den Kauf von CO2-Zertifikaten und tr\u00e4gt somit zu einer langfristigen Finanzierung des Projekts bei.","og_url":"https:\/\/www.facturee.de\/fr\/facturee-et-south-pole-six-parcs-eoliens-construits-pour-la-nouvelle-caledonie\/","og_site_name":"FACTUREE","article_publisher":"https:\/\/www.facebook.com\/FACTUREE\/","article_published_time":"2021-09-20T13:15:27+00:00","article_modified_time":"2025-05-15T15:37:50+00:00","og_image":[{"width":1200,"height":900,"url":"https:\/\/www.facturee.de\/wp-content\/uploads\/SouthPole344_16_1200x900.webp","type":"image\/jpeg"}],"author":"Benjamin Schwab","twitter_card":"summary_large_image","twitter_creator":"@FACTUREE_de","twitter_site":"@FACTUREE_de","schema":{"@context":"https:\/\/schema.org","@graph":[{"@type":"Article","@id":"https:\/\/www.facturee.de\/facturee-und-south-pole-sechs-windfarmen-fuer-neukaledonien-errichtet\/#article","isPartOf":{"@id":"https:\/\/www.facturee.de\/facturee-und-south-pole-sechs-windfarmen-fuer-neukaledonien-errichtet\/"},"author":{"name":"Benjamin Schwab","@id":"https:\/\/www.facturee.de\/#\/schema\/person\/0bbb3d9ad0b5f2f81199c7c636b85a80"},"headline":"FACTUREE und South Pole: Sechs Windfarmen f\u00fcr Neukaledonien errichtet","datePublished":"2021-09-20T13:15:27+00:00","dateModified":"2025-05-15T15:37:50+00:00","mainEntityOfPage":{"@id":"https:\/\/www.facturee.de\/facturee-und-south-pole-sechs-windfarmen-fuer-neukaledonien-errichtet\/"},"wordCount":662,"publisher":{"@id":"https:\/\/www.facturee.de\/#organization"},"image":{"@id":"https:\/\/www.facturee.de\/facturee-und-south-pole-sechs-windfarmen-fuer-neukaledonien-errichtet\/#primaryimage"},"thumbnailUrl":"https:\/\/www.facturee.de\/wp-content\/uploads\/SouthPole344_16_1200x900.webp","articleSection":["Engagement"],"inLanguage":"fr-FR"},{"@type":"WebPage","@id":"https:\/\/www.facturee.de\/facturee-und-south-pole-sechs-windfarmen-fuer-neukaledonien-errichtet\/","url":"https:\/\/www.facturee.de\/facturee-und-south-pole-sechs-windfarmen-fuer-neukaledonien-errichtet\/","name":"FACTUREE et South Pole : Six parcs \u00e9oliens construits pour la Nouvelle-Cal\u00e9donie","isPartOf":{"@id":"https:\/\/www.facturee.de\/#website"},"primaryImageOfPage":{"@id":"https:\/\/www.facturee.de\/facturee-und-south-pole-sechs-windfarmen-fuer-neukaledonien-errichtet\/#primaryimage"},"image":{"@id":"https:\/\/www.facturee.de\/facturee-und-south-pole-sechs-windfarmen-fuer-neukaledonien-errichtet\/#primaryimage"},"thumbnailUrl":"https:\/\/www.facturee.de\/wp-content\/uploads\/SouthPole344_16_1200x900.webp","datePublished":"2021-09-20T13:15:27+00:00","dateModified":"2025-05-15T15:37:50+00:00","description":"La Nouvelle-Cal\u00e9donie devient climatiquement neutre - avec cet objectif, un projet de South Pole a d\u00e9j\u00e0 d\u00e9marr\u00e9 en 2018. FACTUREE \u2013 Le Fabricant en Ligne soutient le projet Prony en achetant des certificats de CO2 et contribue ainsi au financement \u00e0 long terme du projet.","breadcrumb":{"@id":"https:\/\/www.facturee.de\/facturee-und-south-pole-sechs-windfarmen-fuer-neukaledonien-errichtet\/#breadcrumb"},"inLanguage":"fr-FR","potentialAction":[{"@type":"ReadAction","target":["https:\/\/www.facturee.de\/facturee-und-south-pole-sechs-windfarmen-fuer-neukaledonien-errichtet\/"]}]},{"@type":"ImageObject","inLanguage":"fr-FR","@id":"https:\/\/www.facturee.de\/facturee-und-south-pole-sechs-windfarmen-fuer-neukaledonien-errichtet\/#primaryimage","url":"https:\/\/www.facturee.de\/wp-content\/uploads\/SouthPole344_16_1200x900.webp","contentUrl":"https:\/\/www.facturee.de\/wp-content\/uploads\/SouthPole344_16_1200x900.webp","width":1200,"height":900,"caption":"\u00a9 South Pole"},{"@type":"BreadcrumbList","@id":"https:\/\/www.facturee.de\/facturee-und-south-pole-sechs-windfarmen-fuer-neukaledonien-errichtet\/#breadcrumb","itemListElement":[{"@type":"ListItem","position":1,"name":"Startseite","item":"https:\/\/www.facturee.de\/"},{"@type":"ListItem","position":2,"name":"FACTUREE und South Pole: Sechs Windfarmen f\u00fcr Neukaledonien errichtet"}]},{"@type":"WebSite","@id":"https:\/\/www.facturee.de\/#website","url":"https:\/\/www.facturee.de\/","name":"FACTUREE","description":"Le Fabricante en Ligne","publisher":{"@id":"https:\/\/www.facturee.de\/#organization"},"potentialAction":[{"@type":"SearchAction","target":{"@type":"EntryPoint","urlTemplate":"https:\/\/www.facturee.de\/?s={search_term_string}"},"query-input":{"@type":"PropertyValueSpecification","valueRequired":true,"valueName":"search_term_string"}}],"inLanguage":"fr-FR"},{"@type":"Organization","@id":"https:\/\/www.facturee.de\/#organization","name":"FACTUREE - Le fabricant en ligne","alternateName":"FACTUREE - der Online-Fertiger","url":"https:\/\/www.facturee.de\/","logo":{"@type":"ImageObject","inLanguage":"fr-FR","@id":"https:\/\/www.facturee.de\/#\/schema\/logo\/image\/","url":"https:\/\/www.facturee.de\/wp-content\/uploads\/facturee-2000px.webp","contentUrl":"https:\/\/www.facturee.de\/wp-content\/uploads\/facturee-2000px.webp","width":2000,"height":470,"caption":"FACTUREE - Der Online Fertiger"},"image":{"@id":"https:\/\/www.facturee.de\/#\/schema\/logo\/image\/"},"sameAs":["https:\/\/www.facebook.com\/FACTUREE\/","https:\/\/x.com\/FACTUREE_de","https:\/\/www.linkedin.com\/company\/12655397\/admin\/feed\/posts\/","https:\/\/www.xing.com\/pages\/facturee-deronline-fertiger"],"email":"info@facturee.de","telephone":"03062939390","numberOfEmployees":{"@type":"QuantitativeValue","minValue":"51","maxValue":"200"}},{"@type":"Person","@id":"https:\/\/www.facturee.de\/#\/schema\/person\/0bbb3d9ad0b5f2f81199c7c636b85a80","name":"Benjamin Schwab","image":{"@type":"ImageObject","inLanguage":"fr-FR","@id":"https:\/\/secure.gravatar.com\/avatar\/a7b423e9625fc02bd0ed9cc8d15896c6856aec670a97914e85289177328cd384?s=96&d=mm&r=g","url":"https:\/\/secure.gravatar.com\/avatar\/a7b423e9625fc02bd0ed9cc8d15896c6856aec670a97914e85289177328cd384?s=96&d=mm&r=g","contentUrl":"https:\/\/secure.gravatar.com\/avatar\/a7b423e9625fc02bd0ed9cc8d15896c6856aec670a97914e85289177328cd384?s=96&d=mm&r=g","caption":"Benjamin Schwab"}}]}},"_links":{"self":[{"href":"https:\/\/www.facturee.de\/fr\/wp-json\/wp\/v2\/posts\/15413","targetHints":{"allow":["GET"]}}],"collection":[{"href":"https:\/\/www.facturee.de\/fr\/wp-json\/wp\/v2\/posts"}],"about":[{"href":"https:\/\/www.facturee.de\/fr\/wp-json\/wp\/v2\/types\/post"}],"author":[{"embeddable":true,"href":"https:\/\/www.facturee.de\/fr\/wp-json\/wp\/v2\/users\/3"}],"replies":[{"embeddable":true,"href":"https:\/\/www.facturee.de\/fr\/wp-json\/wp\/v2\/comments?post=15413"}],"version-history":[{"count":0,"href":"https:\/\/www.facturee.de\/fr\/wp-json\/wp\/v2\/posts\/15413\/revisions"}],"wp:featuredmedia":[{"embeddable":true,"href":"https:\/\/www.facturee.de\/fr\/wp-json\/wp\/v2\/media\/15414"}],"wp:attachment":[{"href":"https:\/\/www.facturee.de\/fr\/wp-json\/wp\/v2\/media?parent=15413"}],"wp:term":[{"taxonomy":"category","embeddable":true,"href":"https:\/\/www.facturee.de\/fr\/wp-json\/wp\/v2\/categories?post=15413"},{"taxonomy":"post_tag","embeddable":true,"href":"https:\/\/www.facturee.de\/fr\/wp-json\/wp\/v2\/tags?post=15413"}],"curies":[{"name":"wp","href":"https:\/\/api.w.org\/{rel}","templated":true}]}}