{"id":29517,"date":"2026-03-25T15:55:02","date_gmt":"2026-03-25T14:55:02","guid":{"rendered":"https:\/\/factureestage.wpengine.com\/?p=29517"},"modified":"2026-04-13T16:44:08","modified_gmt":"2026-04-13T14:44:08","slug":"journee-mondiale-du-recyclage-2026-fabrication-durable","status":"publish","type":"post","link":"https:\/\/www.facturee.de\/fr\/welt-recycling-tag-2026-nachhaltige-fertigung\/","title":{"rendered":"Journ\u00e9e mondiale du recyclage 2026 : La fabrication durable, un avantage concurrentiel"},"content":{"rendered":"\t\t<div data-elementor-type=\"wp-post\" data-elementor-id=\"29517\" class=\"elementor elementor-29517\" data-elementor-post-type=\"post\">\n\t\t\t\t<div class=\"elementor-element elementor-element-433c3fc7 e-flex e-con-boxed e-con e-parent\" data-id=\"433c3fc7\" data-element_type=\"container\" data-e-type=\"container\">\n\t\t\t\t\t<div class=\"e-con-inner\">\n\t\t\t\t<div class=\"elementor-element elementor-element-41b4f4be elementor-widget elementor-widget-heading\" data-id=\"41b4f4be\" data-element_type=\"widget\" data-e-type=\"widget\" data-widget_type=\"heading.default\">\n\t\t\t\t<div class=\"elementor-widget-container\">\n\t\t\t\t\t<h1 class=\"elementor-heading-title elementor-size-default\">Welt-Recycling-Tag 2026: Nachhaltige Fertigung als Wettbewerbsvorteil<\/h1>\t\t\t\t<\/div>\n\t\t\t\t<\/div>\n\t\t\t\t<div class=\"elementor-element elementor-element-664d3045 elementor-widget elementor-widget-shortcode\" data-id=\"664d3045\" data-element_type=\"widget\" data-e-type=\"widget\" id=\"date-author-block\" data-widget_type=\"shortcode.default\">\n\t\t\t\t<div class=\"elementor-widget-container\">\n\t\t\t\t\t\t\t<div class=\"elementor-shortcode\"><div class=\"custom-author-box\"><span class=\"post-date-styled\">25. mars 2026<\/span><img loading=\"lazy\" alt=\"Author Photo\" src=\"https:\/\/www.facturee.de\/wp-content\/themes\/facturee\/img\/facturee-redaktion.webp\" class=\"custom-author-img\" height=\"40\" width=\"40\" loading=\"lazy\" decoding=\"async\"><address id=\"author-details\"><span itemprop=\"author\" itemscope itemtype=\"https:\/\/schema.org\/Person\"><span class=\"author-prefix\">von <\/span><span itemprop=\"name\" class=\"custom-author-name\">Facturee Redaktion<\/span><\/span><\/address><\/div><\/div>\n\t\t\t\t\t\t<\/div>\n\t\t\t\t<\/div>\n\t\t\t\t\t<\/div>\n\t\t\t\t<\/div>\n\t\t\t\t<section class=\"elementor-section elementor-top-section elementor-element elementor-element-381a199b elementor-section-boxed elementor-section-height-default elementor-section-height-default\" data-id=\"381a199b\" data-element_type=\"section\" data-e-type=\"section\">\n\t\t\t\t\t\t<div class=\"elementor-container elementor-column-gap-custom\">\n\t\t\t\t\t<div class=\"elementor-column elementor-col-33 elementor-top-column elementor-element elementor-element-1c62d8ff\" data-id=\"1c62d8ff\" data-element_type=\"column\" data-e-type=\"column\" id=\"content-left-col\">\n\t\t\t<div class=\"elementor-widget-wrap elementor-element-populated\">\n\t\t\t\t\t\t<section class=\"elementor-section elementor-inner-section elementor-element elementor-element-4a307369 elementor-section-boxed elementor-section-height-default elementor-section-height-default\" data-id=\"4a307369\" data-element_type=\"section\" data-e-type=\"section\" id=\"blog-posts-sidebar\" data-settings=\"{&quot;sticky_on&quot;:[&quot;desktop&quot;,&quot;tablet&quot;],&quot;sticky_offset&quot;:120,&quot;sticky_parent&quot;:&quot;yes&quot;,&quot;sticky&quot;:&quot;top&quot;,&quot;sticky_effects_offset&quot;:0,&quot;sticky_anchor_link_offset&quot;:0}\">\n\t\t\t\t\t\t<div class=\"elementor-container elementor-column-gap-custom\">\n\t\t\t\t\t<div class=\"elementor-column elementor-col-100 elementor-inner-column elementor-element elementor-element-192d8b9d\" data-id=\"192d8b9d\" data-element_type=\"column\" data-e-type=\"column\">\n\t\t\t<div class=\"elementor-widget-wrap elementor-element-populated\">\n\t\t\t\t<div class=\"elementor-element elementor-element-582d428f e-flex e-con-boxed e-con e-parent\" data-id=\"582d428f\" data-element_type=\"container\" data-e-type=\"container\" id=\"breadcrumb\">\n\t\t\t\t\t<div class=\"e-con-inner\">\n\t\t\t\t<div class=\"elementor-element elementor-element-506c3f78 elementor-widget elementor-widget-shortcode\" data-id=\"506c3f78\" data-element_type=\"widget\" data-e-type=\"widget\" data-widget_type=\"shortcode.default\">\n\t\t\t\t<div class=\"elementor-widget-container\">\n\t\t\t\t\t\t\t<div class=\"elementor-shortcode\"><div class=\"custom-breadcrumb\"><a href=\"https:\/\/www.facturee.de\/fr\">Home<\/a> &raquo; <a href=\"https:\/\/www.facturee.de\/fr\/news\/\" rel=\"category tag\">Neuigkeiten<\/a><\/div>\n<\/div>\n\t\t\t\t\t\t<\/div>\n\t\t\t\t<\/div>\n\t\t\t\t\t<\/div>\n\t\t\t\t<\/div>\n\t\t<div class=\"elementor-element elementor-element-337d02b9 sidebar-box e-flex e-con-boxed e-con e-parent\" data-id=\"337d02b9\" data-element_type=\"container\" data-e-type=\"container\" id=\"table-of-content-box\">\n\t\t\t\t\t<div class=\"e-con-inner\">\n\t\t<div class=\"elementor-element elementor-element-5b916779 e-con-full e-flex e-con e-child\" data-id=\"5b916779\" data-element_type=\"container\" data-e-type=\"container\">\n\t\t\t\t<div class=\"elementor-element elementor-element-2f979c92 elementor-widget elementor-widget-heading\" data-id=\"2f979c92\" data-element_type=\"widget\" data-e-type=\"widget\" data-widget_type=\"heading.default\">\n\t\t\t\t<div class=\"elementor-widget-container\">\n\t\t\t\t\t<h2 class=\"elementor-heading-title elementor-size-default\">Table of contents<\/h2>\t\t\t\t<\/div>\n\t\t\t\t<\/div>\n\t\t\t\t<div class=\"elementor-element elementor-element-f920f1c elementor-widget elementor-widget-text-editor\" data-id=\"f920f1c\" data-element_type=\"widget\" data-e-type=\"widget\" data-widget_type=\"text-editor.default\">\n\t\t\t\t<div class=\"elementor-widget-container\">\n\t\t\t\t\t\t\t\t\t<ol><li><a href=\"#definition\">Was bedeutet nachhaltige Fertigung?<\/a><\/li><li><p data-path-to-node=\"28\"><a href=\"#vorteilenachhaltigefertigung\">Vorteile nachhaltiger Fertigung<\/a><\/p><\/li><li><a href=\"#trendsnachhaltigefertigung\">Trends in der nachhaltigen Fertigung<\/a><\/li><li><a href=\"#beispielenachhaltigefertigung\">Beispiele f\u00fcr eine nachhaltige Fertigung<\/a><\/li><li><a href=\"#wasunternehmentunkoennen\">Was Unternehmen tun k\u00f6nnen<\/a><\/li><li><a href=\"#nachhaltigefertigungfacturee\">Nachhaltige Fertigung bei FACTUREE<\/a><\/li><\/ol>\t\t\t\t\t\t\t\t<\/div>\n\t\t\t\t<\/div>\n\t\t\t\t<\/div>\n\t\t\t\t\t<\/div>\n\t\t\t\t<\/div>\n\t\t\t\t<div class=\"elementor-element elementor-element-5d6bcf50 elementor-widget elementor-widget-shortcode\" data-id=\"5d6bcf50\" data-element_type=\"widget\" data-e-type=\"widget\" data-widget_type=\"shortcode.default\">\n\t\t\t\t<div class=\"elementor-widget-container\">\n\t\t\t\t\t\t\t<div class=\"elementor-shortcode\">    <div class=\"fa-social-share \">\n        \n                    <h4 class=\"share-title\">Diesen Beitrag teilen<\/h4>\n                \n        <div class=\"share-buttons-container\">\n            \n                            <ul class=\"fa-social-icons-list shortcode-version\">\n                                            <li class=\"fa-social-icons-list--item\">\n                            <a class=\"fa-social-icons-list--link\" \n                               href=\"https:\/\/www.linkedin.com\/company\/facturee\/\"\n                               target=\"_blank\" \n                               title=\"LinkedIn\" \n                               rel=\"noopener noreferrer\">\n                                <span class=\"screen-reader-text\">LinkedIn<\/span>\n                                <span class=\"fa-social-icons-list--span fa-socicon socicon icon-linkedin\"\n                                      role=\"img\" aria-label=\"LinkedIn\"><\/span>\n                            <\/a>\n                        <\/li>\n                                            <li class=\"fa-social-icons-list--item\">\n                            <a class=\"fa-social-icons-list--link\" \n                               href=\"https:\/\/www.youtube.com\/@facturee-der-online-fertiger\"\n                               target=\"_blank\" \n                               title=\"YouTube\" \n                               rel=\"noopener noreferrer\">\n                                <span class=\"screen-reader-text\">YouTube<\/span>\n                                <span class=\"fa-social-icons-list--span fa-socicon socicon icon-youtube\"\n                                      role=\"img\" aria-label=\"YouTube\"><\/span>\n                            <\/a>\n                        <\/li>\n                                            <li class=\"fa-social-icons-list--item\">\n                            <a class=\"fa-social-icons-list--link\" \n                               href=\"https:\/\/www.facebook.com\/FACTUREE\/\"\n                               target=\"_blank\" \n                               title=\"Facebook\" \n                               rel=\"noopener noreferrer\">\n                                <span class=\"screen-reader-text\">Facebook<\/span>\n                                <span class=\"fa-social-icons-list--span fa-socicon socicon icon-facebook\"\n                                      role=\"img\" aria-label=\"Facebook\"><\/span>\n                            <\/a>\n                        <\/li>\n                                            <li class=\"fa-social-icons-list--item\">\n                            <a class=\"fa-social-icons-list--link\" \n                               href=\"https:\/\/www.instagram.com\/facturee_official\"\n                               target=\"_blank\" \n                               title=\"Instagram\" \n                               rel=\"noopener noreferrer\">\n                                <span class=\"screen-reader-text\">Instagram<\/span>\n                                <span class=\"fa-social-icons-list--span fa-socicon socicon icon-instagram\"\n                                      role=\"img\" aria-label=\"Instagram\"><\/span>\n                            <\/a>\n                        <\/li>\n                                            <li class=\"fa-social-icons-list--item\">\n                            <a class=\"fa-social-icons-list--link\" \n                               href=\"https:\/\/www.xing.com\/pages\/facturee-deronline-fertiger\"\n                               target=\"_blank\" \n                               title=\"Xing\" \n                               rel=\"noopener noreferrer\">\n                                <span class=\"screen-reader-text\">Xing<\/span>\n                                <span class=\"fa-social-icons-list--span fa-socicon socicon icon-xing\"\n                                      role=\"img\" aria-label=\"Xing\"><\/span>\n                            <\/a>\n                        <\/li>\n                                    <\/ul>\n            \n                            <button class=\"share-button native\" id=\"native-share\" aria-label=\"Teilen\" style=\"display:none;\">\n                    <svg xmlns=\"http:\/\/www.w3.org\/2000\/svg\" viewBox=\"0 0 24 24\" width=\"20\" height=\"20\">\n                        <path fill=\"#fff\" d=\"M18,16.08C17.24,16.08 16.56,16.38 16.04,16.85L8.91,12.7C8.96,12.47 9,12.24 9,12C9,11.76 8.96,11.53 8.91,11.3L15.96,7.19C16.5,7.69 17.21,8 18,8A3,3 0 0,0 21,5A3,3 0 0,0 18,2A3,3 0 0,0 15,5C15,5.24 15.04,5.47 15.09,5.7L8.04,9.81C7.5,9.31 6.79,9 6,9A3,3 0 0,0 3,12A3,3 0 0,0 6,15C6.79,15 7.5,14.69 8.04,14.19L15.16,18.34C15.11,18.55 15.08,18.77 15.08,19C15.08,20.61 16.39,21.91 18,21.91C19.61,21.91 20.92,20.61 20.92,19A2.92,2.92 0 0,0 18,16.08Z\" \/>\n                    <\/svg>\n                <\/button>\n\n                <script>\n                document.addEventListener('DOMContentLoaded', function() {\n                    const nativeShareBtn = document.getElementById('native-share');\n                    if (nativeShareBtn && navigator.share) {\n                        nativeShareBtn.style.display = 'inline-flex'; \n                        nativeShareBtn.addEventListener('click', function() {\n                            navigator.share({\n                                title: 'Welt-Recycling-Tag 2026: Nachhaltige Fertigung als Wettbewerbsvorteil',\n                                url: 'https:\/\/www.facturee.de\/fr\/welt-recycling-tag-2026-nachhaltige-fertigung\/'\n                            }).catch(console.error);\n                        });\n                    }\n                });\n                <\/script>\n                        \n        <\/div>\n    <\/div>\n    <\/div>\n\t\t\t\t\t\t<\/div>\n\t\t\t\t<\/div>\n\t\t\t\t\t<\/div>\n\t\t<\/div>\n\t\t\t\t\t<\/div>\n\t\t<\/section>\n\t\t\t\t\t<\/div>\n\t\t<\/div>\n\t\t\t\t<div class=\"elementor-column elementor-col-66 elementor-top-column elementor-element elementor-element-372714d6\" data-id=\"372714d6\" data-element_type=\"column\" data-e-type=\"column\" id=\"content-right-col\">\n\t\t\t<div class=\"elementor-widget-wrap elementor-element-populated\">\n\t\t\t\t<div class=\"elementor-element elementor-element-41aad922 e-flex e-con-boxed e-con e-parent\" data-id=\"41aad922\" data-element_type=\"container\" data-e-type=\"container\">\n\t\t\t\t\t<div class=\"e-con-inner\">\n\t\t\t\t<div class=\"elementor-element elementor-element-5b5fb7bc elementor-widget elementor-widget-text-editor\" data-id=\"5b5fb7bc\" data-element_type=\"widget\" data-e-type=\"widget\" data-widget_type=\"text-editor.default\">\n\t\t\t\t<div class=\"elementor-widget-container\">\n\t\t\t\t\t\t\t\t\t<p><b>Am 18. M\u00e4rz ist Global Recycling Day. Der Aktionstag wird seit 2018 vom Bureau of International Recycling (BIR) ins Leben gerufen. Das Ziel ist, das Recycling als wichtige Ressource weltweit st\u00e4rker ins Bewusstsein zu r\u00fccken. Es soll gleichwertig zu Wasser, \u00d6l, Gas und anderen Rohstoffen sein.<\/b><\/p><p><b>F\u00fcr die Fertigungsindustrie ist dieser Tag weit mehr als ein Kalendertermin. Es ist eine Einladung, die eigene Produktion grundlegend zu hinterfragen und neu zu denken.<\/b><\/p><p><b>Denn nachhaltige Fertigung ist l\u00e4ngst kein Nischenthema mehr. Sie ist ein strategischer Hebel f\u00fcr Kostensenkung, Resilienz und Wettbewerbsf\u00e4higkeit.<\/b><\/p>\t\t\t\t\t\t\t\t<\/div>\n\t\t\t\t<\/div>\n\t\t\t\t\t<\/div>\n\t\t\t\t<\/div>\n\t\t<div class=\"elementor-element elementor-element-6ab245a9 e-flex e-con-boxed e-con e-parent\" data-id=\"6ab245a9\" data-element_type=\"container\" data-e-type=\"container\" id=\"funktionblechbiegen\">\n\t\t\t\t\t<div class=\"e-con-inner\">\n\t\t\t\t<div class=\"elementor-element elementor-element-3e2476a0 elementor-widget elementor-widget-heading\" data-id=\"3e2476a0\" data-element_type=\"widget\" data-e-type=\"widget\" id=\"definition\" data-widget_type=\"heading.default\">\n\t\t\t\t<div class=\"elementor-widget-container\">\n\t\t\t\t\t<h2 class=\"elementor-heading-title elementor-size-default\">Was bedeutet nachhaltige Fertigung?<\/h2>\t\t\t\t<\/div>\n\t\t\t\t<\/div>\n\t\t\t\t\t<\/div>\n\t\t\t\t<\/div>\n\t\t<div class=\"elementor-element elementor-element-773692cb e-flex e-con-boxed e-con e-parent\" data-id=\"773692cb\" data-element_type=\"container\" data-e-type=\"container\">\n\t\t\t\t\t<div class=\"e-con-inner\">\n\t\t\t\t<div class=\"elementor-element elementor-element-5d90372 elementor-widget elementor-widget-text-editor\" data-id=\"5d90372\" data-element_type=\"widget\" data-e-type=\"widget\" data-widget_type=\"text-editor.default\">\n\t\t\t\t<div class=\"elementor-widget-container\">\n\t\t\t\t\t\t\t\t\t<p><span style=\"font-weight: 400;\">Nachhaltige Fertigung bezeichnet die wirtschaftliche Herstellung von G\u00fctern unter konsequenter Ber\u00fccksichtigung \u00f6kologischer, sozialer und \u00f6konomischer Verantwortung. Ziel ist es, den Ressourceneinsatz und die negativen Auswirkungen auf die Umwelt entlang der gesamten Wertsch\u00f6pfungskette zu minimieren. Dabei darf die Marktposition nicht gef\u00e4hrdet werden.<\/span><\/p><p><span style=\"font-weight: 400;\">Zu den zentralen Zielen nachhaltiger Produktion z\u00e4hlen die Vermeidung sch\u00e4dlicher Emissionen, die effiziente Nutzung von Energie und Rohstoffen. Au\u00dferdem steht im Fokus der Umstieg auf erneuerbare Energien sowie die Abfallvermeidung und Schaffung von Stoffkreisl\u00e4ufen.<\/span><\/p><p><span style=\"font-weight: 400;\">Um diese Ziele zu erreichen, setzen Unternehmen auf umweltfreundliche Praktiken entlang der gesamten Wertsch\u00f6pfungskette. Von der Materialauswahl \u00fcber die Prozessplanung bis hin zur Logistik findet man vieles. Dazu geh\u00f6rt zum Beispiel der Einsatz erneuerbarer Energien in der Produktion. Auch die Reduzierung von Ausschuss durch bessere Fertigungsverfahren z\u00e4hlt dazu. Zudem k\u00f6nnen recyclingf\u00e4hige Werkstoffe genutzt werden.<\/span><\/p><p><span style=\"font-weight: 400;\">Entscheidend dabei: Fertigung nachhaltiger zu gestalten, beginnt nicht erst am Ende eines Produktlebenszyklus. Sie setzt bereits beim Design, bei der Materialauswahl und bei der Prozessplanung an.<\/span><\/p>\t\t\t\t\t\t\t\t<\/div>\n\t\t\t\t<\/div>\n\t\t\t\t\t<\/div>\n\t\t\t\t<\/div>\n\t\t<div class=\"elementor-element elementor-element-dc9b0cc e-flex e-con-boxed e-con e-parent\" data-id=\"dc9b0cc\" data-element_type=\"container\" data-e-type=\"container\">\n\t\t\t\t\t<div class=\"e-con-inner\">\n\t\t\t\t<div class=\"elementor-element elementor-element-a16a52b elementor-widget elementor-widget-heading\" data-id=\"a16a52b\" data-element_type=\"widget\" data-e-type=\"widget\" id=\"vorteilenachhaltigefertigung\" data-widget_type=\"heading.default\">\n\t\t\t\t<div class=\"elementor-widget-container\">\n\t\t\t\t\t<h2 class=\"elementor-heading-title elementor-size-default\">Vorteile nachhaltiger Fertigung: Warum es sich lohnt\n<\/h2>\t\t\t\t<\/div>\n\t\t\t\t<\/div>\n\t\t\t\t<div class=\"elementor-element elementor-element-45a0e2c elementor-widget elementor-widget-text-editor\" data-id=\"45a0e2c\" data-element_type=\"widget\" data-e-type=\"widget\" data-widget_type=\"text-editor.default\">\n\t\t\t\t<div class=\"elementor-widget-container\">\n\t\t\t\t\t\t\t\t\t<p><span style=\"font-weight: 400;\">Die Vorteile einer nachhaltigen Fertigung sind sowohl \u00f6kologischer als auch wirtschaftlicher Natur. Unternehmen, die fr\u00fchzeitig umstellen, profitieren auf mehreren Ebenen gleichzeitig.<\/span><\/p>\t\t\t\t\t\t\t\t<\/div>\n\t\t\t\t<\/div>\n\t\t\t\t<div class=\"elementor-element elementor-element-34a265e elementor-widget elementor-widget-n-accordion\" data-id=\"34a265e\" data-element_type=\"widget\" data-e-type=\"widget\" data-settings=\"{&quot;default_state&quot;:&quot;expanded&quot;,&quot;max_items_expended&quot;:&quot;one&quot;,&quot;n_accordion_animation_duration&quot;:{&quot;unit&quot;:&quot;ms&quot;,&quot;size&quot;:400,&quot;sizes&quot;:[]}}\" data-widget_type=\"nested-accordion.default\">\n\t\t\t\t<div class=\"elementor-widget-container\">\n\t\t\t\t\t\t\t<div class=\"e-n-accordion\" aria-label=\"Accordion. Open links with Enter or Space, close with Escape, and navigate with Arrow Keys\">\n\t\t\t\t\t\t<details id=\"e-n-accordion-item-5510\" class=\"e-n-accordion-item\" open>\n\t\t\t\t<summary class=\"e-n-accordion-item-title\" data-accordion-index=\"1\" tabindex=\"0\" aria-expanded=\"true\" aria-controls=\"e-n-accordion-item-5510\" >\n\t\t\t\t\t<span class='e-n-accordion-item-title-header'><div class=\"e-n-accordion-item-title-text\"> Kostensenkung durch Ressourceneffizienz <\/div><\/span>\n\t\t\t\t\t\t\t<span class='e-n-accordion-item-title-icon'>\n\t\t\t<span class='e-opened' ><i aria-hidden=\"true\" class=\"fas fa-minus\"><\/i><\/span>\n\t\t\t<span class='e-closed'><i aria-hidden=\"true\" class=\"fas fa-plus\"><\/i><\/span>\n\t\t<\/span>\n\n\t\t\t\t\t\t<\/summary>\n\t\t\t\t<div role=\"region\" aria-labelledby=\"e-n-accordion-item-5510\" class=\"elementor-element elementor-element-2c68ae8 e-con-full e-flex e-con e-child\" data-id=\"2c68ae8\" data-element_type=\"container\" data-e-type=\"container\">\n\t\t<div role=\"region\" aria-labelledby=\"e-n-accordion-item-5510\" class=\"elementor-element elementor-element-dea7fb1 e-flex e-con-boxed e-con e-child\" data-id=\"dea7fb1\" data-element_type=\"container\" data-e-type=\"container\">\n\t\t\t\t\t<div class=\"e-con-inner\">\n\t\t\t\t<div class=\"elementor-element elementor-element-6ff5ff5 elementor-widget elementor-widget-text-editor\" data-id=\"6ff5ff5\" data-element_type=\"widget\" data-e-type=\"widget\" data-widget_type=\"text-editor.default\">\n\t\t\t\t<div class=\"elementor-widget-container\">\n\t\t\t\t\t\t\t\t\t<p><span style=\"font-weight: 400;\">Ressourceneffizienz f\u00fchrt zu langfristigen Kosteneinsparungen \u2013 durch geringeren Materialeinsatz, reduzierten Energieverbrauch und optimierte Prozesse. Viele Unternehmen untersch\u00e4tzen das Potenzial, das sich bereits durch pragmatische Schritte im Kleinen erschlie\u00dfen l\u00e4sst.<\/span><\/p>\t\t\t\t\t\t\t\t<\/div>\n\t\t\t\t<\/div>\n\t\t\t\t\t<\/div>\n\t\t\t\t<\/div>\n\t\t\t\t<\/div>\n\t\t\t\t\t<\/details>\n\t\t\t\t\t\t<details id=\"e-n-accordion-item-5511\" class=\"e-n-accordion-item\" >\n\t\t\t\t<summary class=\"e-n-accordion-item-title\" data-accordion-index=\"2\" tabindex=\"-1\" aria-expanded=\"false\" aria-controls=\"e-n-accordion-item-5511\" >\n\t\t\t\t\t<span class='e-n-accordion-item-title-header'><div class=\"e-n-accordion-item-title-text\"> Lieferkettenresilienz und Zukunftssicherheit <\/div><\/span>\n\t\t\t\t\t\t\t<span class='e-n-accordion-item-title-icon'>\n\t\t\t<span class='e-opened' ><i aria-hidden=\"true\" class=\"fas fa-minus\"><\/i><\/span>\n\t\t\t<span class='e-closed'><i aria-hidden=\"true\" class=\"fas fa-plus\"><\/i><\/span>\n\t\t<\/span>\n\n\t\t\t\t\t\t<\/summary>\n\t\t\t\t<div role=\"region\" aria-labelledby=\"e-n-accordion-item-5511\" class=\"elementor-element elementor-element-57ba8a3 e-con-full e-flex e-con e-child\" data-id=\"57ba8a3\" data-element_type=\"container\" data-e-type=\"container\">\n\t\t<div role=\"region\" aria-labelledby=\"e-n-accordion-item-5511\" class=\"elementor-element elementor-element-368f673 e-flex e-con-boxed e-con e-child\" data-id=\"368f673\" data-element_type=\"container\" data-e-type=\"container\">\n\t\t\t\t\t<div class=\"e-con-inner\">\n\t\t\t\t<div class=\"elementor-element elementor-element-aedc6ad elementor-widget elementor-widget-text-editor\" data-id=\"aedc6ad\" data-element_type=\"widget\" data-e-type=\"widget\" data-widget_type=\"text-editor.default\">\n\t\t\t\t<div class=\"elementor-widget-container\">\n\t\t\t\t\t\t\t\t\t<p><span style=\"font-weight: 400;\">Unternehmen mit nachhaltiger Fertigung handeln risikobewusster. Sie sind besser auf geopolitische und \u00f6kologische Krisen vorbereitet. Sie erhalten zudem oft bessere Konditionen f\u00fcr Finanzierungen und F\u00f6rdermittel.<\/span><\/p>\t\t\t\t\t\t\t\t<\/div>\n\t\t\t\t<\/div>\n\t\t\t\t\t<\/div>\n\t\t\t\t<\/div>\n\t\t\t\t<\/div>\n\t\t\t\t\t<\/details>\n\t\t\t\t\t\t<details id=\"e-n-accordion-item-5512\" class=\"e-n-accordion-item\" >\n\t\t\t\t<summary class=\"e-n-accordion-item-title\" data-accordion-index=\"3\" tabindex=\"-1\" aria-expanded=\"false\" aria-controls=\"e-n-accordion-item-5512\" >\n\t\t\t\t\t<span class='e-n-accordion-item-title-header'><div class=\"e-n-accordion-item-title-text\"> Wettbewerbsvorteil durch Nachhaltigkeit als Markenbotschaft <\/div><\/span>\n\t\t\t\t\t\t\t<span class='e-n-accordion-item-title-icon'>\n\t\t\t<span class='e-opened' ><i aria-hidden=\"true\" class=\"fas fa-minus\"><\/i><\/span>\n\t\t\t<span class='e-closed'><i aria-hidden=\"true\" class=\"fas fa-plus\"><\/i><\/span>\n\t\t<\/span>\n\n\t\t\t\t\t\t<\/summary>\n\t\t\t\t<div role=\"region\" aria-labelledby=\"e-n-accordion-item-5512\" class=\"elementor-element elementor-element-c08f7a2 e-con-full e-flex e-con e-child\" data-id=\"c08f7a2\" data-element_type=\"container\" data-e-type=\"container\">\n\t\t<div role=\"region\" aria-labelledby=\"e-n-accordion-item-5512\" class=\"elementor-element elementor-element-c471306 e-flex e-con-boxed e-con e-child\" data-id=\"c471306\" data-element_type=\"container\" data-e-type=\"container\">\n\t\t\t\t\t<div class=\"e-con-inner\">\n\t\t\t\t<div class=\"elementor-element elementor-element-3998068 elementor-widget elementor-widget-text-editor\" data-id=\"3998068\" data-element_type=\"widget\" data-e-type=\"widget\" data-widget_type=\"text-editor.default\">\n\t\t\t\t<div class=\"elementor-widget-container\">\n\t\t\t\t\t\t\t\t\t<p><span style=\"font-weight: 400;\">Immer mehr B2B-Kunden verlangen Nachweise nachhaltiger Produktion \u2013 \u00fcber Ausschreibungskriterien, Zertifizierungen oder ESG-Berichterstattung. Wer offen zeigt, wie Nachhaltigkeit in der Fertigung gelebt wird, st\u00e4rkt das eigene Image.\u00a0 <\/span><span style=\"font-weight: 400;\"><br \/><\/span><span style=\"font-weight: 400;\">So gilt das Unternehmen als verl\u00e4sslicher und zukunftsorientierter Partner.<\/span><\/p>\t\t\t\t\t\t\t\t<\/div>\n\t\t\t\t<\/div>\n\t\t\t\t\t<\/div>\n\t\t\t\t<\/div>\n\t\t\t\t<\/div>\n\t\t\t\t\t<\/details>\n\t\t\t\t\t<\/div>\n\t\t\t\t\t\t<\/div>\n\t\t\t\t<\/div>\n\t\t\t\t<div class=\"elementor-element elementor-element-a2db3a7 elementor-widget elementor-widget-image\" data-id=\"a2db3a7\" data-element_type=\"widget\" data-e-type=\"widget\" data-widget_type=\"image.default\">\n\t\t\t\t<div class=\"elementor-widget-container\">\n\t\t\t\t\t\t\t\t\t\t\t\t\t\t\t\t<a href=\"https:\/\/www.facturee.de\/wp-content\/uploads\/Trends-in-der-nachhaltigen-Fertigung-2.png\" data-elementor-open-lightbox=\"yes\" data-elementor-lightbox-title=\"Trends in der nachhaltigen Fertigung (2)\" data-e-action-hash=\"#elementor-action%3Aaction%3Dlightbox%26settings%3DeyJpZCI6Mjk1MjMsInVybCI6Imh0dHBzOlwvXC93d3cuZmFjdHVyZWUuZGVcL3dwLWNvbnRlbnRcL3VwbG9hZHNcL1RyZW5kcy1pbi1kZXItbmFjaGhhbHRpZ2VuLUZlcnRpZ3VuZy0yLnBuZyJ9\">\n\t\t\t\t\t\t\t<img loading=\"lazy\" width=\"1024\" height=\"512\" src=\"https:\/\/www.facturee.de\/wp-content\/uploads\/Trends-in-der-nachhaltigen-Fertigung-2-1024x512.png\" class=\"attachment-large size-large wp-image-29523\" alt=\"Trends in der nachhaltigen Fertigung: vier Punkte, die \u00c4nderungen in der Fertigung in 2026 bedeuten\" srcset=\"https:\/\/www.facturee.de\/wp-content\/uploads\/Trends-in-der-nachhaltigen-Fertigung-2-1024x512.png 1024w, https:\/\/www.facturee.de\/wp-content\/uploads\/Trends-in-der-nachhaltigen-Fertigung-2-300x150.png 300w, https:\/\/www.facturee.de\/wp-content\/uploads\/Trends-in-der-nachhaltigen-Fertigung-2-768x384.png 768w, https:\/\/www.facturee.de\/wp-content\/uploads\/Trends-in-der-nachhaltigen-Fertigung-2-190x95.png 190w, https:\/\/www.facturee.de\/wp-content\/uploads\/Trends-in-der-nachhaltigen-Fertigung-2-18x9.png 18w, https:\/\/www.facturee.de\/wp-content\/uploads\/Trends-in-der-nachhaltigen-Fertigung-2-800x400.png 800w, https:\/\/www.facturee.de\/wp-content\/uploads\/Trends-in-der-nachhaltigen-Fertigung-2.png 1200w\" sizes=\"auto, (max-width: 1024px) 100vw, 1024px\" \/ loading=\"lazy\" decoding=\"async\">\t\t\t\t\t\t\t\t<\/a>\n\t\t\t\t\t\t\t\t\t\t\t\t\t\t\t<\/div>\n\t\t\t\t<\/div>\n\t\t\t\t\t<\/div>\n\t\t\t\t<\/div>\n\t\t<div class=\"elementor-element elementor-element-0349276 e-flex e-con-boxed e-con e-parent\" data-id=\"0349276\" data-element_type=\"container\" data-e-type=\"container\">\n\t\t\t\t\t<div class=\"e-con-inner\">\n\t\t\t\t<div class=\"elementor-element elementor-element-70866ea elementor-widget elementor-widget-heading\" data-id=\"70866ea\" data-element_type=\"widget\" data-e-type=\"widget\" id=\"trendsnachhaltigefertigung\" data-widget_type=\"heading.default\">\n\t\t\t\t<div class=\"elementor-widget-container\">\n\t\t\t\t\t<h2 class=\"elementor-heading-title elementor-size-default\">Trends in der nachhaltigen Fertigung\n<\/h2>\t\t\t\t<\/div>\n\t\t\t\t<\/div>\n\t\t\t\t<div class=\"elementor-element elementor-element-567e8e6 elementor-widget elementor-widget-text-editor\" data-id=\"567e8e6\" data-element_type=\"widget\" data-e-type=\"widget\" data-widget_type=\"text-editor.default\">\n\t\t\t\t<div class=\"elementor-widget-container\">\n\t\t\t\t\t\t\t\t\t<p><span style=\"font-weight: 400;\">Die Fertigungsindustrie befindet sich in einem tiefgreifenden Wandel. Folgende Trends pr\u00e4gen derzeit die nachhaltige industrielle Fertigung:<\/span><\/p><ol><li><b> Kreislaufwirtschaft und nachhaltigeres Design:<\/b><\/li><\/ol><p><span style=\"font-weight: 400;\">Produkte werden zunehmend so entwickelt, dass sie von Anfang an auf Langlebigkeit, Reparierbarkeit und Recyclingf\u00e4higkeit ausgelegt sind. Dieses nachhaltigere Design ber\u00fccksichtigt den gesamten Produktlebenszyklus \u2013 von der Rohstoffgewinnung bis zur Entsorgung. Ziel der Kreislaufwirtschaft ist es, Materialien so lange wie m\u00f6glich im Einsatz zu halten und Abfall zu vermeiden.<\/span><\/p><ol start=\"2\"><li><b> Additive Fertigung und Nachhaltigkeit:<\/b><\/li><\/ol><p><span style=\"font-weight: 400;\">Additive Fertigung \u2013 also 3D-Druck \u2013 gilt als eines der ressourcenschonendsten Fertigungsverfahren: Material wird nur dort eingesetzt, wo es gebraucht wird. Zum Beispiel das Fraunhofer IPT forscht im EU-Projekt DIAMETER an hybriden Systemen. Diese Systeme kombinieren additive Fertigung und Fr\u00e4stechnologie.\u00a0\u00a0<\/span><\/p><p><span style=\"font-weight: 400;\">So sinkt der Materialausschuss. Au\u00dferdem wird der \u00f6kologische Fu\u00dfabdruck in der Fertigung kleiner. Designkriterien wie Langlebigkeit, Reparierbarkeit und Recycling stehen dabei bereits bei der Bauteilentwicklung im Fokus.<\/span><\/p><ol start=\"3\"><li><b> Industrie 4.0 und digitale Zwillinge:<\/b><\/li><\/ol><p><span style=\"font-weight: 400;\">Digitalisierung und Industrie 4.0 erm\u00f6glichen eine pr\u00e4zisere Steuerung von Produktionsprozessen: weniger \u00dcberproduktion, bessere Kapazit\u00e4tsauslastung, k\u00fcrzere Transportwege.\u00a0<\/span><\/p><p><span style=\"font-weight: 400;\">Ein wichtiges Werkzeug ist der digitale Zwilling. Er ist ein virtuelles Abbild eines Bauteils oder einer Anlage. Mit ihm lassen sich Fertigungsprozesse simulieren und optimieren. Das geschieht, bevor reale Ressourcen genutzt werden. Das spart Material, Energie und Zeit.<\/span><\/p><ol start=\"4\"><li><b> \u00d6kologischer Fu\u00dfabdruck und Lebenszyklusanalyse (LCA):<\/b><\/li><\/ol><p><span style=\"font-weight: 400;\">Die Lebenszyklusanalyse (LCA) wird zum Standard-Steuerungsinstrument nachhaltiger Produktion. Sie erfasst den \u00f6kologischen Fu\u00dfabdruck eines Produkts \u00fcber alle Phasen hinweg \u2013 von der Rohstoffgewinnung bis zur Entsorgung. Nehmen wir wieder das Fraunhofer IPT als Beispiel: Schon die Wahl von Material und Fr\u00e4sstrategie kann den \u00f6kologischen Fu\u00dfabdruck senken. So sind 30 bis 50 Prozent weniger m\u00f6glich.<\/span><\/p>\t\t\t\t\t\t\t\t<\/div>\n\t\t\t\t<\/div>\n\t\t\t\t\t<\/div>\n\t\t\t\t<\/div>\n\t\t<div class=\"elementor-element elementor-element-9f1883d e-flex e-con-boxed e-con e-parent\" data-id=\"9f1883d\" data-element_type=\"container\" data-e-type=\"container\">\n\t\t\t\t\t<div class=\"e-con-inner\">\n\t\t\t\t<div class=\"elementor-element elementor-element-f759681 elementor-widget elementor-widget-heading\" data-id=\"f759681\" data-element_type=\"widget\" data-e-type=\"widget\" id=\"beispielenachhaltigefertigung\" data-widget_type=\"heading.default\">\n\t\t\t\t<div class=\"elementor-widget-container\">\n\t\t\t\t\t<h2 class=\"elementor-heading-title elementor-size-default\">Beispiele f\u00fcr eine nachhaltige Fertigung\n<\/h2>\t\t\t\t<\/div>\n\t\t\t\t<\/div>\n\t\t\t\t<div class=\"elementor-element elementor-element-15a3a81 elementor-widget elementor-widget-text-editor\" data-id=\"15a3a81\" data-element_type=\"widget\" data-e-type=\"widget\" data-widget_type=\"text-editor.default\">\n\t\t\t\t<div class=\"elementor-widget-container\">\n\t\t\t\t\t\t\t\t\t<table style=\"border-collapse: collapse; width: 100%; border-top: 2px solid #0b5e82;\">\n<thead>\n<tr style=\"border-bottom: 2px solid #0b5e82; background-color: rgba(11, 94, 130, 0.05);\">\n<td style=\"padding: 12px; color: #0b5e82;\"><b>Beispiel<\/b><\/td>\n<td style=\"padding: 12px; color: #0b5e82;\"><b>Ma\u00dfnahme<\/b><\/td>\n<td style=\"padding: 12px; color: #0b5e82;\"><b>Nachhaltigkeitseffekt<\/b><\/td>\n<\/tr>\n<\/thead>\n<tbody>\n<tr style=\"border-bottom: 1px solid #0b5e82;\">\n<td style=\"padding: 12px;\"><span style=\"font-weight: 400;\">Additive Fertigung<\/span><\/td>\n<td style=\"padding: 12px;\"><span style=\"font-weight: 400;\">Material wird schichtweise aufgebaut statt aus dem Vollen zerspant<\/span><\/td>\n<td style=\"padding: 12px;\"><span style=\"font-weight: 400;\">Weniger Materialausschuss, besonders bei teuren Werkstoffen wie Titan<\/span><\/td>\n<\/tr>\n<tr style=\"border-bottom: 1px solid #0b5e82;\">\n<td style=\"padding: 12px;\"><span style=\"font-weight: 400;\">Nesting beim Laserschneiden<\/span><\/td>\n<td style=\"padding: 12px;\"><span style=\"font-weight: 400;\">Intelligente Anordnung der Zeichnungsteile auf dem Rohmaterialblech<\/span><\/td>\n<td style=\"padding: 12px;\"><span style=\"font-weight: 400;\">H\u00f6herer Materialausnutzungsgrad, weniger Verschnitt<\/span><\/td>\n<\/tr>\n<tr style=\"border-bottom: 1px solid #0b5e82;\">\n<td style=\"padding: 12px;\"><span style=\"font-weight: 400;\">Bauteilkonsolidierung<\/span><\/td>\n<td style=\"padding: 12px;\"><span style=\"font-weight: 400;\">Mehrere Einzelteile werden zu einem Bauteil zusammengef\u00fchrt<\/span><\/td>\n<td style=\"padding: 12px;\"><span style=\"font-weight: 400;\">Weniger Fertigungsschritte, weniger Verbindungselemente, weniger Energieverbrauch<\/span><\/td>\n<\/tr>\n<tr style=\"border-bottom: 1px solid #0b5e82;\">\n<td style=\"padding: 12px;\"><span style=\"font-weight: 400;\">Bedarfsgerechte Fertigung<\/span><\/td>\n<td style=\"padding: 12px;\"><span style=\"font-weight: 400;\">Online-Fertigung auf Abruf statt Produktion auf Vorrat<\/span><\/td>\n<td style=\"padding: 12px;\"><span style=\"font-weight: 400;\">Keine \u00dcberproduktion, kein unn\u00f6tiger Verbrauch an Ressourcen<\/span><\/td>\n<\/tr>\n<\/tbody>\n<\/table>\t\t\t\t\t\t\t\t<\/div>\n\t\t\t\t<\/div>\n\t\t\t\t\t<\/div>\n\t\t\t\t<\/div>\n\t\t<div class=\"elementor-element elementor-element-801151e e-flex e-con-boxed e-con e-parent\" data-id=\"801151e\" data-element_type=\"container\" data-e-type=\"container\">\n\t\t\t\t\t<div class=\"e-con-inner\">\n\t\t\t\t<div class=\"elementor-element elementor-element-12de2c1 elementor-widget elementor-widget-heading\" data-id=\"12de2c1\" data-element_type=\"widget\" data-e-type=\"widget\" id=\"wasunternehmentunkoennen\" data-widget_type=\"heading.default\">\n\t\t\t\t<div class=\"elementor-widget-container\">\n\t\t\t\t\t<h2 class=\"elementor-heading-title elementor-size-default\">F\u00fchrungsrolle in nachhaltiger Fertigung: Was Unternehmen jetzt tun k\u00f6nnen\n<\/h2>\t\t\t\t<\/div>\n\t\t\t\t<\/div>\n\t\t\t\t<div class=\"elementor-element elementor-element-265e949 elementor-widget elementor-widget-text-editor\" data-id=\"265e949\" data-element_type=\"widget\" data-e-type=\"widget\" data-widget_type=\"text-editor.default\">\n\t\t\t\t<div class=\"elementor-widget-container\">\n\t\t\t\t\t\t\t\t\t<p><span style=\"font-weight: 400;\">Wer eine F\u00fchrungsrolle in nachhaltiger Fertigung anstrebt, muss nicht bei null anfangen. Viele Ma\u00dfnahmen lassen sich kurzfristig umsetzen \u2013 und zahlen sich schnell aus. Konkrete Ideen zur Nachhaltigkeit in der Fertigung:<\/span><\/p><ul><li style=\"font-weight: 400;\" aria-level=\"1\"><b>Nachhaltige Materialien priorisieren:<\/b><span style=\"font-weight: 400;\"> Recyclingf\u00e4hige und langlebige Werkstoffe reduzieren den Verbrauch an Ressourcen \u00fcber den gesamten Produktlebenszyklus. Sie verringern langfristig auch die Materialkosten<\/span><\/li><li style=\"font-weight: 400;\" aria-level=\"1\"><b>Design f\u00fcr nachhaltige Fertigung umsetzen: <\/b><span style=\"font-weight: 400;\">Produkte von Anfang an kreislauff\u00e4hig planen. So konstruieren, dass sie repariert, wiederverwendet oder recycelt werden k\u00f6nnen.<\/span><\/li><li style=\"font-weight: 400;\" aria-level=\"1\"><b>Lieferketten verk\u00fcrzen:<\/b><span style=\"font-weight: 400;\"> Regionale Fertigungspartner bevorzugen, um Transportwege und damit verbundene CO\u2082-Emissionen zu reduzieren.<\/span><\/li><li style=\"font-weight: 400;\" aria-level=\"1\"><b>\u00dcberproduktion vermeiden:<\/b><span style=\"font-weight: 400;\"> Produktionsmengen bedarfsgerecht planen \u2013 nur das fertigen, was tats\u00e4chlich gebraucht wird.<\/span><\/li><li style=\"font-weight: 400;\" aria-level=\"1\"><b>\u00d6kologischen Fu\u00dfabdruck messen:<\/b><span style=\"font-weight: 400;\"> CO\u2082-Fu\u00dfabdr\u00fccke systematisch erfassen und als Steuerungsgr\u00f6\u00dfe in Einkaufs- und Fertigungsentscheidungen einbeziehen.<\/span><\/li><li style=\"font-weight: 400;\" aria-level=\"1\"><b>Klimaneutralen Versand sicherstellen: <\/b><span style=\"font-weight: 400;\">Auch die Logistik ist Teil des \u00f6kologischen Fu\u00dfabdrucks. Sie l\u00e4sst sich durch die Wahl geeigneter Partner ausgleichen oder reduzieren.<\/span><\/li><\/ul><p><span style=\"font-weight: 400;\">Nachhaltigkeit sollte kein Selbstzweck sein \u2013 sie sollte sich f\u00fcr Unternehmen auch wirtschaftlich auszahlen. Wer fr\u00fch auf nachhaltige Materialien setzt, gewinnt technologische Vorteile. Er st\u00e4rkt auch seine Innovationskraft. Nachhaltiges Design und eine klare Messung des Fu\u00dfabdrucks helfen dabei.<\/span><\/p>\t\t\t\t\t\t\t\t<\/div>\n\t\t\t\t<\/div>\n\t\t\t\t\t<\/div>\n\t\t\t\t<\/div>\n\t\t<div class=\"elementor-element elementor-element-95717a7 e-flex e-con-boxed e-con e-parent\" data-id=\"95717a7\" data-element_type=\"container\" data-e-type=\"container\">\n\t\t\t\t\t<div class=\"e-con-inner\">\n\t\t\t\t<div class=\"elementor-element elementor-element-96e0352 elementor-widget elementor-widget-heading\" data-id=\"96e0352\" data-element_type=\"widget\" data-e-type=\"widget\" id=\"nachhaltigefertigungfacturee\" data-widget_type=\"heading.default\">\n\t\t\t\t<div class=\"elementor-widget-container\">\n\t\t\t\t\t<h2 class=\"elementor-heading-title elementor-size-default\">Nachhaltige Fertigung bei FACTUREE: Effizienz trifft Verantwortung\n<\/h2>\t\t\t\t<\/div>\n\t\t\t\t<\/div>\n\t\t\t\t<div class=\"elementor-element elementor-element-14877c1 elementor-widget elementor-widget-text-editor\" data-id=\"14877c1\" data-element_type=\"widget\" data-e-type=\"widget\" data-widget_type=\"text-editor.default\">\n\t\t\t\t<div class=\"elementor-widget-container\">\n\t\t\t\t\t\t\t\t\t<p><span style=\"font-weight: 400;\">Als Online-Fertiger mit einem Netzwerk von \u00fcber 2.000 spezialisierten Partnern lebt FACTUREE das Prinzip der bedarfsgerechten Fertigung. Das bedeutet konkret \u201ckein unn\u00f6tiger Material\u00fcberschuss, keine verschwendeten Kapazit\u00e4ten\u201d. Stattdessen ist die pr\u00e4zise Produktion genau dann und genau so viel, wie gebraucht wird.<\/span><\/p><p><span style=\"font-weight: 400;\">Durch den KI-gest\u00fctzten Matching-Prozess wird f\u00fcr jedes Bauteil der passende Fertigungspartner gew\u00e4hlt. Die Auswahl basiert auf Qualit\u00e4t, Preis und Lieferzeit. Auch kurze Transportwege und eine gute Kapazit\u00e4tsauslastung z\u00e4hlen. Das Ergebnis ist \u201cweniger Ressourceneinsatz, weniger Emissionen, mehr Verantwortung\u201d.<\/span><\/p><p><span style=\"font-weight: 400;\">Bew\u00e4hrte Praktiken der nachhaltigen Fertigung bei FACTUREE:<\/span><\/p><ul><li style=\"font-weight: 400;\" aria-level=\"1\"><span style=\"font-weight: 400;\">Bedarfsgerechte Fertigung statt \u00dcberproduktion auf Vorrat<\/span><\/li><li style=\"font-weight: 400;\" aria-level=\"1\"><span style=\"font-weight: 400;\">KI-gest\u00fctzte Auswahl optimaler Fertigungspartner f\u00fcr u.a. kurze Transportwege<\/span><\/li><li style=\"font-weight: 400;\" aria-level=\"1\"><span style=\"font-weight: 400;\">Zugang zu \u00fcber 300 Materialien \u2013 inkl. recyclingf\u00e4higer und nachhaltiger Werkstoffe<\/span><\/li><li style=\"font-weight: 400;\" aria-level=\"1\"><span style=\"font-weight: 400;\">Klimaneutraler Versand europaweit<\/span><\/li><li style=\"font-weight: 400;\" aria-level=\"1\"><span style=\"font-weight: 400;\">ISO 9001-zertifiziertes Qualit\u00e4tsmanagement f\u00fcr ressourcenschonende Prozesse<\/span><\/li><\/ul>\t\t\t\t\t\t\t\t<\/div>\n\t\t\t\t<\/div>\n\t\t\t\t<div class=\"elementor-element elementor-element-92ffbe8 elementor-widget elementor-widget-heading\" data-id=\"92ffbe8\" data-element_type=\"widget\" data-e-type=\"widget\" data-widget_type=\"heading.default\">\n\t\t\t\t<div class=\"elementor-widget-container\">\n\t\t\t\t\t<h2 class=\"elementor-heading-title elementor-size-default\">Fazit: Recycling und nachhaltige Fertigung geh\u00f6ren zusammen\n<\/h2>\t\t\t\t<\/div>\n\t\t\t\t<\/div>\n\t\t\t\t<div class=\"elementor-element elementor-element-519dfdc elementor-widget elementor-widget-text-editor\" data-id=\"519dfdc\" data-element_type=\"widget\" data-e-type=\"widget\" data-widget_type=\"text-editor.default\">\n\t\t\t\t<div class=\"elementor-widget-container\">\n\t\t\t\t\t\t\t\t\t<p><span style=\"font-weight: 400;\">Der Welt-Recycling-Day am 18. M\u00e4rz erinnert daran, dass Rohstoffe endlich sind. Und dass Recycling als siebte Ressource ernst genommen werden muss.\u00a0<\/span><\/p><p><span style=\"font-weight: 400;\">F\u00fcr die Fertigungsindustrie bedeutet das, dass Nachhaltigkeit kein Widerspruch zu Effizienz und Wettbewerbsf\u00e4higkeit ist. Sie ist deren Voraussetzung.<\/span><\/p>\t\t\t\t\t\t\t\t<\/div>\n\t\t\t\t<\/div>\n\t\t\t\t<div class=\"elementor-element elementor-element-b5ff968 elementor-widget elementor-widget-text-editor\" data-id=\"b5ff968\" data-element_type=\"widget\" data-e-type=\"widget\" data-widget_type=\"text-editor.default\">\n\t\t\t\t<div class=\"elementor-widget-container\">\n\t\t\t\t\t\t\t\t\t<p><b>Interesse an nachhaltiger Online-Fertigung? <a href=\"https:\/\/www.facturee.de\/angebot\/\">Jetzt Angebot einholen.<\/a><\/b><\/p>\t\t\t\t\t\t\t\t<\/div>\n\t\t\t\t<\/div>\n\t\t\t\t\t<\/div>\n\t\t\t\t<\/div>\n\t\t\t\t\t<\/div>\n\t\t<\/div>\n\t\t\t\t\t<\/div>\n\t\t<\/section>\n\t\t\t\t<\/div>\n\t\t","protected":false},"excerpt":{"rendered":"<p>Welt-Recycling-Tag 2026: Nachhaltige Fertigung als Wettbewerbsvorteil Table of contents Was bedeutet nachhaltige Fertigung? Vorteile nachhaltiger Fertigung Trends in der nachhaltigen [&hellip;]<\/p>\n","protected":false},"author":21,"featured_media":29518,"comment_status":"closed","ping_status":"closed","sticky":false,"template":"single-new-post-template.php","format":"standard","meta":{"footnotes":""},"categories":[7],"tags":[],"class_list":["post-29517","post","type-post","status-publish","format-standard","has-post-thumbnail","hentry","category-news"],"yoast_head":"<!-- This site is optimized with the Yoast SEO Premium plugin v26.1 (Yoast SEO v27.3) - https:\/\/yoast.com\/product\/yoast-seo-premium-wordpress\/ -->\n<title>Welt-Recycling-Tag 2026: Nachhaltige Fertigung als Wettbewerbsvorteil<\/title>\n<meta name=\"description\" content=\"Nachhaltige Fertigung: Ihr strategischer Hebel f\u00fcr Kostensenkung &amp; Resilienz. Entdecken Sie Trends (Kreislaufwirtschaft, 3D-Druck) und FACTUREE&#039;s Rolle.\" \/>\n<meta name=\"robots\" content=\"index, follow, max-snippet:-1, max-image-preview:large, max-video-preview:-1\" \/>\n<link rel=\"canonical\" href=\"https:\/\/www.facturee.de\/fr\/journee-mondiale-du-recyclage-2026-fabrication-durable\/\" \/>\n<meta property=\"og:locale\" content=\"fr_FR\" \/>\n<meta property=\"og:type\" content=\"article\" \/>\n<meta property=\"og:title\" content=\"Welt-Recycling-Tag 2026: Nachhaltige Fertigung als Wettbewerbsvorteil\" \/>\n<meta property=\"og:description\" content=\"Nachhaltige Fertigung: Ihr strategischer Hebel f\u00fcr Kostensenkung &amp; Resilienz. Entdecken Sie Trends (Kreislaufwirtschaft, 3D-Druck) und FACTUREE&#039;s Rolle.\" \/>\n<meta property=\"og:url\" content=\"https:\/\/www.facturee.de\/fr\/journee-mondiale-du-recyclage-2026-fabrication-durable\/\" \/>\n<meta property=\"og:site_name\" content=\"FACTUREE\" \/>\n<meta property=\"article:publisher\" content=\"https:\/\/www.facebook.com\/FACTUREE\/\" \/>\n<meta property=\"article:published_time\" content=\"2026-03-25T14:55:02+00:00\" \/>\n<meta property=\"article:modified_time\" content=\"2026-04-13T14:44:08+00:00\" \/>\n<meta property=\"og:image\" content=\"https:\/\/www.facturee.de\/wp-content\/uploads\/Welt-Recycling-Tag-2026-Nachhaltige-Fertigung-als-Wettbewerbsvorteil.png\" \/>\n\t<meta property=\"og:image:width\" content=\"1200\" \/>\n\t<meta property=\"og:image:height\" content=\"600\" \/>\n\t<meta property=\"og:image:type\" content=\"image\/png\" \/>\n<meta name=\"author\" content=\"Facturee Redaktion\" \/>\n<meta name=\"twitter:card\" content=\"summary_large_image\" \/>\n<meta name=\"twitter:creator\" content=\"@FACTUREE_de\" \/>\n<meta name=\"twitter:site\" content=\"@FACTUREE_de\" \/>\n<script type=\"application\/ld+json\" class=\"yoast-schema-graph\">{\"@context\":\"https:\\\/\\\/schema.org\",\"@graph\":[{\"@type\":\"Article\",\"@id\":\"https:\\\/\\\/www.facturee.de\\\/welt-recycling-tag-2026-nachhaltige-fertigung\\\/#article\",\"isPartOf\":{\"@id\":\"https:\\\/\\\/www.facturee.de\\\/welt-recycling-tag-2026-nachhaltige-fertigung\\\/\"},\"author\":{\"name\":\"Facturee Redaktion\",\"@id\":\"https:\\\/\\\/www.facturee.de\\\/#\\\/schema\\\/person\\\/43b00e2f4089f5a18bce05a2aeda2e47\"},\"headline\":\"Welt-Recycling-Tag 2026: Nachhaltige Fertigung als Wettbewerbsvorteil\",\"datePublished\":\"2026-03-25T14:55:02+00:00\",\"dateModified\":\"2026-04-13T14:44:08+00:00\",\"mainEntityOfPage\":{\"@id\":\"https:\\\/\\\/www.facturee.de\\\/welt-recycling-tag-2026-nachhaltige-fertigung\\\/\"},\"wordCount\":1294,\"publisher\":{\"@id\":\"https:\\\/\\\/www.facturee.de\\\/#organization\"},\"image\":{\"@id\":\"https:\\\/\\\/www.facturee.de\\\/welt-recycling-tag-2026-nachhaltige-fertigung\\\/#primaryimage\"},\"thumbnailUrl\":\"https:\\\/\\\/www.facturee.de\\\/wp-content\\\/uploads\\\/Welt-Recycling-Tag-2026-Nachhaltige-Fertigung-als-Wettbewerbsvorteil.png\",\"articleSection\":[\"Neuigkeiten\"],\"inLanguage\":\"fr-FR\"},{\"@type\":\"WebPage\",\"@id\":\"https:\\\/\\\/www.facturee.de\\\/welt-recycling-tag-2026-nachhaltige-fertigung\\\/\",\"url\":\"https:\\\/\\\/www.facturee.de\\\/welt-recycling-tag-2026-nachhaltige-fertigung\\\/\",\"name\":\"Welt-Recycling-Tag 2026: Nachhaltige Fertigung als Wettbewerbsvorteil\",\"isPartOf\":{\"@id\":\"https:\\\/\\\/www.facturee.de\\\/#website\"},\"primaryImageOfPage\":{\"@id\":\"https:\\\/\\\/www.facturee.de\\\/welt-recycling-tag-2026-nachhaltige-fertigung\\\/#primaryimage\"},\"image\":{\"@id\":\"https:\\\/\\\/www.facturee.de\\\/welt-recycling-tag-2026-nachhaltige-fertigung\\\/#primaryimage\"},\"thumbnailUrl\":\"https:\\\/\\\/www.facturee.de\\\/wp-content\\\/uploads\\\/Welt-Recycling-Tag-2026-Nachhaltige-Fertigung-als-Wettbewerbsvorteil.png\",\"datePublished\":\"2026-03-25T14:55:02+00:00\",\"dateModified\":\"2026-04-13T14:44:08+00:00\",\"description\":\"Nachhaltige Fertigung: Ihr strategischer Hebel f\u00fcr Kostensenkung & Resilienz. Entdecken Sie Trends (Kreislaufwirtschaft, 3D-Druck) und FACTUREE's Rolle.\",\"breadcrumb\":{\"@id\":\"https:\\\/\\\/www.facturee.de\\\/welt-recycling-tag-2026-nachhaltige-fertigung\\\/#breadcrumb\"},\"inLanguage\":\"fr-FR\",\"potentialAction\":[{\"@type\":\"ReadAction\",\"target\":[\"https:\\\/\\\/www.facturee.de\\\/welt-recycling-tag-2026-nachhaltige-fertigung\\\/\"]}]},{\"@type\":\"ImageObject\",\"inLanguage\":\"fr-FR\",\"@id\":\"https:\\\/\\\/www.facturee.de\\\/welt-recycling-tag-2026-nachhaltige-fertigung\\\/#primaryimage\",\"url\":\"https:\\\/\\\/www.facturee.de\\\/wp-content\\\/uploads\\\/Welt-Recycling-Tag-2026-Nachhaltige-Fertigung-als-Wettbewerbsvorteil.png\",\"contentUrl\":\"https:\\\/\\\/www.facturee.de\\\/wp-content\\\/uploads\\\/Welt-Recycling-Tag-2026-Nachhaltige-Fertigung-als-Wettbewerbsvorteil.png\",\"width\":1200,\"height\":600,\"caption\":\"Nachhaltigkeit in der Fertigung: H\u00e4nde ber\u00fchren Dokumente, auf denen ein gr\u00fcnes Recycling-Logo sich befindet\"},{\"@type\":\"BreadcrumbList\",\"@id\":\"https:\\\/\\\/www.facturee.de\\\/welt-recycling-tag-2026-nachhaltige-fertigung\\\/#breadcrumb\",\"itemListElement\":[{\"@type\":\"ListItem\",\"position\":1,\"name\":\"Startseite\",\"item\":\"https:\\\/\\\/www.facturee.de\\\/\"},{\"@type\":\"ListItem\",\"position\":2,\"name\":\"Welt-Recycling-Tag 2026: Nachhaltige Fertigung als Wettbewerbsvorteil\"}]},{\"@type\":\"WebSite\",\"@id\":\"https:\\\/\\\/www.facturee.de\\\/#website\",\"url\":\"https:\\\/\\\/www.facturee.de\\\/\",\"name\":\"FACTUREE\",\"description\":\"Der Online-Fertiger\",\"publisher\":{\"@id\":\"https:\\\/\\\/www.facturee.de\\\/#organization\"},\"potentialAction\":[{\"@type\":\"SearchAction\",\"target\":{\"@type\":\"EntryPoint\",\"urlTemplate\":\"https:\\\/\\\/www.facturee.de\\\/?s={search_term_string}\"},\"query-input\":{\"@type\":\"PropertyValueSpecification\",\"valueRequired\":true,\"valueName\":\"search_term_string\"}}],\"inLanguage\":\"fr-FR\"},{\"@type\":\"Organization\",\"@id\":\"https:\\\/\\\/www.facturee.de\\\/#organization\",\"name\":\"FACTUREE - Der Online Fertiger\",\"alternateName\":\"FACTUREE - der Online-Fertiger\",\"url\":\"https:\\\/\\\/www.facturee.de\\\/\",\"logo\":{\"@type\":\"ImageObject\",\"inLanguage\":\"fr-FR\",\"@id\":\"https:\\\/\\\/www.facturee.de\\\/#\\\/schema\\\/logo\\\/image\\\/\",\"url\":\"https:\\\/\\\/www.facturee.de\\\/wp-content\\\/uploads\\\/facturee-2000px.webp\",\"contentUrl\":\"https:\\\/\\\/www.facturee.de\\\/wp-content\\\/uploads\\\/facturee-2000px.webp\",\"width\":2000,\"height\":470,\"caption\":\"FACTUREE - Der Online Fertiger\"},\"image\":{\"@id\":\"https:\\\/\\\/www.facturee.de\\\/#\\\/schema\\\/logo\\\/image\\\/\"},\"sameAs\":[\"https:\\\/\\\/www.facebook.com\\\/FACTUREE\\\/\",\"https:\\\/\\\/x.com\\\/FACTUREE_de\",\"https:\\\/\\\/www.linkedin.com\\\/company\\\/12655397\\\/admin\\\/feed\\\/posts\\\/\",\"https:\\\/\\\/www.xing.com\\\/pages\\\/facturee-deronline-fertiger\"],\"email\":\"info@facturee.de\",\"telephone\":\"03062939390\",\"numberOfEmployees\":{\"@type\":\"QuantitativeValue\",\"minValue\":\"51\",\"maxValue\":\"200\"}},{\"@type\":\"Person\",\"@id\":\"https:\\\/\\\/www.facturee.de\\\/#\\\/schema\\\/person\\\/43b00e2f4089f5a18bce05a2aeda2e47\",\"name\":\"Facturee Redaktion\",\"image\":{\"@type\":\"ImageObject\",\"inLanguage\":\"fr-FR\",\"@id\":\"https:\\\/\\\/secure.gravatar.com\\\/avatar\\\/8a75182c1c169bc78b0289e2b4727d238a37dd6e71fc02faa9fb49a227ea437f?s=96&d=mm&r=g\",\"url\":\"https:\\\/\\\/secure.gravatar.com\\\/avatar\\\/8a75182c1c169bc78b0289e2b4727d238a37dd6e71fc02faa9fb49a227ea437f?s=96&d=mm&r=g\",\"contentUrl\":\"https:\\\/\\\/secure.gravatar.com\\\/avatar\\\/8a75182c1c169bc78b0289e2b4727d238a37dd6e71fc02faa9fb49a227ea437f?s=96&d=mm&r=g\",\"caption\":\"Facturee Redaktion\"}}]}<\/script>\n<!-- \/ Yoast SEO Premium plugin. -->","yoast_head_json":{"title":"Journ\u00e9e mondiale du recyclage 2026 : La fabrication durable, un avantage concurrentiel","description":"Une fabrication durable : Votre levier strat\u00e9gique pour la r\u00e9duction des co\u00fbts &amp; la r\u00e9silience. D\u00e9couvrez les tendances (\u00e9conomie circulaire, impression 3D) et le r\u00f4le de FACTUREE.","robots":{"index":"index","follow":"follow","max-snippet":"max-snippet:-1","max-image-preview":"max-image-preview:large","max-video-preview":"max-video-preview:-1"},"canonical":"https:\/\/www.facturee.de\/fr\/journee-mondiale-du-recyclage-2026-fabrication-durable\/","og_locale":"fr_FR","og_type":"article","og_title":"Welt-Recycling-Tag 2026: Nachhaltige Fertigung als Wettbewerbsvorteil","og_description":"Nachhaltige Fertigung: Ihr strategischer Hebel f\u00fcr Kostensenkung & Resilienz. Entdecken Sie Trends (Kreislaufwirtschaft, 3D-Druck) und FACTUREE's Rolle.","og_url":"https:\/\/www.facturee.de\/fr\/journee-mondiale-du-recyclage-2026-fabrication-durable\/","og_site_name":"FACTUREE","article_publisher":"https:\/\/www.facebook.com\/FACTUREE\/","article_published_time":"2026-03-25T14:55:02+00:00","article_modified_time":"2026-04-13T14:44:08+00:00","og_image":[{"width":1200,"height":600,"url":"https:\/\/www.facturee.de\/wp-content\/uploads\/Welt-Recycling-Tag-2026-Nachhaltige-Fertigung-als-Wettbewerbsvorteil.png","type":"image\/png"}],"author":"Facturee Redaktion","twitter_card":"summary_large_image","twitter_creator":"@FACTUREE_de","twitter_site":"@FACTUREE_de","schema":{"@context":"https:\/\/schema.org","@graph":[{"@type":"Article","@id":"https:\/\/www.facturee.de\/welt-recycling-tag-2026-nachhaltige-fertigung\/#article","isPartOf":{"@id":"https:\/\/www.facturee.de\/welt-recycling-tag-2026-nachhaltige-fertigung\/"},"author":{"name":"Facturee Redaktion","@id":"https:\/\/www.facturee.de\/#\/schema\/person\/43b00e2f4089f5a18bce05a2aeda2e47"},"headline":"Welt-Recycling-Tag 2026: Nachhaltige Fertigung als Wettbewerbsvorteil","datePublished":"2026-03-25T14:55:02+00:00","dateModified":"2026-04-13T14:44:08+00:00","mainEntityOfPage":{"@id":"https:\/\/www.facturee.de\/welt-recycling-tag-2026-nachhaltige-fertigung\/"},"wordCount":1294,"publisher":{"@id":"https:\/\/www.facturee.de\/#organization"},"image":{"@id":"https:\/\/www.facturee.de\/welt-recycling-tag-2026-nachhaltige-fertigung\/#primaryimage"},"thumbnailUrl":"https:\/\/www.facturee.de\/wp-content\/uploads\/Welt-Recycling-Tag-2026-Nachhaltige-Fertigung-als-Wettbewerbsvorteil.png","articleSection":["Neuigkeiten"],"inLanguage":"fr-FR"},{"@type":"WebPage","@id":"https:\/\/www.facturee.de\/welt-recycling-tag-2026-nachhaltige-fertigung\/","url":"https:\/\/www.facturee.de\/welt-recycling-tag-2026-nachhaltige-fertigung\/","name":"Journ\u00e9e mondiale du recyclage 2026 : La fabrication durable, un avantage concurrentiel","isPartOf":{"@id":"https:\/\/www.facturee.de\/#website"},"primaryImageOfPage":{"@id":"https:\/\/www.facturee.de\/welt-recycling-tag-2026-nachhaltige-fertigung\/#primaryimage"},"image":{"@id":"https:\/\/www.facturee.de\/welt-recycling-tag-2026-nachhaltige-fertigung\/#primaryimage"},"thumbnailUrl":"https:\/\/www.facturee.de\/wp-content\/uploads\/Welt-Recycling-Tag-2026-Nachhaltige-Fertigung-als-Wettbewerbsvorteil.png","datePublished":"2026-03-25T14:55:02+00:00","dateModified":"2026-04-13T14:44:08+00:00","description":"Une fabrication durable : Votre levier strat\u00e9gique pour la r\u00e9duction des co\u00fbts &amp; la r\u00e9silience. D\u00e9couvrez les tendances (\u00e9conomie circulaire, impression 3D) et le r\u00f4le de FACTUREE.","breadcrumb":{"@id":"https:\/\/www.facturee.de\/welt-recycling-tag-2026-nachhaltige-fertigung\/#breadcrumb"},"inLanguage":"fr-FR","potentialAction":[{"@type":"ReadAction","target":["https:\/\/www.facturee.de\/welt-recycling-tag-2026-nachhaltige-fertigung\/"]}]},{"@type":"ImageObject","inLanguage":"fr-FR","@id":"https:\/\/www.facturee.de\/welt-recycling-tag-2026-nachhaltige-fertigung\/#primaryimage","url":"https:\/\/www.facturee.de\/wp-content\/uploads\/Welt-Recycling-Tag-2026-Nachhaltige-Fertigung-als-Wettbewerbsvorteil.png","contentUrl":"https:\/\/www.facturee.de\/wp-content\/uploads\/Welt-Recycling-Tag-2026-Nachhaltige-Fertigung-als-Wettbewerbsvorteil.png","width":1200,"height":600,"caption":"Nachhaltigkeit in der Fertigung: H\u00e4nde ber\u00fchren Dokumente, auf denen ein gr\u00fcnes Recycling-Logo sich befindet"},{"@type":"BreadcrumbList","@id":"https:\/\/www.facturee.de\/welt-recycling-tag-2026-nachhaltige-fertigung\/#breadcrumb","itemListElement":[{"@type":"ListItem","position":1,"name":"Startseite","item":"https:\/\/www.facturee.de\/"},{"@type":"ListItem","position":2,"name":"Welt-Recycling-Tag 2026: Nachhaltige Fertigung als Wettbewerbsvorteil"}]},{"@type":"WebSite","@id":"https:\/\/www.facturee.de\/#website","url":"https:\/\/www.facturee.de\/","name":"FACTUREE","description":"Le Fabricante en Ligne","publisher":{"@id":"https:\/\/www.facturee.de\/#organization"},"potentialAction":[{"@type":"SearchAction","target":{"@type":"EntryPoint","urlTemplate":"https:\/\/www.facturee.de\/?s={search_term_string}"},"query-input":{"@type":"PropertyValueSpecification","valueRequired":true,"valueName":"search_term_string"}}],"inLanguage":"fr-FR"},{"@type":"Organization","@id":"https:\/\/www.facturee.de\/#organization","name":"FACTUREE - Le fabricant en ligne","alternateName":"FACTUREE - der Online-Fertiger","url":"https:\/\/www.facturee.de\/","logo":{"@type":"ImageObject","inLanguage":"fr-FR","@id":"https:\/\/www.facturee.de\/#\/schema\/logo\/image\/","url":"https:\/\/www.facturee.de\/wp-content\/uploads\/facturee-2000px.webp","contentUrl":"https:\/\/www.facturee.de\/wp-content\/uploads\/facturee-2000px.webp","width":2000,"height":470,"caption":"FACTUREE - Der Online Fertiger"},"image":{"@id":"https:\/\/www.facturee.de\/#\/schema\/logo\/image\/"},"sameAs":["https:\/\/www.facebook.com\/FACTUREE\/","https:\/\/x.com\/FACTUREE_de","https:\/\/www.linkedin.com\/company\/12655397\/admin\/feed\/posts\/","https:\/\/www.xing.com\/pages\/facturee-deronline-fertiger"],"email":"info@facturee.de","telephone":"03062939390","numberOfEmployees":{"@type":"QuantitativeValue","minValue":"51","maxValue":"200"}},{"@type":"Person","@id":"https:\/\/www.facturee.de\/#\/schema\/person\/43b00e2f4089f5a18bce05a2aeda2e47","name":"R\u00e9daction de Facturee","image":{"@type":"ImageObject","inLanguage":"fr-FR","@id":"https:\/\/secure.gravatar.com\/avatar\/8a75182c1c169bc78b0289e2b4727d238a37dd6e71fc02faa9fb49a227ea437f?s=96&d=mm&r=g","url":"https:\/\/secure.gravatar.com\/avatar\/8a75182c1c169bc78b0289e2b4727d238a37dd6e71fc02faa9fb49a227ea437f?s=96&d=mm&r=g","contentUrl":"https:\/\/secure.gravatar.com\/avatar\/8a75182c1c169bc78b0289e2b4727d238a37dd6e71fc02faa9fb49a227ea437f?s=96&d=mm&r=g","caption":"Facturee Redaktion"}}]}},"_links":{"self":[{"href":"https:\/\/www.facturee.de\/fr\/wp-json\/wp\/v2\/posts\/29517","targetHints":{"allow":["GET"]}}],"collection":[{"href":"https:\/\/www.facturee.de\/fr\/wp-json\/wp\/v2\/posts"}],"about":[{"href":"https:\/\/www.facturee.de\/fr\/wp-json\/wp\/v2\/types\/post"}],"author":[{"embeddable":true,"href":"https:\/\/www.facturee.de\/fr\/wp-json\/wp\/v2\/users\/21"}],"replies":[{"embeddable":true,"href":"https:\/\/www.facturee.de\/fr\/wp-json\/wp\/v2\/comments?post=29517"}],"version-history":[{"count":0,"href":"https:\/\/www.facturee.de\/fr\/wp-json\/wp\/v2\/posts\/29517\/revisions"}],"wp:featuredmedia":[{"embeddable":true,"href":"https:\/\/www.facturee.de\/fr\/wp-json\/wp\/v2\/media\/29518"}],"wp:attachment":[{"href":"https:\/\/www.facturee.de\/fr\/wp-json\/wp\/v2\/media?parent=29517"}],"wp:term":[{"taxonomy":"category","embeddable":true,"href":"https:\/\/www.facturee.de\/fr\/wp-json\/wp\/v2\/categories?post=29517"},{"taxonomy":"post_tag","embeddable":true,"href":"https:\/\/www.facturee.de\/fr\/wp-json\/wp\/v2\/tags?post=29517"}],"curies":[{"name":"wp","href":"https:\/\/api.w.org\/{rel}","templated":true}]}}