{"id":25036,"date":"2022-11-21T11:26:00","date_gmt":"2022-11-21T10:26:00","guid":{"rendered":"https:\/\/factureestage.wpengine.com\/?p=25036"},"modified":"2025-11-14T11:03:14","modified_gmt":"2025-11-14T10:03:14","slug":"un-esempio-emblematico-per-la-reintegrazione-dei-disoccupati-a-lungo-termine-il-ministro-federale-del-lavoro-ha-fatto-visita-al-produttore-online-facturee","status":"publish","type":"post","link":"https:\/\/www.facturee.de\/it\/paradebeispiel-fuer-reintegration-von-langzeitarbeitslosen-bundesarbeitsminister-besuchte-online-fertiger-facturee\/","title":{"rendered":"Un esempio emblematico per la reintegrazione dei disoccupati a lungo termine: il ministro federale del lavoro ha fatto visita al Produttore Online FACTUREE"},"content":{"rendered":"<div data-elementor-type=\"wp-post\" data-elementor-id=\"25036\" class=\"elementor elementor-25036\" data-elementor-post-type=\"post\">\n\t\t\t\t\t\t<section class=\"elementor-section elementor-top-section elementor-element elementor-element-d222d61 elementor-section-boxed elementor-section-height-default elementor-section-height-default\" data-id=\"d222d61\" data-element_type=\"section\" data-e-type=\"section\">\n\t\t\t\t\t\t<div class=\"elementor-container elementor-column-gap-default\">\n\t\t\t\t\t<div class=\"elementor-column elementor-col-100 elementor-top-column elementor-element elementor-element-ac3df53\" data-id=\"ac3df53\" data-element_type=\"column\" data-e-type=\"column\">\n\t\t\t<div class=\"elementor-widget-wrap elementor-element-populated\">\n\t\t\t\t\t\t<div class=\"elementor-element elementor-element-15fac12 elementor-widget elementor-widget-text-editor\" data-id=\"15fac12\" data-element_type=\"widget\" data-e-type=\"widget\" data-widget_type=\"text-editor.default\">\n\t\t\t\t<div class=\"elementor-widget-container\">\n\t\t\t\t\t\t\t\t\t<p><b><u>Il Produttore Online ricorre agli incentivi statali e permette a chi \u00e8 disoccupato da molto tempo di tornare sul mercato del lavoro primario<\/u><\/b><\/p><p><span style=\"font-size: 18.6667px;\"><b>Un esempio emblematico per la reintegrazione dei disoccupati a lungo termine: il ministro federale del lavoro ha fatto visita al Produttore Online FACTUREE<\/b><\/span><\/p><p><b><u>Berlino, 21 novembre 2022<\/u>\u00a0\u2013 Chi \u00e8 privo di retribuzione da almeno cinque anni in genere \u00e8 considerato difficilmente collocabile. La \u201cTeilhabechancengesetz\u201d (legge tedesca sulle opportunit\u00e0 di partecipazione) si propone di cambiare questa situazione. Il ministro federale del lavoro Hubertus Heil ha fatto visita al Produttore Online FACTUREE (<\/b><a style=\"font-weight: bold;\" href=\"\/it\/\">www.facturee.de<\/a><b>) e ha potuto constatare direttamente sul posto come si possa riuscire a tornare a lavorare dopo un lungo periodo di disoccupazione. L\u2019azienda berlinese ha sfruttato gli incentivi statali per ricollocare con ottimi risultati cinque ex disoccupati a lungo termine, che hanno potuto tornare sul mercato del lavoro primario e che sono gi\u00e0 diventati colonne portanti in vari reparti aziendali. Trascorso il periodo coperto dall\u2019incentivo, saranno assunti definitivamente. Hubertus Heil ha citato questo esempio nel suo discorso al Parlamento tedesco del 10 novembre 2022: <a href=\"https:\/\/bit.ly\/3O59hoe\">https:\/\/bit.ly\/3O59hoe<\/a><\/b><\/p><p>Per molti anni, la collocazione dei disoccupati a lungo termine si \u00e8 rivelata una grande sfida. Il 1\u00b0 gennaio 2019 \u00e8 entrata in vigore in Germania la legge sulle opportunit\u00e0 di partecipazione Teilhabechancengesetz BMAS (\u00a7 16i SGB II). Si propone di migliorare le opportunit\u00e0 di occupazione di chi \u00e8 stato lontano dal mercato del lavoro, consentendone cos\u00ec la partecipazione sociale. Il modello ha l\u2019obiettivo di motivare i datori di lavoro ad affidare le posizioni aperte a disoccupati a lungo termine. Per capire come funziona tutto questo nella pratica, il ministro federale Hubertus Heil ha parlato direttamente con i dipendenti nella sede di FACTUREE. Queste persone sono tornate al lavoro in virt\u00f9 della suddetta legge.<\/p><p>Benjamin Schwab, cofondatore e amministratore delegato di FACTUREE, spiega: \u201cSiamo molto soddisfatti di aver intrapreso questo percorso. Lo strumento offre a chi ha vissuto inciampi professionali una vera opportunit\u00e0 di rimettersi a disposizione a lungo termine sul mercato del lavoro. Integrando efficacemente persone che sono rimaste a lungo senza lavoro, vorremmo incoraggiare altre aziende a seguire questo esempio.\u201d<\/p><p><b>Il mercato sociale del lavoro offre una prospettiva. Si dilegua lo scetticismo.<\/b><\/p><p>La legge sulle opportunit\u00e0 di partecipazione prevede incentivi per tutte le parti interessate. Quando viene assunto un disoccupato a lungo termine, nei primi due anni lo Stato copre l\u2019intera retribuzione. Il terzo anno, lo Stato continua a pagare il 90% della retribuzione, il quarto anno l\u201980% e il quinto anno il 70%.\u00a0<\/p><p>Anche in FACTUREE c\u2019era inizialmente chi nutriva un certo scetticismo. Moritz K\u00f6nig ad esempio, Direttore generale di FACTUREE, racconta: \u201cAll\u2019inizio avevo molti dubbi, quando mi \u00e8 stato proposto il tema. Pensavo che se una persona resta tanto tempo senza lavorare, deve esserci un motivo. Ho acconsentito per il fatto che non c\u2019erano praticamente rischi per il datore di lavoro. A posteriori posso dire di essermi davvero sbagliato al riguardo... e ne sono molto felice.\u201d<\/p><p>Benjamin Schwab sottolinea: \u201cIl modello non funziona in modo automatico. Il successo del programma statale deve essere \u2018voluto\u2019 da entrambe le parti. Dai lavoratori, che devono essere disposti a prestare il loro servizio, e dai datori di lavoro, che devono portare pazienza e mostrare comprensione per le storie molto diverse che queste persone hanno alle spalle.\u201d<\/p><p>I cinque disoccupati a lungo termine, donne e uomini, che lavorano da FACTUREE provengono da storie diverse. Andreas, che lavora nella logistica di magazzino di FACTUREE, \u00e8 stato a lungo disoccupato e non credeva ormai pi\u00f9 di poter tornare a esercitare una professione. Dice: \u201cGrazie alla legge sulle opportunit\u00e0 di partecipazione sono di nuovo sul mercato del lavoro primario e regolare, non presso una cooperativa o un\u2019altra organizzazione che serve il mercato secondario. Per me \u00e8 stato molto importante. Ora ho la mia struttura fissa e mi sento ottimamente integrato.\u201d\u00a0<\/p><p>Christian, che \u00e8 stato disoccupato per 15 anni, spiega: \u201cA me la legge sulle opportunit\u00e0 di partecipazione e il coraggio del mio datore di lavoro hanno restituito la qualit\u00e0 di vita che volevo.\u201d<\/p><p style=\"font-size: medium;\"><span style=\"font-size: medium;\"><span style=\"font-weight: bold;\">Anche i datori di lavoro e i contribuenti fiscali hanno i loro vantaggi<\/span><\/span><\/p><p style=\"font-size: medium;\"><span style=\"font-size: medium;\">La legge sulle opportunit\u00e0 di partecipazione offre vantaggi a tutte le parti interessate: ai disoccupati a lungo termine, ai datori di lavoro e anche ai contribuenti. I disoccupati a lungo termine hanno un\u2019opportunit\u00e0 reale di tornare sul mercato del lavoro primario e le aziende ricevono generosi incentivi per coprire i costi delle retribuzioni. Questi incentivi consentono di creare nuovi posti di lavoro pressoch\u00e9 senza correre rischi. Ma tutto questo \u00e8 vantaggioso anche per chi paga tasse e contributi, poich\u00e9 a lunga scadenza ci saranno meno persone costrette a richiedere prestazioni sociali statali.<\/span><\/p><p style=\"font-size: medium;\"><span style=\"font-size: medium;\"><span style=\"font-weight: bold;\">La crescita rapida indotta dai programmi di incentivi pubblici anzich\u00e9 dal venture capital<\/span><\/span><\/p><p style=\"font-size: medium;\"><span style=\"font-size: medium;\">FACTUREE si contraddistingue per il fatto di aver finanziato interamente in proprio l\u2019azienda fin dalla sua fondazione e di lavorare quindi, a differenza delle pratiche comuni del settore, senza fondi di investitori. A cinque anni dalla sua fondazione, l\u2019azienda registra un fatturato a 8 cifre e tassi di crescita annua che sfiorano il 100%. A questo andamento cos\u00ec positivo contribuisce anche il fatto che FACTUREE ha sfruttato fin dall\u2019inizio programmi di incentivi statali, come la legge sulle opportunit\u00e0 di partecipazione che permette di prefinanziare con successo posti di lavoro.<\/span><\/p><p><span style=\"font-size: medium;\"><b>FACTUREE assume i dipendenti che hanno beneficiato di questa legge<\/b><\/span><\/p><p><span style=\"font-size: medium;\">Benjamin Schwab dichiara: \u201cIl modello da noi funziona cos\u00ec bene che intendiamo assumere i dipendenti beneficiari di questa legge anche una volta scaduto il periodo coperto dall\u2019incentivo; cio\u00e8 anche al momento in cui non riceveremo pi\u00f9 contributi statali alle retribuzioni. Vorremmo inoltre incoraggiare altre aziende a ricorrere agli strumenti del mercato del lavoro sociale, per aumentare il numero di persone che possano rientrare in un rapporto di lavoro fisso. Ringraziamo il Ministero federale del lavoro e Hubertus Heil per averci offerto la piattaforma su cui raccontare all\u2019opinione pubblica la nostra storia di successo.\u201d<\/span><\/p><p><i style=\"font-size: 1rem;\">Numero di caratteri: 4.392<\/i><\/p>\t\t\t\t\t\t\t\t<\/div>\n\t\t\t\t<\/div>\n\t\t\t\t\t<\/div>\n\t\t<\/div>\n\t\t\t\t\t<\/div>\n\t\t<\/section>\n\t\t\t\t<section class=\"elementor-section elementor-top-section elementor-element elementor-element-ef9be1a elementor-section-boxed elementor-section-height-default elementor-section-height-default\" data-id=\"ef9be1a\" data-element_type=\"section\" data-e-type=\"section\">\n\t\t\t\t\t\t<div class=\"elementor-container elementor-column-gap-default\">\n\t\t\t\t\t<div class=\"elementor-column elementor-col-100 elementor-top-column elementor-element elementor-element-9908cac\" data-id=\"9908cac\" data-element_type=\"column\" data-e-type=\"column\">\n\t\t\t<div class=\"elementor-widget-wrap elementor-element-populated\">\n\t\t\t\t\t\t<div class=\"elementor-element elementor-element-23c5f42 elementor-widget elementor-widget-text-editor\" data-id=\"23c5f42\" data-element_type=\"widget\" data-e-type=\"widget\" data-widget_type=\"text-editor.default\">\n\t\t\t\t<div class=\"elementor-widget-container\">\n\t\t\t\t\t\t\t\t\t<p><strong><u>Breve ritratto di FACTUREE \u2013 Il Produttore Online:<\/u><\/strong><\/p><p>La cmwk GmbH con sede a Berlino opera sotto il marchio registrato FACTUREE come primo Produttore Online. L'azienda persegue l'obiettivo di fornire ai suoi clienti componenti progettati a disegno con un approccio all'avanguardia, puntando sulla digitalizzazione, automatizzazione e sull'ampia rete di partner produttivi. FACTUREE ha infatti una rete produttiva di oltre 2.000 fornitori per quasi ogni tipo di lavorazione, come le lavorazioni a CNC, la lavorazione della lamiera, la stampa 3D, i processi di colata e fusione  e i trattamenti di superficie. Questo garantisce capacit\u00e0 produttive costanti. Tutti i partner sono sottoposti a un continuo sistema di quality management certificato ISO 9001. Con FACTUREE \u00e8 possibile realizzare sia prototipi che piccole e grandi serie. I clienti provengono da tanti settori diversi, ad esempio: industria meccanica, settore biomedico, modellismo, robotica, automotive e aerospace. Aziende leader come Siemens, Parker Hannifin, KMU sono clienti FACTUREE, cos\u00ec come alcuni istituti di ricerca e universit\u00e0. FACTUREE lavora in tutta Europa ed \u00e8 in costante crescita sul mercato europeo.<\/p><p>Ulteriori informazioni:\u00a0<a href=\"https:\/\/www.facturee.de\/it\/\">www.facturee.de<\/a><\/p>\t\t\t\t\t\t\t\t<\/div>\n\t\t\t\t<\/div>\n\t\t\t\t\t<\/div>\n\t\t<\/div>\n\t\t\t\t\t<\/div>\n\t\t<\/section>\n\t\t\t\t<\/div>","protected":false},"excerpt":{"rendered":"<p>Il Produttore Online ricorre agli incentivi statali e permette a chi \u00e8 disoccupato da molto tempo di tornare sul mercato del lavoro primario<\/p>","protected":false},"author":3,"featured_media":25037,"comment_status":"closed","ping_status":"closed","sticky":false,"template":"","format":"standard","meta":{"footnotes":""},"categories":[18],"tags":[],"class_list":["post-25036","post","type-post","status-publish","format-standard","has-post-thumbnail","hentry","category-csr"],"yoast_head":"<!-- This site is optimized with the Yoast SEO Premium plugin v26.1 (Yoast SEO v27.3) - https:\/\/yoast.com\/product\/yoast-seo-premium-wordpress\/ -->\n<title>Minister-Besuch bei FACTUREE: Engagement &amp; Reintegration<\/title>\n<meta name=\"description\" content=\"Bundesarbeitsminister Heil besuchte FACTUREE als Paradebeispiel f\u00fcr die Reintegration von Langzeitsarbeitslosen. Mehr zu unserem Engagement.\" \/>\n<meta name=\"robots\" content=\"index, follow, max-snippet:-1, max-image-preview:large, max-video-preview:-1\" \/>\n<link rel=\"canonical\" href=\"https:\/\/www.facturee.de\/it\/un-esempio-emblematico-per-la-reintegrazione-dei-disoccupati-a-lungo-termine-il-ministro-federale-del-lavoro-ha-fatto-visita-al-produttore-online-facturee\/\" \/>\n<meta property=\"og:locale\" content=\"it_IT\" \/>\n<meta property=\"og:type\" content=\"article\" \/>\n<meta property=\"og:title\" content=\"Paradebeispiel f\u00fcr Reintegration von Langzeitarbeitslosen: Bundesarbeitsminister besuchte Online-Fertiger FACTUREE\" \/>\n<meta property=\"og:description\" content=\"Bundesarbeitsminister Heil besuchte FACTUREE als Paradebeispiel f\u00fcr die Reintegration von Langzeitsarbeitslosen. Mehr zu unserem Engagement.\" \/>\n<meta property=\"og:url\" content=\"https:\/\/www.facturee.de\/it\/un-esempio-emblematico-per-la-reintegrazione-dei-disoccupati-a-lungo-termine-il-ministro-federale-del-lavoro-ha-fatto-visita-al-produttore-online-facturee\/\" \/>\n<meta property=\"og:site_name\" content=\"FACTUREE\" \/>\n<meta property=\"article:publisher\" content=\"https:\/\/www.facebook.com\/FACTUREE\/\" \/>\n<meta property=\"article:published_time\" content=\"2022-11-21T10:26:00+00:00\" \/>\n<meta property=\"article:modified_time\" content=\"2025-11-14T10:03:14+00:00\" \/>\n<meta property=\"og:image\" content=\"https:\/\/www.facturee.de\/wp-content\/uploads\/044_Ministerbesuch-Hubertus-Heil_FACTUREE_web.webp\" \/>\n\t<meta property=\"og:image:width\" content=\"1200\" \/>\n\t<meta property=\"og:image:height\" content=\"1200\" \/>\n\t<meta property=\"og:image:type\" content=\"image\/jpeg\" \/>\n<meta name=\"author\" content=\"Benjamin Schwab\" \/>\n<meta name=\"twitter:card\" content=\"summary_large_image\" \/>\n<meta name=\"twitter:creator\" content=\"@FACTUREE_de\" \/>\n<meta name=\"twitter:site\" content=\"@FACTUREE_de\" \/>\n<script type=\"application\/ld+json\" class=\"yoast-schema-graph\">{\"@context\":\"https:\\\/\\\/schema.org\",\"@graph\":[{\"@type\":\"Article\",\"@id\":\"https:\\\/\\\/www.facturee.de\\\/paradebeispiel-fuer-reintegration-von-langzeitarbeitslosen-bundesarbeitsminister-besuchte-online-fertiger-facturee\\\/#article\",\"isPartOf\":{\"@id\":\"https:\\\/\\\/www.facturee.de\\\/paradebeispiel-fuer-reintegration-von-langzeitarbeitslosen-bundesarbeitsminister-besuchte-online-fertiger-facturee\\\/\"},\"author\":{\"name\":\"Benjamin Schwab\",\"@id\":\"https:\\\/\\\/www.facturee.de\\\/#\\\/schema\\\/person\\\/0bbb3d9ad0b5f2f81199c7c636b85a80\"},\"headline\":\"Paradebeispiel f\u00fcr Reintegration von Langzeitarbeitslosen: Bundesarbeitsminister besuchte Online-Fertiger FACTUREE\",\"datePublished\":\"2022-11-21T10:26:00+00:00\",\"dateModified\":\"2025-11-14T10:03:14+00:00\",\"mainEntityOfPage\":{\"@id\":\"https:\\\/\\\/www.facturee.de\\\/paradebeispiel-fuer-reintegration-von-langzeitarbeitslosen-bundesarbeitsminister-besuchte-online-fertiger-facturee\\\/\"},\"wordCount\":991,\"publisher\":{\"@id\":\"https:\\\/\\\/www.facturee.de\\\/#organization\"},\"image\":{\"@id\":\"https:\\\/\\\/www.facturee.de\\\/paradebeispiel-fuer-reintegration-von-langzeitarbeitslosen-bundesarbeitsminister-besuchte-online-fertiger-facturee\\\/#primaryimage\"},\"thumbnailUrl\":\"https:\\\/\\\/www.facturee.de\\\/wp-content\\\/uploads\\\/044_Ministerbesuch-Hubertus-Heil_FACTUREE_web.webp\",\"articleSection\":[\"Engagement\"],\"inLanguage\":\"it-IT\"},{\"@type\":\"WebPage\",\"@id\":\"https:\\\/\\\/www.facturee.de\\\/paradebeispiel-fuer-reintegration-von-langzeitarbeitslosen-bundesarbeitsminister-besuchte-online-fertiger-facturee\\\/\",\"url\":\"https:\\\/\\\/www.facturee.de\\\/paradebeispiel-fuer-reintegration-von-langzeitarbeitslosen-bundesarbeitsminister-besuchte-online-fertiger-facturee\\\/\",\"name\":\"Minister-Besuch bei FACTUREE: Engagement & Reintegration\",\"isPartOf\":{\"@id\":\"https:\\\/\\\/www.facturee.de\\\/#website\"},\"primaryImageOfPage\":{\"@id\":\"https:\\\/\\\/www.facturee.de\\\/paradebeispiel-fuer-reintegration-von-langzeitarbeitslosen-bundesarbeitsminister-besuchte-online-fertiger-facturee\\\/#primaryimage\"},\"image\":{\"@id\":\"https:\\\/\\\/www.facturee.de\\\/paradebeispiel-fuer-reintegration-von-langzeitarbeitslosen-bundesarbeitsminister-besuchte-online-fertiger-facturee\\\/#primaryimage\"},\"thumbnailUrl\":\"https:\\\/\\\/www.facturee.de\\\/wp-content\\\/uploads\\\/044_Ministerbesuch-Hubertus-Heil_FACTUREE_web.webp\",\"datePublished\":\"2022-11-21T10:26:00+00:00\",\"dateModified\":\"2025-11-14T10:03:14+00:00\",\"description\":\"Bundesarbeitsminister Heil besuchte FACTUREE als Paradebeispiel f\u00fcr die Reintegration von Langzeitsarbeitslosen. Mehr zu unserem Engagement.\",\"breadcrumb\":{\"@id\":\"https:\\\/\\\/www.facturee.de\\\/paradebeispiel-fuer-reintegration-von-langzeitarbeitslosen-bundesarbeitsminister-besuchte-online-fertiger-facturee\\\/#breadcrumb\"},\"inLanguage\":\"it-IT\",\"potentialAction\":[{\"@type\":\"ReadAction\",\"target\":[\"https:\\\/\\\/www.facturee.de\\\/paradebeispiel-fuer-reintegration-von-langzeitarbeitslosen-bundesarbeitsminister-besuchte-online-fertiger-facturee\\\/\"]}]},{\"@type\":\"ImageObject\",\"inLanguage\":\"it-IT\",\"@id\":\"https:\\\/\\\/www.facturee.de\\\/paradebeispiel-fuer-reintegration-von-langzeitarbeitslosen-bundesarbeitsminister-besuchte-online-fertiger-facturee\\\/#primaryimage\",\"url\":\"https:\\\/\\\/www.facturee.de\\\/wp-content\\\/uploads\\\/044_Ministerbesuch-Hubertus-Heil_FACTUREE_web.webp\",\"contentUrl\":\"https:\\\/\\\/www.facturee.de\\\/wp-content\\\/uploads\\\/044_Ministerbesuch-Hubertus-Heil_FACTUREE_web.webp\",\"width\":1200,\"height\":1200,\"caption\":\"\u00a9 FACTUREE | Hannes Wiedemann\"},{\"@type\":\"BreadcrumbList\",\"@id\":\"https:\\\/\\\/www.facturee.de\\\/paradebeispiel-fuer-reintegration-von-langzeitarbeitslosen-bundesarbeitsminister-besuchte-online-fertiger-facturee\\\/#breadcrumb\",\"itemListElement\":[{\"@type\":\"ListItem\",\"position\":1,\"name\":\"Startseite\",\"item\":\"https:\\\/\\\/www.facturee.de\\\/\"},{\"@type\":\"ListItem\",\"position\":2,\"name\":\"Paradebeispiel f\u00fcr Reintegration von Langzeitarbeitslosen: Bundesarbeitsminister besuchte Online-Fertiger FACTUREE\"}]},{\"@type\":\"WebSite\",\"@id\":\"https:\\\/\\\/www.facturee.de\\\/#website\",\"url\":\"https:\\\/\\\/www.facturee.de\\\/\",\"name\":\"FACTUREE\",\"description\":\"Der Online-Fertiger\",\"publisher\":{\"@id\":\"https:\\\/\\\/www.facturee.de\\\/#organization\"},\"potentialAction\":[{\"@type\":\"SearchAction\",\"target\":{\"@type\":\"EntryPoint\",\"urlTemplate\":\"https:\\\/\\\/www.facturee.de\\\/?s={search_term_string}\"},\"query-input\":{\"@type\":\"PropertyValueSpecification\",\"valueRequired\":true,\"valueName\":\"search_term_string\"}}],\"inLanguage\":\"it-IT\"},{\"@type\":\"Organization\",\"@id\":\"https:\\\/\\\/www.facturee.de\\\/#organization\",\"name\":\"FACTUREE - Der Online Fertiger\",\"alternateName\":\"FACTUREE - der Online-Fertiger\",\"url\":\"https:\\\/\\\/www.facturee.de\\\/\",\"logo\":{\"@type\":\"ImageObject\",\"inLanguage\":\"it-IT\",\"@id\":\"https:\\\/\\\/www.facturee.de\\\/#\\\/schema\\\/logo\\\/image\\\/\",\"url\":\"https:\\\/\\\/www.facturee.de\\\/wp-content\\\/uploads\\\/facturee-2000px.webp\",\"contentUrl\":\"https:\\\/\\\/www.facturee.de\\\/wp-content\\\/uploads\\\/facturee-2000px.webp\",\"width\":2000,\"height\":470,\"caption\":\"FACTUREE - Der Online Fertiger\"},\"image\":{\"@id\":\"https:\\\/\\\/www.facturee.de\\\/#\\\/schema\\\/logo\\\/image\\\/\"},\"sameAs\":[\"https:\\\/\\\/www.facebook.com\\\/FACTUREE\\\/\",\"https:\\\/\\\/x.com\\\/FACTUREE_de\",\"https:\\\/\\\/www.linkedin.com\\\/company\\\/12655397\\\/admin\\\/feed\\\/posts\\\/\",\"https:\\\/\\\/www.xing.com\\\/pages\\\/facturee-deronline-fertiger\"],\"email\":\"info@facturee.de\",\"telephone\":\"03062939390\",\"numberOfEmployees\":{\"@type\":\"QuantitativeValue\",\"minValue\":\"51\",\"maxValue\":\"200\"}},{\"@type\":\"Person\",\"@id\":\"https:\\\/\\\/www.facturee.de\\\/#\\\/schema\\\/person\\\/0bbb3d9ad0b5f2f81199c7c636b85a80\",\"name\":\"Benjamin Schwab\",\"image\":{\"@type\":\"ImageObject\",\"inLanguage\":\"it-IT\",\"@id\":\"https:\\\/\\\/secure.gravatar.com\\\/avatar\\\/a7b423e9625fc02bd0ed9cc8d15896c6856aec670a97914e85289177328cd384?s=96&d=mm&r=g\",\"url\":\"https:\\\/\\\/secure.gravatar.com\\\/avatar\\\/a7b423e9625fc02bd0ed9cc8d15896c6856aec670a97914e85289177328cd384?s=96&d=mm&r=g\",\"contentUrl\":\"https:\\\/\\\/secure.gravatar.com\\\/avatar\\\/a7b423e9625fc02bd0ed9cc8d15896c6856aec670a97914e85289177328cd384?s=96&d=mm&r=g\",\"caption\":\"Benjamin Schwab\"}}]}<\/script>\n<!-- \/ Yoast SEO Premium plugin. -->","yoast_head_json":{"title":"Visita ministeriale a FACTUREE: impegno e reintegrazione","description":"Il Ministro federale del Lavoro Heil ha visitato FACTUREE come esempio di reinserimento dei disoccupati di lunga durata. Per saperne di pi\u00f9 sul nostro impegno.","robots":{"index":"index","follow":"follow","max-snippet":"max-snippet:-1","max-image-preview":"max-image-preview:large","max-video-preview":"max-video-preview:-1"},"canonical":"https:\/\/www.facturee.de\/it\/un-esempio-emblematico-per-la-reintegrazione-dei-disoccupati-a-lungo-termine-il-ministro-federale-del-lavoro-ha-fatto-visita-al-produttore-online-facturee\/","og_locale":"it_IT","og_type":"article","og_title":"Paradebeispiel f\u00fcr Reintegration von Langzeitarbeitslosen: Bundesarbeitsminister besuchte Online-Fertiger FACTUREE","og_description":"Bundesarbeitsminister Heil besuchte FACTUREE als Paradebeispiel f\u00fcr die Reintegration von Langzeitsarbeitslosen. Mehr zu unserem Engagement.","og_url":"https:\/\/www.facturee.de\/it\/un-esempio-emblematico-per-la-reintegrazione-dei-disoccupati-a-lungo-termine-il-ministro-federale-del-lavoro-ha-fatto-visita-al-produttore-online-facturee\/","og_site_name":"FACTUREE","article_publisher":"https:\/\/www.facebook.com\/FACTUREE\/","article_published_time":"2022-11-21T10:26:00+00:00","article_modified_time":"2025-11-14T10:03:14+00:00","og_image":[{"width":1200,"height":1200,"url":"https:\/\/www.facturee.de\/wp-content\/uploads\/044_Ministerbesuch-Hubertus-Heil_FACTUREE_web.webp","type":"image\/jpeg"}],"author":"Benjamin Schwab","twitter_card":"summary_large_image","twitter_creator":"@FACTUREE_de","twitter_site":"@FACTUREE_de","schema":{"@context":"https:\/\/schema.org","@graph":[{"@type":"Article","@id":"https:\/\/www.facturee.de\/paradebeispiel-fuer-reintegration-von-langzeitarbeitslosen-bundesarbeitsminister-besuchte-online-fertiger-facturee\/#article","isPartOf":{"@id":"https:\/\/www.facturee.de\/paradebeispiel-fuer-reintegration-von-langzeitarbeitslosen-bundesarbeitsminister-besuchte-online-fertiger-facturee\/"},"author":{"name":"Benjamin Schwab","@id":"https:\/\/www.facturee.de\/#\/schema\/person\/0bbb3d9ad0b5f2f81199c7c636b85a80"},"headline":"Paradebeispiel f\u00fcr Reintegration von Langzeitarbeitslosen: Bundesarbeitsminister besuchte Online-Fertiger FACTUREE","datePublished":"2022-11-21T10:26:00+00:00","dateModified":"2025-11-14T10:03:14+00:00","mainEntityOfPage":{"@id":"https:\/\/www.facturee.de\/paradebeispiel-fuer-reintegration-von-langzeitarbeitslosen-bundesarbeitsminister-besuchte-online-fertiger-facturee\/"},"wordCount":991,"publisher":{"@id":"https:\/\/www.facturee.de\/#organization"},"image":{"@id":"https:\/\/www.facturee.de\/paradebeispiel-fuer-reintegration-von-langzeitarbeitslosen-bundesarbeitsminister-besuchte-online-fertiger-facturee\/#primaryimage"},"thumbnailUrl":"https:\/\/www.facturee.de\/wp-content\/uploads\/044_Ministerbesuch-Hubertus-Heil_FACTUREE_web.webp","articleSection":["Engagement"],"inLanguage":"it-IT"},{"@type":"WebPage","@id":"https:\/\/www.facturee.de\/paradebeispiel-fuer-reintegration-von-langzeitarbeitslosen-bundesarbeitsminister-besuchte-online-fertiger-facturee\/","url":"https:\/\/www.facturee.de\/paradebeispiel-fuer-reintegration-von-langzeitarbeitslosen-bundesarbeitsminister-besuchte-online-fertiger-facturee\/","name":"Visita ministeriale a FACTUREE: impegno e reintegrazione","isPartOf":{"@id":"https:\/\/www.facturee.de\/#website"},"primaryImageOfPage":{"@id":"https:\/\/www.facturee.de\/paradebeispiel-fuer-reintegration-von-langzeitarbeitslosen-bundesarbeitsminister-besuchte-online-fertiger-facturee\/#primaryimage"},"image":{"@id":"https:\/\/www.facturee.de\/paradebeispiel-fuer-reintegration-von-langzeitarbeitslosen-bundesarbeitsminister-besuchte-online-fertiger-facturee\/#primaryimage"},"thumbnailUrl":"https:\/\/www.facturee.de\/wp-content\/uploads\/044_Ministerbesuch-Hubertus-Heil_FACTUREE_web.webp","datePublished":"2022-11-21T10:26:00+00:00","dateModified":"2025-11-14T10:03:14+00:00","description":"Il Ministro federale del Lavoro Heil ha visitato FACTUREE come esempio di reinserimento dei disoccupati di lunga durata. Per saperne di pi\u00f9 sul nostro impegno.","breadcrumb":{"@id":"https:\/\/www.facturee.de\/paradebeispiel-fuer-reintegration-von-langzeitarbeitslosen-bundesarbeitsminister-besuchte-online-fertiger-facturee\/#breadcrumb"},"inLanguage":"it-IT","potentialAction":[{"@type":"ReadAction","target":["https:\/\/www.facturee.de\/paradebeispiel-fuer-reintegration-von-langzeitarbeitslosen-bundesarbeitsminister-besuchte-online-fertiger-facturee\/"]}]},{"@type":"ImageObject","inLanguage":"it-IT","@id":"https:\/\/www.facturee.de\/paradebeispiel-fuer-reintegration-von-langzeitarbeitslosen-bundesarbeitsminister-besuchte-online-fertiger-facturee\/#primaryimage","url":"https:\/\/www.facturee.de\/wp-content\/uploads\/044_Ministerbesuch-Hubertus-Heil_FACTUREE_web.webp","contentUrl":"https:\/\/www.facturee.de\/wp-content\/uploads\/044_Ministerbesuch-Hubertus-Heil_FACTUREE_web.webp","width":1200,"height":1200,"caption":"\u00a9 FACTUREE | Hannes Wiedemann"},{"@type":"BreadcrumbList","@id":"https:\/\/www.facturee.de\/paradebeispiel-fuer-reintegration-von-langzeitarbeitslosen-bundesarbeitsminister-besuchte-online-fertiger-facturee\/#breadcrumb","itemListElement":[{"@type":"ListItem","position":1,"name":"Startseite","item":"https:\/\/www.facturee.de\/"},{"@type":"ListItem","position":2,"name":"Paradebeispiel f\u00fcr Reintegration von Langzeitarbeitslosen: Bundesarbeitsminister besuchte Online-Fertiger FACTUREE"}]},{"@type":"WebSite","@id":"https:\/\/www.facturee.de\/#website","url":"https:\/\/www.facturee.de\/","name":"FACTUREE","description":"Il Produttore Online","publisher":{"@id":"https:\/\/www.facturee.de\/#organization"},"potentialAction":[{"@type":"SearchAction","target":{"@type":"EntryPoint","urlTemplate":"https:\/\/www.facturee.de\/?s={search_term_string}"},"query-input":{"@type":"PropertyValueSpecification","valueRequired":true,"valueName":"search_term_string"}}],"inLanguage":"it-IT"},{"@type":"Organization","@id":"https:\/\/www.facturee.de\/#organization","name":"FACTUREE - La finitrice online","alternateName":"FACTUREE - der Online-Fertiger","url":"https:\/\/www.facturee.de\/","logo":{"@type":"ImageObject","inLanguage":"it-IT","@id":"https:\/\/www.facturee.de\/#\/schema\/logo\/image\/","url":"https:\/\/www.facturee.de\/wp-content\/uploads\/facturee-2000px.webp","contentUrl":"https:\/\/www.facturee.de\/wp-content\/uploads\/facturee-2000px.webp","width":2000,"height":470,"caption":"FACTUREE - Der Online Fertiger"},"image":{"@id":"https:\/\/www.facturee.de\/#\/schema\/logo\/image\/"},"sameAs":["https:\/\/www.facebook.com\/FACTUREE\/","https:\/\/x.com\/FACTUREE_de","https:\/\/www.linkedin.com\/company\/12655397\/admin\/feed\/posts\/","https:\/\/www.xing.com\/pages\/facturee-deronline-fertiger"],"email":"info@facturee.de","telephone":"03062939390","numberOfEmployees":{"@type":"QuantitativeValue","minValue":"51","maxValue":"200"}},{"@type":"Person","@id":"https:\/\/www.facturee.de\/#\/schema\/person\/0bbb3d9ad0b5f2f81199c7c636b85a80","name":"Benjamin Schwab","image":{"@type":"ImageObject","inLanguage":"it-IT","@id":"https:\/\/secure.gravatar.com\/avatar\/a7b423e9625fc02bd0ed9cc8d15896c6856aec670a97914e85289177328cd384?s=96&d=mm&r=g","url":"https:\/\/secure.gravatar.com\/avatar\/a7b423e9625fc02bd0ed9cc8d15896c6856aec670a97914e85289177328cd384?s=96&d=mm&r=g","contentUrl":"https:\/\/secure.gravatar.com\/avatar\/a7b423e9625fc02bd0ed9cc8d15896c6856aec670a97914e85289177328cd384?s=96&d=mm&r=g","caption":"Benjamin Schwab"}}]}},"_links":{"self":[{"href":"https:\/\/www.facturee.de\/it\/wp-json\/wp\/v2\/posts\/25036","targetHints":{"allow":["GET"]}}],"collection":[{"href":"https:\/\/www.facturee.de\/it\/wp-json\/wp\/v2\/posts"}],"about":[{"href":"https:\/\/www.facturee.de\/it\/wp-json\/wp\/v2\/types\/post"}],"author":[{"embeddable":true,"href":"https:\/\/www.facturee.de\/it\/wp-json\/wp\/v2\/users\/3"}],"replies":[{"embeddable":true,"href":"https:\/\/www.facturee.de\/it\/wp-json\/wp\/v2\/comments?post=25036"}],"version-history":[{"count":0,"href":"https:\/\/www.facturee.de\/it\/wp-json\/wp\/v2\/posts\/25036\/revisions"}],"wp:featuredmedia":[{"embeddable":true,"href":"https:\/\/www.facturee.de\/it\/wp-json\/wp\/v2\/media\/25037"}],"wp:attachment":[{"href":"https:\/\/www.facturee.de\/it\/wp-json\/wp\/v2\/media?parent=25036"}],"wp:term":[{"taxonomy":"category","embeddable":true,"href":"https:\/\/www.facturee.de\/it\/wp-json\/wp\/v2\/categories?post=25036"},{"taxonomy":"post_tag","embeddable":true,"href":"https:\/\/www.facturee.de\/it\/wp-json\/wp\/v2\/tags?post=25036"}],"curies":[{"name":"wp","href":"https:\/\/api.w.org\/{rel}","templated":true}]}}