{"id":25576,"date":"2024-01-25T00:01:00","date_gmt":"2024-01-24T23:01:00","guid":{"rendered":"https:\/\/factureestage.wpengine.com\/?p=25576"},"modified":"2025-05-15T17:52:25","modified_gmt":"2025-05-15T15:52:25","slug":"chantal-kasper-e-la-nuova-responsabile-del-marketing-di-facturee-il-produttore-online","status":"publish","type":"post","link":"https:\/\/www.facturee.de\/it\/chantal-kasper-ist-neue-head-of-marketing-bei-dem-online-fertiger-facturee\/","title":{"rendered":"Chantal Kasper \u00e8 la nuova responsabile del marketing di FACTUREE \u2013 Il Produttore Online"},"content":{"rendered":"<div data-elementor-type=\"wp-post\" data-elementor-id=\"25576\" class=\"elementor elementor-25576\" data-elementor-post-type=\"post\">\n\t\t\t\t\t\t<section class=\"elementor-section elementor-top-section elementor-element elementor-element-791480e elementor-section-boxed elementor-section-height-default elementor-section-height-default\" data-id=\"791480e\" data-element_type=\"section\" data-e-type=\"section\">\n\t\t\t\t\t\t<div class=\"elementor-container elementor-column-gap-default\">\n\t\t\t\t\t<div class=\"elementor-column elementor-col-100 elementor-top-column elementor-element elementor-element-51b2bc8\" data-id=\"51b2bc8\" data-element_type=\"column\" data-e-type=\"column\">\n\t\t\t<div class=\"elementor-widget-wrap elementor-element-populated\">\n\t\t\t\t\t\t<div class=\"elementor-element elementor-element-74ae8cb elementor-widget elementor-widget-text-editor\" data-id=\"74ae8cb\" data-element_type=\"widget\" data-e-type=\"widget\" data-widget_type=\"text-editor.default\">\n\t\t\t\t<div class=\"elementor-widget-container\">\n\t\t\t\t\t\t\t\t\t<p><b><u>Una professionista esperta di marketing subentra al posto di Benjamin Schwab<\/u><\/b><\/p><h3>Chantal Kasper \u00e8 la nuova responsabile del marketing di FACTUREE \u2013 Il Produttore Online<\/h3><h3><span style=\"font-size: 16px;\"><u>Berlino, 25. Gennaio 2024<\/u><\/span><span style=\"font-size: 1rem; font-weight: 400;\">\u00a0<\/span><span style=\"font-size: 16px;\">\u2013 Chantal Kasper svolge da ora in poi il ruolo di responsabile del marketing di FACTUREE \u2013 Il Produttore Online (<\/span><a style=\"background-color: #ffffff; font-size: 1rem;\" href=\"http:\/\/www.facturee.de\/it\/\">www.facturee.de<\/a><span style=\"font-size: 16px;\">). Vanta oltre 10 anni di esperienza nel settore del marketing e della strategia dei media e ha al suo attivo una vasta esperienza. Subentrer\u00e0 a Benjamin Schwab, che lascer\u00e0 l'azienda a fine febbraio in rapporti amichevoli. Nel nuovo ruolo che ricoprir\u00e0, Chantal Kasper si \u00e8 posta l'obiettivo di rafforzare ulteriormente il marchio FACTUREE e di sviluppare il profilo dell'azienda sul mercato internazionale.\u00a0<\/span><\/h3><p>Chantal Kasper \u00e8 stata recentemente responsabile Brand Marketing &amp; Communication presso la piattaforma online di vetture usate Heycar. In precedenza, ha maturato una valida esperienza nel settore del marketing presso l'azienda tessile Walbusch e in agenzie di comunicazione, dove ha collaborato con clienti quali Siemens AG. Nel suo nuovo ruolo di responsabile del marketing di FACTUREE, sta lavorando per posizionare la piattaforma cos\u00ec da renderla una soluzione completa e unica per quasi tutte le richieste di lavorazione dei gruppi target.<\/p><p>FACTUREE, un marchio di cwmk GmbH, dispone di una rete di produzione che comprende circa 2.000 partner nei settori della lavorazione CNC, della lavorazione della lamiera, della stampa 3D e die trattamenti di superficie. Di conseguenza, il Produttore Online dispone della pi\u00f9 ampia gamma di produzione sul mercato. Pi\u00f9 di 15.000 macchinari sono costantemente a disposizione per i progetti, garantendo consegne puntuali.\u00a0<\/p><p>Uno degli obiettivi dichiarati di Chantal Kasper per FACTUREE \u00e8 quello di accrescere ulteriormente la notoriet\u00e0 del marchio in un ambiente competitivo. Afferma: \"In questo modo mi concentrer\u00f2 su una maggiore visibilit\u00e0 della nostra offerta sia tra i clienti esistenti che tra i potenziali. Le mie competenze riguardano in particolare il branding, lo sviluppo e l'implementazione di strategie mediatiche e il rafforzamento della fedelizzazione dei clienti. Ci\u00f2 mi \u00e8 di aiuto per portare avanti con profitto le iniziative di marketing e a contribuire all'ulteriore crescita di FACTUREE\".<\/p><p><b>Il co-fondatore e CMO passer\u00e0 il testimone a fine febbraio<\/b><\/p><p>Chantal Kasper succede a Benjamin Schwab, che le passer\u00e0 il testimone alla fine di febbraio. Quest'ultimo \u00e8 co-fondatore di FACTUREE e ha contribuito a scrivere la storia di successo dell'azienda fino a oggi, ricoprendo il ruolo di CMO. Benjamin Schwab afferma: \"FACTUREE \u00e8 stata fondata nel 2017 dal salotto di casa, agendo come un vero e proprio pioniere nella regione DACH (ndr. acronimo che designa l\u2018area geografica che include Germania DE, Austria AT e Svizzera CH), inoltre abbiamo coniato il termine Produzione Online. Oggi FACTUREE conta un fatturato a otto cifre, senza investitori. Sono orgoglioso di aver contribuito a questa crescita esponenziale fin dall'inizio e continuer\u00f2 a seguirla con piacere: in Chantal ho trovato una degna sostituta. Rimarr\u00f2 in rapporti di amicizia con l'azienda, che mi rimarr\u00e0 sempre nel cuore, e sar\u00f2 a disposizione in seconda linea in qualit\u00e0 di consulente.\"<\/p><p>Moritz K\u00f6nig, cofondatore e CEO di FACTUREE, afferma: \"Abbiamo unito le forze sin dall\u2019inizio per lanciare e far crescere FACTUREE, affrontando insieme un significativo percorso di crescita e le difficolt\u00e0 annesse. Ci dispiace che Benjamin Schwab non sar\u00e0 pi\u00f9 parte attiva del team e vorremmo ringraziarlo per gli ottimi risultati che \u00e8 stato in grado di conseguire\".<span style=\"font-size: 1rem;\">\u00a0<\/span><\/p>\t\t\t\t\t\t\t\t<\/div>\n\t\t\t\t<\/div>\n\t\t\t\t\t<\/div>\n\t\t<\/div>\n\t\t\t\t\t<\/div>\n\t\t<\/section>\n\t\t\t\t<\/div>","protected":false},"excerpt":{"rendered":"<p>Una professionista esperta di marketing subentra al posto di Benjamin Schwab<\/p>","protected":false},"author":3,"featured_media":25580,"comment_status":"closed","ping_status":"closed","sticky":false,"template":"","format":"standard","meta":{"footnotes":""},"categories":[8],"tags":[],"class_list":["post-25576","post","type-post","status-publish","format-standard","has-post-thumbnail","hentry","category-press"],"yoast_head":"<!-- This site is optimized with the Yoast SEO Premium plugin v26.1 (Yoast SEO v27.3) - https:\/\/yoast.com\/product\/yoast-seo-premium-wordpress\/ -->\n<title>Chantal Kasper ist neue Head of Marketing bei dem Online-Fertiger FACTUREE | FACTUREE \u2013 Der Online-Fertiger<\/title>\n<meta name=\"description\" content=\"Erfahrene Marketing-Expertin \u00fcbernimmt Aufgaben von Benjamin Schwab\" \/>\n<meta name=\"robots\" content=\"index, follow, max-snippet:-1, max-image-preview:large, max-video-preview:-1\" \/>\n<link rel=\"canonical\" href=\"https:\/\/www.facturee.de\/it\/chantal-kasper-e-la-nuova-responsabile-del-marketing-di-facturee-il-produttore-online\/\" \/>\n<meta property=\"og:locale\" content=\"it_IT\" \/>\n<meta property=\"og:type\" content=\"article\" \/>\n<meta property=\"og:title\" content=\"Chantal Kasper ist neue Head of Marketing bei dem Online-Fertiger FACTUREE\" \/>\n<meta property=\"og:description\" content=\"Erfahrene Marketing-Expertin \u00fcbernimmt Aufgaben von Benjamin Schwab\" \/>\n<meta property=\"og:url\" content=\"https:\/\/www.facturee.de\/it\/chantal-kasper-e-la-nuova-responsabile-del-marketing-di-facturee-il-produttore-online\/\" \/>\n<meta property=\"og:site_name\" content=\"FACTUREE\" \/>\n<meta property=\"article:publisher\" content=\"https:\/\/www.facebook.com\/FACTUREE\/\" \/>\n<meta property=\"article:published_time\" content=\"2024-01-24T23:01:00+00:00\" \/>\n<meta property=\"article:modified_time\" content=\"2025-05-15T15:52:25+00:00\" \/>\n<meta property=\"og:image\" content=\"https:\/\/www.facturee.de\/wp-content\/uploads\/ChantalKasper-1034-Bearbeit.webp\" \/>\n\t<meta property=\"og:image:width\" content=\"1200\" \/>\n\t<meta property=\"og:image:height\" content=\"783\" \/>\n\t<meta property=\"og:image:type\" content=\"image\/jpeg\" \/>\n<meta name=\"author\" content=\"Benjamin Schwab\" \/>\n<meta name=\"twitter:card\" content=\"summary_large_image\" \/>\n<meta name=\"twitter:creator\" content=\"@FACTUREE_de\" \/>\n<meta name=\"twitter:site\" content=\"@FACTUREE_de\" \/>\n<script type=\"application\/ld+json\" class=\"yoast-schema-graph\">{\"@context\":\"https:\\\/\\\/schema.org\",\"@graph\":[{\"@type\":\"Article\",\"@id\":\"https:\\\/\\\/www.facturee.de\\\/chantal-kasper-ist-neue-head-of-marketing-bei-dem-online-fertiger-facturee\\\/#article\",\"isPartOf\":{\"@id\":\"https:\\\/\\\/www.facturee.de\\\/chantal-kasper-ist-neue-head-of-marketing-bei-dem-online-fertiger-facturee\\\/\"},\"author\":{\"name\":\"Benjamin Schwab\",\"@id\":\"https:\\\/\\\/www.facturee.de\\\/#\\\/schema\\\/person\\\/0bbb3d9ad0b5f2f81199c7c636b85a80\"},\"headline\":\"Chantal Kasper ist neue Head of Marketing bei dem Online-Fertiger FACTUREE\",\"datePublished\":\"2024-01-24T23:01:00+00:00\",\"dateModified\":\"2025-05-15T15:52:25+00:00\",\"mainEntityOfPage\":{\"@id\":\"https:\\\/\\\/www.facturee.de\\\/chantal-kasper-ist-neue-head-of-marketing-bei-dem-online-fertiger-facturee\\\/\"},\"wordCount\":473,\"publisher\":{\"@id\":\"https:\\\/\\\/www.facturee.de\\\/#organization\"},\"image\":{\"@id\":\"https:\\\/\\\/www.facturee.de\\\/chantal-kasper-ist-neue-head-of-marketing-bei-dem-online-fertiger-facturee\\\/#primaryimage\"},\"thumbnailUrl\":\"https:\\\/\\\/www.facturee.de\\\/wp-content\\\/uploads\\\/ChantalKasper-1034-Bearbeit.webp\",\"articleSection\":[\"Pressemitteilungen\"],\"inLanguage\":\"it-IT\"},{\"@type\":\"WebPage\",\"@id\":\"https:\\\/\\\/www.facturee.de\\\/chantal-kasper-ist-neue-head-of-marketing-bei-dem-online-fertiger-facturee\\\/\",\"url\":\"https:\\\/\\\/www.facturee.de\\\/chantal-kasper-ist-neue-head-of-marketing-bei-dem-online-fertiger-facturee\\\/\",\"name\":\"Chantal Kasper ist neue Head of Marketing bei dem Online-Fertiger FACTUREE | FACTUREE \u2013 Der Online-Fertiger\",\"isPartOf\":{\"@id\":\"https:\\\/\\\/www.facturee.de\\\/#website\"},\"primaryImageOfPage\":{\"@id\":\"https:\\\/\\\/www.facturee.de\\\/chantal-kasper-ist-neue-head-of-marketing-bei-dem-online-fertiger-facturee\\\/#primaryimage\"},\"image\":{\"@id\":\"https:\\\/\\\/www.facturee.de\\\/chantal-kasper-ist-neue-head-of-marketing-bei-dem-online-fertiger-facturee\\\/#primaryimage\"},\"thumbnailUrl\":\"https:\\\/\\\/www.facturee.de\\\/wp-content\\\/uploads\\\/ChantalKasper-1034-Bearbeit.webp\",\"datePublished\":\"2024-01-24T23:01:00+00:00\",\"dateModified\":\"2025-05-15T15:52:25+00:00\",\"description\":\"Erfahrene Marketing-Expertin \u00fcbernimmt Aufgaben von Benjamin Schwab\",\"breadcrumb\":{\"@id\":\"https:\\\/\\\/www.facturee.de\\\/chantal-kasper-ist-neue-head-of-marketing-bei-dem-online-fertiger-facturee\\\/#breadcrumb\"},\"inLanguage\":\"it-IT\",\"potentialAction\":[{\"@type\":\"ReadAction\",\"target\":[\"https:\\\/\\\/www.facturee.de\\\/chantal-kasper-ist-neue-head-of-marketing-bei-dem-online-fertiger-facturee\\\/\"]}]},{\"@type\":\"ImageObject\",\"inLanguage\":\"it-IT\",\"@id\":\"https:\\\/\\\/www.facturee.de\\\/chantal-kasper-ist-neue-head-of-marketing-bei-dem-online-fertiger-facturee\\\/#primaryimage\",\"url\":\"https:\\\/\\\/www.facturee.de\\\/wp-content\\\/uploads\\\/ChantalKasper-1034-Bearbeit.webp\",\"contentUrl\":\"https:\\\/\\\/www.facturee.de\\\/wp-content\\\/uploads\\\/ChantalKasper-1034-Bearbeit.webp\",\"width\":1200,\"height\":783,\"caption\":\"Head of Marketing - Chantal Kasper\"},{\"@type\":\"BreadcrumbList\",\"@id\":\"https:\\\/\\\/www.facturee.de\\\/chantal-kasper-ist-neue-head-of-marketing-bei-dem-online-fertiger-facturee\\\/#breadcrumb\",\"itemListElement\":[{\"@type\":\"ListItem\",\"position\":1,\"name\":\"Startseite\",\"item\":\"https:\\\/\\\/www.facturee.de\\\/\"},{\"@type\":\"ListItem\",\"position\":2,\"name\":\"Chantal Kasper ist neue Head of Marketing bei dem Online-Fertiger FACTUREE\"}]},{\"@type\":\"WebSite\",\"@id\":\"https:\\\/\\\/www.facturee.de\\\/#website\",\"url\":\"https:\\\/\\\/www.facturee.de\\\/\",\"name\":\"FACTUREE\",\"description\":\"Der Online-Fertiger\",\"publisher\":{\"@id\":\"https:\\\/\\\/www.facturee.de\\\/#organization\"},\"potentialAction\":[{\"@type\":\"SearchAction\",\"target\":{\"@type\":\"EntryPoint\",\"urlTemplate\":\"https:\\\/\\\/www.facturee.de\\\/?s={search_term_string}\"},\"query-input\":{\"@type\":\"PropertyValueSpecification\",\"valueRequired\":true,\"valueName\":\"search_term_string\"}}],\"inLanguage\":\"it-IT\"},{\"@type\":\"Organization\",\"@id\":\"https:\\\/\\\/www.facturee.de\\\/#organization\",\"name\":\"FACTUREE - Der Online Fertiger\",\"alternateName\":\"FACTUREE - der Online-Fertiger\",\"url\":\"https:\\\/\\\/www.facturee.de\\\/\",\"logo\":{\"@type\":\"ImageObject\",\"inLanguage\":\"it-IT\",\"@id\":\"https:\\\/\\\/www.facturee.de\\\/#\\\/schema\\\/logo\\\/image\\\/\",\"url\":\"https:\\\/\\\/www.facturee.de\\\/wp-content\\\/uploads\\\/facturee-2000px.webp\",\"contentUrl\":\"https:\\\/\\\/www.facturee.de\\\/wp-content\\\/uploads\\\/facturee-2000px.webp\",\"width\":2000,\"height\":470,\"caption\":\"FACTUREE - Der Online Fertiger\"},\"image\":{\"@id\":\"https:\\\/\\\/www.facturee.de\\\/#\\\/schema\\\/logo\\\/image\\\/\"},\"sameAs\":[\"https:\\\/\\\/www.facebook.com\\\/FACTUREE\\\/\",\"https:\\\/\\\/x.com\\\/FACTUREE_de\",\"https:\\\/\\\/www.linkedin.com\\\/company\\\/12655397\\\/admin\\\/feed\\\/posts\\\/\",\"https:\\\/\\\/www.xing.com\\\/pages\\\/facturee-deronline-fertiger\"],\"email\":\"info@facturee.de\",\"telephone\":\"03062939390\",\"numberOfEmployees\":{\"@type\":\"QuantitativeValue\",\"minValue\":\"51\",\"maxValue\":\"200\"}},{\"@type\":\"Person\",\"@id\":\"https:\\\/\\\/www.facturee.de\\\/#\\\/schema\\\/person\\\/0bbb3d9ad0b5f2f81199c7c636b85a80\",\"name\":\"Benjamin Schwab\",\"image\":{\"@type\":\"ImageObject\",\"inLanguage\":\"it-IT\",\"@id\":\"https:\\\/\\\/secure.gravatar.com\\\/avatar\\\/a7b423e9625fc02bd0ed9cc8d15896c6856aec670a97914e85289177328cd384?s=96&d=mm&r=g\",\"url\":\"https:\\\/\\\/secure.gravatar.com\\\/avatar\\\/a7b423e9625fc02bd0ed9cc8d15896c6856aec670a97914e85289177328cd384?s=96&d=mm&r=g\",\"contentUrl\":\"https:\\\/\\\/secure.gravatar.com\\\/avatar\\\/a7b423e9625fc02bd0ed9cc8d15896c6856aec670a97914e85289177328cd384?s=96&d=mm&r=g\",\"caption\":\"Benjamin Schwab\"}}]}<\/script>\n<!-- \/ Yoast SEO Premium plugin. -->","yoast_head_json":{"title":"Chantal Kasper \u00e8 la nuova responsabile del marketing di FACTUREE \u2013 Il Produttore Online | FACTUREE \u2013 Il Produttore Online","description":"Una professionista esperta di marketing subentra al posto di Benjamin Schwab","robots":{"index":"index","follow":"follow","max-snippet":"max-snippet:-1","max-image-preview":"max-image-preview:large","max-video-preview":"max-video-preview:-1"},"canonical":"https:\/\/www.facturee.de\/it\/chantal-kasper-e-la-nuova-responsabile-del-marketing-di-facturee-il-produttore-online\/","og_locale":"it_IT","og_type":"article","og_title":"Chantal Kasper ist neue Head of Marketing bei dem Online-Fertiger FACTUREE","og_description":"Erfahrene Marketing-Expertin \u00fcbernimmt Aufgaben von Benjamin Schwab","og_url":"https:\/\/www.facturee.de\/it\/chantal-kasper-e-la-nuova-responsabile-del-marketing-di-facturee-il-produttore-online\/","og_site_name":"FACTUREE","article_publisher":"https:\/\/www.facebook.com\/FACTUREE\/","article_published_time":"2024-01-24T23:01:00+00:00","article_modified_time":"2025-05-15T15:52:25+00:00","og_image":[{"width":1200,"height":783,"url":"https:\/\/www.facturee.de\/wp-content\/uploads\/ChantalKasper-1034-Bearbeit.webp","type":"image\/jpeg"}],"author":"Benjamin Schwab","twitter_card":"summary_large_image","twitter_creator":"@FACTUREE_de","twitter_site":"@FACTUREE_de","schema":{"@context":"https:\/\/schema.org","@graph":[{"@type":"Article","@id":"https:\/\/www.facturee.de\/chantal-kasper-ist-neue-head-of-marketing-bei-dem-online-fertiger-facturee\/#article","isPartOf":{"@id":"https:\/\/www.facturee.de\/chantal-kasper-ist-neue-head-of-marketing-bei-dem-online-fertiger-facturee\/"},"author":{"name":"Benjamin Schwab","@id":"https:\/\/www.facturee.de\/#\/schema\/person\/0bbb3d9ad0b5f2f81199c7c636b85a80"},"headline":"Chantal Kasper ist neue Head of Marketing bei dem Online-Fertiger FACTUREE","datePublished":"2024-01-24T23:01:00+00:00","dateModified":"2025-05-15T15:52:25+00:00","mainEntityOfPage":{"@id":"https:\/\/www.facturee.de\/chantal-kasper-ist-neue-head-of-marketing-bei-dem-online-fertiger-facturee\/"},"wordCount":473,"publisher":{"@id":"https:\/\/www.facturee.de\/#organization"},"image":{"@id":"https:\/\/www.facturee.de\/chantal-kasper-ist-neue-head-of-marketing-bei-dem-online-fertiger-facturee\/#primaryimage"},"thumbnailUrl":"https:\/\/www.facturee.de\/wp-content\/uploads\/ChantalKasper-1034-Bearbeit.webp","articleSection":["Pressemitteilungen"],"inLanguage":"it-IT"},{"@type":"WebPage","@id":"https:\/\/www.facturee.de\/chantal-kasper-ist-neue-head-of-marketing-bei-dem-online-fertiger-facturee\/","url":"https:\/\/www.facturee.de\/chantal-kasper-ist-neue-head-of-marketing-bei-dem-online-fertiger-facturee\/","name":"Chantal Kasper \u00e8 la nuova responsabile del marketing di FACTUREE \u2013 Il Produttore Online | FACTUREE \u2013 Il Produttore Online","isPartOf":{"@id":"https:\/\/www.facturee.de\/#website"},"primaryImageOfPage":{"@id":"https:\/\/www.facturee.de\/chantal-kasper-ist-neue-head-of-marketing-bei-dem-online-fertiger-facturee\/#primaryimage"},"image":{"@id":"https:\/\/www.facturee.de\/chantal-kasper-ist-neue-head-of-marketing-bei-dem-online-fertiger-facturee\/#primaryimage"},"thumbnailUrl":"https:\/\/www.facturee.de\/wp-content\/uploads\/ChantalKasper-1034-Bearbeit.webp","datePublished":"2024-01-24T23:01:00+00:00","dateModified":"2025-05-15T15:52:25+00:00","description":"Una professionista esperta di marketing subentra al posto di Benjamin Schwab","breadcrumb":{"@id":"https:\/\/www.facturee.de\/chantal-kasper-ist-neue-head-of-marketing-bei-dem-online-fertiger-facturee\/#breadcrumb"},"inLanguage":"it-IT","potentialAction":[{"@type":"ReadAction","target":["https:\/\/www.facturee.de\/chantal-kasper-ist-neue-head-of-marketing-bei-dem-online-fertiger-facturee\/"]}]},{"@type":"ImageObject","inLanguage":"it-IT","@id":"https:\/\/www.facturee.de\/chantal-kasper-ist-neue-head-of-marketing-bei-dem-online-fertiger-facturee\/#primaryimage","url":"https:\/\/www.facturee.de\/wp-content\/uploads\/ChantalKasper-1034-Bearbeit.webp","contentUrl":"https:\/\/www.facturee.de\/wp-content\/uploads\/ChantalKasper-1034-Bearbeit.webp","width":1200,"height":783,"caption":"Head of Marketing - Chantal Kasper"},{"@type":"BreadcrumbList","@id":"https:\/\/www.facturee.de\/chantal-kasper-ist-neue-head-of-marketing-bei-dem-online-fertiger-facturee\/#breadcrumb","itemListElement":[{"@type":"ListItem","position":1,"name":"Startseite","item":"https:\/\/www.facturee.de\/"},{"@type":"ListItem","position":2,"name":"Chantal Kasper ist neue Head of Marketing bei dem Online-Fertiger FACTUREE"}]},{"@type":"WebSite","@id":"https:\/\/www.facturee.de\/#website","url":"https:\/\/www.facturee.de\/","name":"FACTUREE","description":"Il Produttore Online","publisher":{"@id":"https:\/\/www.facturee.de\/#organization"},"potentialAction":[{"@type":"SearchAction","target":{"@type":"EntryPoint","urlTemplate":"https:\/\/www.facturee.de\/?s={search_term_string}"},"query-input":{"@type":"PropertyValueSpecification","valueRequired":true,"valueName":"search_term_string"}}],"inLanguage":"it-IT"},{"@type":"Organization","@id":"https:\/\/www.facturee.de\/#organization","name":"FACTUREE - La finitrice online","alternateName":"FACTUREE - der Online-Fertiger","url":"https:\/\/www.facturee.de\/","logo":{"@type":"ImageObject","inLanguage":"it-IT","@id":"https:\/\/www.facturee.de\/#\/schema\/logo\/image\/","url":"https:\/\/www.facturee.de\/wp-content\/uploads\/facturee-2000px.webp","contentUrl":"https:\/\/www.facturee.de\/wp-content\/uploads\/facturee-2000px.webp","width":2000,"height":470,"caption":"FACTUREE - Der Online Fertiger"},"image":{"@id":"https:\/\/www.facturee.de\/#\/schema\/logo\/image\/"},"sameAs":["https:\/\/www.facebook.com\/FACTUREE\/","https:\/\/x.com\/FACTUREE_de","https:\/\/www.linkedin.com\/company\/12655397\/admin\/feed\/posts\/","https:\/\/www.xing.com\/pages\/facturee-deronline-fertiger"],"email":"info@facturee.de","telephone":"03062939390","numberOfEmployees":{"@type":"QuantitativeValue","minValue":"51","maxValue":"200"}},{"@type":"Person","@id":"https:\/\/www.facturee.de\/#\/schema\/person\/0bbb3d9ad0b5f2f81199c7c636b85a80","name":"Benjamin Schwab","image":{"@type":"ImageObject","inLanguage":"it-IT","@id":"https:\/\/secure.gravatar.com\/avatar\/a7b423e9625fc02bd0ed9cc8d15896c6856aec670a97914e85289177328cd384?s=96&d=mm&r=g","url":"https:\/\/secure.gravatar.com\/avatar\/a7b423e9625fc02bd0ed9cc8d15896c6856aec670a97914e85289177328cd384?s=96&d=mm&r=g","contentUrl":"https:\/\/secure.gravatar.com\/avatar\/a7b423e9625fc02bd0ed9cc8d15896c6856aec670a97914e85289177328cd384?s=96&d=mm&r=g","caption":"Benjamin Schwab"}}]}},"_links":{"self":[{"href":"https:\/\/www.facturee.de\/it\/wp-json\/wp\/v2\/posts\/25576","targetHints":{"allow":["GET"]}}],"collection":[{"href":"https:\/\/www.facturee.de\/it\/wp-json\/wp\/v2\/posts"}],"about":[{"href":"https:\/\/www.facturee.de\/it\/wp-json\/wp\/v2\/types\/post"}],"author":[{"embeddable":true,"href":"https:\/\/www.facturee.de\/it\/wp-json\/wp\/v2\/users\/3"}],"replies":[{"embeddable":true,"href":"https:\/\/www.facturee.de\/it\/wp-json\/wp\/v2\/comments?post=25576"}],"version-history":[{"count":0,"href":"https:\/\/www.facturee.de\/it\/wp-json\/wp\/v2\/posts\/25576\/revisions"}],"wp:featuredmedia":[{"embeddable":true,"href":"https:\/\/www.facturee.de\/it\/wp-json\/wp\/v2\/media\/25580"}],"wp:attachment":[{"href":"https:\/\/www.facturee.de\/it\/wp-json\/wp\/v2\/media?parent=25576"}],"wp:term":[{"taxonomy":"category","embeddable":true,"href":"https:\/\/www.facturee.de\/it\/wp-json\/wp\/v2\/categories?post=25576"},{"taxonomy":"post_tag","embeddable":true,"href":"https:\/\/www.facturee.de\/it\/wp-json\/wp\/v2\/tags?post=25576"}],"curies":[{"name":"wp","href":"https:\/\/api.w.org\/{rel}","templated":true}]}}